{"id":8179,"date":"2025-08-18T20:46:07","date_gmt":"2025-08-18T20:46:07","guid":{"rendered":"https:\/\/www.europesays.com\/se\/8179\/"},"modified":"2025-08-18T20:46:07","modified_gmt":"2025-08-18T20:46:07","slug":"allsvenskan-varnamo-sankte-degefors-i-bottenmotet","status":"publish","type":"post","link":"https:\/\/www.europesays.com\/se\/8179\/","title":{"rendered":"Allsvenskan \u2022 V\u00e4rnamo s\u00e4nkte Degefors i bottenm\u00f6tet"},"content":{"rendered":"<p>Publicerad 18 aug 2025 kl 20.57Uppdaterad kl 22.06<\/p>\n<p>En \u00e5tta timmar och tio minuter l\u00e5ng svit tog slut \u2013 f\u00f6rg\u00e4ves.<\/p>\n<p>F\u00f6r efter 90 minuters speltid hade IFK V\u00e4rnamo trots allt besegrat Degerfors som nu inte vunnit p\u00e5 tre m\u00e5nader.<\/p>\n<p>\u2013 Det \u00e4r patetiskt, s\u00e4ger Daniel Sundren i HBO Max.<\/p>\n<p><img loading=\"lazy\"   alt=\"\"\/><\/p>\n<p>Marcus Antonsson satte matchavg\u00f6rande 3\u20132 mot Degerfors.<\/p>\n<p>Foto: MATHIAS BERGELD \/ BILDBYR\u00c5N<\/p>\n<p><img loading=\"lazy\"   alt=\"\"\/> <\/p>\n<p>Foto: Mikael Fritzon\/TT \/ MIKAEL FRITZON \/ TT NYHETSBYR\u00c5N<\/p>\n<p>Det blev ingen munter kv\u00e4ll f\u00f6r Henok Goitoms lag.\u00a0<\/p>\n<p>F\u00f6r trots att Sebastian Ohlsson brutit lagets fem matcher l\u00e5nga m\u00e5ltorka med sin 1\u20131-kvittering och Daniel Sundgren sett ut att kanske r\u00e4dda po\u00e4ng med ett klassm\u00e5l till 2\u20132 p\u00e5 frispark f\u00f6ll Degerfors.<\/p>\n<p>Men i och med att laget redan hamnat i ett tidigt underl\u00e4ge var Sundgren kritisk till hur laget hanterade matchen som slutade med f\u00f6rlust.<\/p>\n<p>\u2013 De f\u00e5r en on\u00f6digt straff \u00e5terigen. Vi n\u00e4mner inga namn\u2026 men n\u00e4r det h\u00e4nder g\u00e5ng p\u00e5 g\u00e5ng b\u00f6rjar man undra om det \u00e4r r\u00e4tt. Jag \u00e4r besviken, det \u00e4r b\u00e4ttre att jag inte s\u00e4ger n\u00e5gonting. Det kommer flyga grodor fr\u00e5n mig, s\u00e4ger han i HBO Max.<\/p>\n<p>Inhopparen r\u00e4ddade V\u00e4rnamo<\/p>\n<p>F\u00f6r i slut\u00e4ndan hade Ajdin Zeljkovic satt 1\u20130 p\u00e5 straff, Rufai Mohammed gjort 2\u20131 och till sist Marcus Antonsson hittat avgjort till 3\u20132 f\u00f6r <a href=\"https:\/\/www.expressen.se\/tagg\/organization\/ifk-varnamo\/\" class=\"\" rel=\"nofollow noopener\" target=\"_blank\">IFK V\u00e4rnamo<\/a>. Den sistn\u00e4mnda anfallsveteranen blev s\u00e5ledes hj\u00e4lte i minut 77, efter att ha hoppat in i paus.<\/p>\n<p>\u2013 Hoppet lever. F\u00f6rlorar vi i dag \u00e4r det otroligt tungt. Nu \u00e4r vi med\u2026 vi kommer jaga hela v\u00e4gen in, s\u00e4ger Antonsson.<\/p>\n<p><img loading=\"lazy\"   alt=\"\"\/><\/p>\n<p>Daniel Sundgren var irriterad efter slutvisslan.<\/p>\n<p>Foto: HBO Max<\/p>\n<p><img loading=\"lazy\"   alt=\"\"\/> <\/p>\n<p>Foto: MATHIAS BERGELD \/ BILDBYR\u00c5N<\/p>\n<p>D\u00e4rmed inkasserade n\u00e4stjumbon Degerfors sin elfte match i rad utan seger (den f\u00f6rra kom 15 maj) och jumbon V\u00e4rnamo vann f\u00f6r andra g\u00e5ngen i \u00e5r.\u00a0<\/p>\n<p>S\u00e5gningen: \u201dKatastrofalt\u201d<\/p>\n<p>Daniel Sundgren, Degerfors veteran, s\u00e5gade lagets insats.<\/p>\n<p>\u2013 Enorm besvikelse. Tv\u00e5 d\u00e5liga lag. Defensivt \u00e4r vi under all kritik. Kolla bara p\u00e5 m\u00e5len vi sl\u00e4pper in\u2026 vi \u00e4r ett pack juniorer. Vi tror att vi \u00e4r j\u00e4ttesk\u00f6na, vi \u00e5ker mot tabelljumbon p\u00e5 bortaplan och tror vi \u00e4r b\u00e4ttre. Vi \u00e4r s\u00e4mre, s\u00e4ger han och forts\u00e4tter:<\/p>\n<p>\u2013 Det \u00e4r en niopo\u00e4ngsmatch\u2026 det \u00e4r patetiskt.<\/p>\n<p>Sitt fina m\u00e5l gav han inte mycket f\u00f6r<\/p>\n<p>\u2013 Det spelar ingen roll, jag ska sitta p\u00e5 en buss och ruttna. Det \u00e4r bara katastrofalt d\u00e5ligt.<\/p>\n<p>Kellogs-j\u00e4mf\u00f6relsen: \u201dSk\u00e4ms\u201d<\/p>\n<p>\u00c4ven i lokaltidningen en stund senare dundrade Sundgren vidare.<\/p>\n<p>\u2013 Jag sk\u00e4ms som en hund, s\u00e4ger han till <a href=\"https:\/\/www.kt-kuriren.se\/2025\/08\/18\/daniel-sundgrens-jattesagning-efter-forlusten-jag-skams-som-en-hund-a75d6\/\" rel=\"nofollow noopener\" target=\"_blank\">KT-kuriren<\/a>.<\/p>\n<p>\u2013 Det \u00e4r bara att inse. Vi m\u00e5ste bli mer vuxna. Man kan inte heller hoppa in och springa mindre \u00e4n en annan. Jag \u00e4r 35 \u00e5r och springer dubbelt s\u00e5 mycket. Min karri\u00e4r \u00e4r snart slut. Jag bryr mig inte om den egna karri\u00e4ren l\u00e4ngre. Nu f\u00e5r vissa 18\u201319-\u00e5ringar chansen och beter sig som de g\u00f6r. Jag kan inte f\u00f6rst\u00e5. De tror att de ska hitta ett proffskontrakt i n\u00e5got Kellogspaket. Det st\u00f6r mig riktigt mycket.<\/p>\n<p>Resultatet inneb\u00e4r att de sistn\u00e4mnda nu knappar in i botten d\u00e4r lagen parkerar som allsvenskans tv\u00e5 s\u00e4mst placerade lag.<\/p>\n","protected":false},"excerpt":{"rendered":"Publicerad 18 aug 2025 kl 20.57Uppdaterad kl 22.06 En \u00e5tta timmar och tio minuter l\u00e5ng svit tog slut&hellip;\n","protected":false},"author":2,"featured_media":8180,"comment_status":"","ping_status":"","sticky":false,"template":"","format":"standard","meta":{"footnotes":""},"categories":[5],"tags":[22,23,26,27,17,21,24,25,28,29,15,16,555,1235,606,18,34,130,129,31,33,32,30,19,20],"class_list":{"0":"post-8179","1":"post","2":"type-post","3":"status-publish","4":"format-standard","5":"has-post-thumbnail","7":"category-rubriker","8":"tag-breaking-news","9":"tag-breakingnews","10":"tag-featured-news","11":"tag-featurednews","12":"tag-headlines","13":"tag-huvudnyheter","14":"tag-latest-news","15":"tag-latestnews","16":"tag-main-news","17":"tag-mainnews","18":"tag-news","19":"tag-nyheter","20":"tag-organization-allsvenskan","21":"tag-organization-degerfors-if","22":"tag-organization-ifk-varnamo","23":"tag-rubriker","24":"tag-se","25":"tag-sections-allsvenskan","26":"tag-sections-fotboll","27":"tag-svenska","28":"tag-sverige","29":"tag-sweden","30":"tag-swedish","31":"tag-top-stories","32":"tag-topstories"},"share_on_mastodon":{"url":"","error":""},"_links":{"self":[{"href":"https:\/\/www.europesays.com\/se\/wp-json\/wp\/v2\/posts\/8179","targetHints":{"allow":["GET"]}}],"collection":[{"href":"https:\/\/www.europesays.com\/se\/wp-json\/wp\/v2\/posts"}],"about":[{"href":"https:\/\/www.europesays.com\/se\/wp-json\/wp\/v2\/types\/post"}],"author":[{"embeddable":true,"href":"https:\/\/www.europesays.com\/se\/wp-json\/wp\/v2\/users\/2"}],"replies":[{"embeddable":true,"href":"https:\/\/www.europesays.com\/se\/wp-json\/wp\/v2\/comments?post=8179"}],"version-history":[{"count":0,"href":"https:\/\/www.europesays.com\/se\/wp-json\/wp\/v2\/posts\/8179\/revisions"}],"wp:featuredmedia":[{"embeddable":true,"href":"https:\/\/www.europesays.com\/se\/wp-json\/wp\/v2\/media\/8180"}],"wp:attachment":[{"href":"https:\/\/www.europesays.com\/se\/wp-json\/wp\/v2\/media?parent=8179"}],"wp:term":[{"taxonomy":"category","embeddable":true,"href":"https:\/\/www.europesays.com\/se\/wp-json\/wp\/v2\/categories?post=8179"},{"taxonomy":"post_tag","embeddable":true,"href":"https:\/\/www.europesays.com\/se\/wp-json\/wp\/v2\/tags?post=8179"}],"curies":[{"name":"wp","href":"https:\/\/api.w.org\/{rel}","templated":true}]}}