{"id":81800,"date":"2025-11-16T05:37:07","date_gmt":"2025-11-16T05:37:07","guid":{"rendered":"https:\/\/www.europesays.com\/se\/81800\/"},"modified":"2025-11-16T05:37:07","modified_gmt":"2025-11-16T05:37:07","slug":"olight-lanserar-uppgraderad-marauder-mini-2-ficklampa-med-20-hogre-effekt","status":"publish","type":"post","link":"https:\/\/www.europesays.com\/se\/81800\/","title":{"rendered":"Olight lanserar uppgraderad Marauder Mini 2 ficklampa med 20% h\u00f6gre effekt"},"content":{"rendered":"<p class=\"bodytext\">Olight har officiellt tillk\u00e4nnagivit Marauder Mini 2. Den h\u00e4r nya ficklampan har fyra olika ljusk\u00e4llor, varav vissa kan anv\u00e4ndas tillsammans. I j\u00e4mf\u00f6relse med EDC-ficklampor \u00e4r Marauder Mini 2 definitivt mycket st\u00f6rre. Den b\u00e4r &#8221;mini&#8221; moniker eftersom det finns en \u00e4nnu st\u00f6rre version av Marauder, som inte har uppdaterats \u00e4nnu. Ist\u00e4llet anv\u00e4nder Marauder 2 en liknande formfaktor men \u00e4r mycket tjock.&#13;<\/p>\n<p class=\"bodytext\">Med en l\u00e4ngd p\u00e5 ca 5,1 tum \u00e4r Mini 2 fortfarande n\u00e5gorlunda j\u00e4mf\u00f6rbar med kompakta ficklampor. Kroppen \u00e4r mer \u00e4n 1,6 tum i diameter, medan huvudet m\u00e4ter 2,6 tum. Den drivs av ett utbytbart 32650-batteri med en kapacitet p\u00e5 cirka 28 Wh. Det \u00e4r betydligt mer \u00e4n ett 21700-batteri, \u00e4ven om gapet har minskat eftersom vissa 21700-celler nu har en mycket h\u00f6g energit\u00e4thet.<\/p>\n<p class=\"bodytext\">Hur som helst, batteriet kan laddas via tv\u00e5 olika portar. Det finns en ny USB-C-port som t\u00e4cks av en skjutbar flik, men ficklampan har fortfarande den magnetiska MCC-porten. Det inneb\u00e4r att den som redan har en docka f\u00f6r flera MCC-ficklampor eller planerar att k\u00f6pa nya Ostation 2 Pro ocks\u00e5 kan ladda Marauder Mini utan att koppla in den. Den nya Olight-ficklampan v\u00e4ger dock mer \u00e4n 16 oz, s\u00e5 den \u00e4r ganska tung och magnetkontakten \u00e4r inte tillr\u00e4ckligt stark f\u00f6r att h\u00e5lla Marauder Mini 2 p\u00e5 plats. \u00c5 andra sidan har ficklampan en IPX8-certifiering.<\/p>\n<p class=\"bodytext\">Prestanda beror p\u00e5 ljusk\u00e4llan, och Mini 2 har totalt fyra. Det finns tv\u00e5 LED-lampor som avger r\u00f6tt ljus med 1 till 400 lumen. Dessa ing\u00e5r i en 12 LED-ring med tio vita lysdioder som ger en str\u00e5lkastare med 0,5 till 10000 lumen. Dessutom finns det en central LED som ger en str\u00e5le med 1,5 till 1350 lumen och upp till 820 meters kastl\u00e4ngd. Sedan finns det ett sidoljus som kan komma till nytta n\u00e4r ficklampan st\u00e4lls uppr\u00e4tt med huvudet upp\u00e5t. J\u00e4mf\u00f6rt med den tidigare modellen har effekten \u00f6kat med ungef\u00e4r 20%.<\/p>\n<p class=\"bodytext\">Eftersom det finns m\u00e5nga inst\u00e4llningar finns det stora skillnader n\u00e4r det g\u00e4ller batteritid. Mer specifikt r\u00e4cker ficklampan bara 2 till 4 minuter i de extrema l\u00e4gena, varefter Marauder Mini 2 dimmas till en l\u00e4gre niv\u00e5. M\u00e5nljus-, str\u00e5lkastar- och spotlight-l\u00e4gena r\u00e4cker mellan 50 och 95 dagar, medan sidoljuset r\u00e4cker upp till 150 dagar i den l\u00e4gsta inst\u00e4llningen. F\u00f6r mer specifika drifttider rekommenderar vi att du kollar in Olights <a href=\"https:\/\/cdn.olightstore.com\/file\/marauder-mini-2-user-manual.pdf\" target=\"_blank\" class=\"external-link-new-window\" rel=\"nofollow noopener\">PDF-manual<\/a>.<\/p>\n<p class=\"bodytext\">Ficklampan har flera reglage, bl.a. en vridknapp, en v\u00e4ljare p\u00e5 vridknappen som kan skjutas i sidled och en skjutknapp som styr str\u00e5lkastare, spotlight och kombinerat l\u00e4ge. Det senare fungerar inte n\u00e4r det r\u00f6da ljuset eller sidoljuset \u00e4r t\u00e4nt. Den roterande ratten fungerar ocks\u00e5 som str\u00f6mbrytare.<\/p>\n<p class=\"bodytext\">Som vanligt ger Olight en lanseringsrabatt p\u00e5 sin senaste ficklampa. Det kostar f\u00f6r n\u00e4rvarande <a href=\"https:\/\/www.olight.com\/store\/marauder-mini-2-compact-powerful-flashlight\" target=\"_blank\" class=\"external-link-new-window\" rel=\"nofollow noopener\">cirka $ 176<\/a> ist\u00e4llet f\u00f6r den vanliga MSRP p\u00e5 $ 219. Leveransen kommer att starta den 17 november. Olight Marauder Mini 2 finns i f\u00e4rgerna svart, bl\u00e5 och orange. En b\u00e4rv\u00e4ska ing\u00e5r i f\u00f6rpackningen, liksom en handledsrem som ocks\u00e5 fungerar som en USB-C-kabel.<\/p>\n","protected":false},"excerpt":{"rendered":"Olight har officiellt tillk\u00e4nnagivit Marauder Mini 2. Den h\u00e4r nya ficklampan har fyra olika ljusk\u00e4llor, varav vissa kan&hellip;\n","protected":false},"author":2,"featured_media":81801,"comment_status":"","ping_status":"","sticky":false,"template":"","format":"standard","meta":{"footnotes":""},"categories":[66],"tags":[7083,7682,7084,7684,7686,7685,7085,7683,80,78,79,34,31,33,32,30,81,84,83,82],"class_list":{"0":"post-81800","1":"post","2":"type-post","3":"status-publish","4":"format-standard","5":"has-post-thumbnail","7":"category-vetenskap-och-teknik","8":"tag-barbar-dator","9":"tag-ficklampa","10":"tag-laptop","11":"tag-marauder","12":"tag-marauder-mini","13":"tag-marauder-mini-2","14":"tag-notebook","15":"tag-olight","16":"tag-science","17":"tag-science-and-technology","18":"tag-scienceandtechnology","19":"tag-se","20":"tag-svenska","21":"tag-sverige","22":"tag-sweden","23":"tag-swedish","24":"tag-technology","25":"tag-teknik","26":"tag-vetenskap","27":"tag-vetenskapteknik"},"share_on_mastodon":{"url":"https:\/\/pubeurope.com\/@se\/115557763941052409","error":""},"_links":{"self":[{"href":"https:\/\/www.europesays.com\/se\/wp-json\/wp\/v2\/posts\/81800","targetHints":{"allow":["GET"]}}],"collection":[{"href":"https:\/\/www.europesays.com\/se\/wp-json\/wp\/v2\/posts"}],"about":[{"href":"https:\/\/www.europesays.com\/se\/wp-json\/wp\/v2\/types\/post"}],"author":[{"embeddable":true,"href":"https:\/\/www.europesays.com\/se\/wp-json\/wp\/v2\/users\/2"}],"replies":[{"embeddable":true,"href":"https:\/\/www.europesays.com\/se\/wp-json\/wp\/v2\/comments?post=81800"}],"version-history":[{"count":0,"href":"https:\/\/www.europesays.com\/se\/wp-json\/wp\/v2\/posts\/81800\/revisions"}],"wp:featuredmedia":[{"embeddable":true,"href":"https:\/\/www.europesays.com\/se\/wp-json\/wp\/v2\/media\/81801"}],"wp:attachment":[{"href":"https:\/\/www.europesays.com\/se\/wp-json\/wp\/v2\/media?parent=81800"}],"wp:term":[{"taxonomy":"category","embeddable":true,"href":"https:\/\/www.europesays.com\/se\/wp-json\/wp\/v2\/categories?post=81800"},{"taxonomy":"post_tag","embeddable":true,"href":"https:\/\/www.europesays.com\/se\/wp-json\/wp\/v2\/tags?post=81800"}],"curies":[{"name":"wp","href":"https:\/\/api.w.org\/{rel}","templated":true}]}}