{"id":81821,"date":"2025-11-16T05:57:29","date_gmt":"2025-11-16T05:57:29","guid":{"rendered":"https:\/\/www.europesays.com\/se\/81821\/"},"modified":"2025-11-16T05:57:29","modified_gmt":"2025-11-16T05:57:29","slug":"pts-granskar-hur-operatorer-formedlar-nodsamtal-till-112-efter-nedstangning-av-2g-och-3g-nat","status":"publish","type":"post","link":"https:\/\/www.europesays.com\/se\/81821\/","title":{"rendered":"PTS granskar hur operat\u00f6rer f\u00f6rmedlar n\u00f6dsamtal till 112 efter nedst\u00e4ngning av 2G- och 3G-n\u00e4t"},"content":{"rendered":"<p>&#13;<br \/>\n&#13;<br \/>\n            &#13;<br \/>\n&#13;<br \/>\n&#13;<\/p>\n<p class=\"lead\">&#13;<br \/>\n                Post- och telestyrelsen (PTS) inleder en skyndsam granskning av hur operat\u00f6rerna Tre, Telenor och Tele 2 f\u00f6rmedlar n\u00f6dsamtal efter att 2G- och 3G-n\u00e4ten st\u00e4ngts ner. Detta sedan PTS uppm\u00e4rksammats p\u00e5 allvarliga problem med vissa telefoner som inte kommer kunna kontakta 112 efter nedst\u00e4ngningen av 2G- och 3G-n\u00e4t.&#13;\n            <\/p>\n<p>&#13;<br \/>\n&#13;<br \/>\n            &#13;<\/p>\n<p>I december 2025 sker en nedst\u00e4ngning av 2G- och 3G-n\u00e4t. PTS f\u00f6ljer teknikskiftet n\u00e4ra och har haft ett flertal avst\u00e4mningar med operat\u00f6rerna.<\/p>\n<p>Nyligen fick PTS information om att kunder med vissa mobiltelefoner inte kommer kunna n\u00e5 n\u00f6dnumret 112 efter att 2G- och 3G-n\u00e4ten har st\u00e4ngts ner, trots att mobiltelefonerna anv\u00e4nder 4G. Enligt informationen kommer telefonerna kunna ringa vanliga samtal, men eventuellt inte kunna n\u00e5 n\u00f6dnumret 112 genom operat\u00f6rens egna n\u00e4t.<\/p>\n<p>Problematiken g\u00e4ller de operat\u00f6rer som st\u00e4nger ner 2G- och 3G-n\u00e4ten i december 2025.<\/p>\n<p>Viktigt med tillg\u00e5ng till n\u00f6dnumret<\/p>\n<p>Att allm\u00e4nheten har m\u00f6jlighet att kontakta samh\u00e4llets alarmeringstj\u00e4nst genom det gemensamma europeiska larmnumret 112 \u00e4r av avg\u00f6rande betydelse f\u00f6r tillg\u00e5ngen till r\u00e4ddningstj\u00e4nst och sjukv\u00e5rd i n\u00f6dsituationer. Situationen att ett v\u00e4sentligt antal slutanv\u00e4ndare inte kommer att kunna ringa r\u00f6stsamtal till 112 utan avbrott kan inneb\u00e4ra ett allvarligt hot mot allm\u00e4n s\u00e4kerhet och h\u00e4lsa samt kan orsaka allvarliga problem f\u00f6r anv\u00e4ndare av elektroniska kommunikationstj\u00e4nster.<\/p>\n<p>&#8211; Det \u00e4r mycket viktigt att kunna n\u00e5 n\u00f6dnumret 112. Vi ser s\u00e4rskilt allvarligt p\u00e5 risken att m\u00e4nniskor tror de har en fungerande telefonitj\u00e4nst, n\u00e4r det finns en risk att de inte kan n\u00e5 112. Vi f\u00f6rv\u00e4ntar oss att operat\u00f6rerna samverkar f\u00f6r att l\u00f6sa problemet och \u00e4r tydliga i sin kommunikation till kunderna. PTS \u00f6verv\u00e4ger ocks\u00e5 f\u00f6rel\u00e4gganden mot den eller de operat\u00f6rer som inte hanterar denna fr\u00e5ga ansvarsfullt inf\u00f6r nedst\u00e4ngningen av 2G- och 3G-n\u00e4t, s\u00e4ger Dan Sj\u00f6blom, generaldirekt\u00f6r PTS.<\/p>\n<p>Operat\u00f6rerna ska informera PTS<\/p>\n<p>Nu inleder PTS en granskning kring hur operat\u00f6rerna Telenor, Tele2 och Tre medverkar till att f\u00f6rmedla n\u00f6dkommunikation och lokaliseringsuppgifter. Operat\u00f6rerna ska bland annat redog\u00f6ra f\u00f6r hur m\u00e5nga abonnenter som omfattas av problemet, hur dessa informerats samt vilka \u00e5tg\u00e4rder som vidtas f\u00f6r att l\u00f6sa den uppkomna situationen.<\/p>\n<p>Operat\u00f6rerna ska \u00e5terkomma till PTS senast den 19 november.<\/p>\n<p>Fakta<\/p>\n<p>&#13;<\/p>\n<p>\u00a0<\/p>\n<p>&#13;<br \/>\n&#13;<\/p>\n<p>&#13;<br \/>\n                         Publicerades 2025-11-14&#13;\n                    <\/p>\n<p>&#13;<br \/>\n                         Internet och telefoni, S\u00e4kerhet och integritet&#13;\n                    <\/p>\n<p>            &#13;<\/p>\n","protected":false},"excerpt":{"rendered":"&#13; &#13; &#13; &#13; &#13; &#13; Post- och telestyrelsen (PTS) inleder en skyndsam granskning av hur operat\u00f6rerna Tre,&hellip;\n","protected":false},"author":2,"featured_media":81822,"comment_status":"","ping_status":"","sticky":false,"template":"","format":"standard","meta":{"footnotes":""},"categories":[5],"tags":[22,23,26,27,17,21,24,25,28,29,15,16,18,34,31,33,32,30,19,20],"class_list":{"0":"post-81821","1":"post","2":"type-post","3":"status-publish","4":"format-standard","5":"has-post-thumbnail","7":"category-rubriker","8":"tag-breaking-news","9":"tag-breakingnews","10":"tag-featured-news","11":"tag-featurednews","12":"tag-headlines","13":"tag-huvudnyheter","14":"tag-latest-news","15":"tag-latestnews","16":"tag-main-news","17":"tag-mainnews","18":"tag-news","19":"tag-nyheter","20":"tag-rubriker","21":"tag-se","22":"tag-svenska","23":"tag-sverige","24":"tag-sweden","25":"tag-swedish","26":"tag-top-stories","27":"tag-topstories"},"share_on_mastodon":{"url":"https:\/\/pubeurope.com\/@se\/115557842527818660","error":""},"_links":{"self":[{"href":"https:\/\/www.europesays.com\/se\/wp-json\/wp\/v2\/posts\/81821","targetHints":{"allow":["GET"]}}],"collection":[{"href":"https:\/\/www.europesays.com\/se\/wp-json\/wp\/v2\/posts"}],"about":[{"href":"https:\/\/www.europesays.com\/se\/wp-json\/wp\/v2\/types\/post"}],"author":[{"embeddable":true,"href":"https:\/\/www.europesays.com\/se\/wp-json\/wp\/v2\/users\/2"}],"replies":[{"embeddable":true,"href":"https:\/\/www.europesays.com\/se\/wp-json\/wp\/v2\/comments?post=81821"}],"version-history":[{"count":0,"href":"https:\/\/www.europesays.com\/se\/wp-json\/wp\/v2\/posts\/81821\/revisions"}],"wp:featuredmedia":[{"embeddable":true,"href":"https:\/\/www.europesays.com\/se\/wp-json\/wp\/v2\/media\/81822"}],"wp:attachment":[{"href":"https:\/\/www.europesays.com\/se\/wp-json\/wp\/v2\/media?parent=81821"}],"wp:term":[{"taxonomy":"category","embeddable":true,"href":"https:\/\/www.europesays.com\/se\/wp-json\/wp\/v2\/categories?post=81821"},{"taxonomy":"post_tag","embeddable":true,"href":"https:\/\/www.europesays.com\/se\/wp-json\/wp\/v2\/tags?post=81821"}],"curies":[{"name":"wp","href":"https:\/\/api.w.org\/{rel}","templated":true}]}}