{"id":81849,"date":"2025-11-16T06:35:14","date_gmt":"2025-11-16T06:35:14","guid":{"rendered":"https:\/\/www.europesays.com\/se\/81849\/"},"modified":"2025-11-16T06:35:14","modified_gmt":"2025-11-16T06:35:14","slug":"ny-podd-lastburen-biogasreaktor-driver-hela-garden","status":"publish","type":"post","link":"https:\/\/www.europesays.com\/se\/81849\/","title":{"rendered":"Ny podd: Lastburen biogasreaktor driver hela g\u00e5rden"},"content":{"rendered":"<p>I Lantbruksteknikpodden diskuteras den senaste lantbrukstekniken \u2013 men ocks\u00e5 de l\u00f6sningar som inte riktigt har slagit igenom och de innovationer som faktiskt kan forma framtidens g\u00e5rdar.<\/p>\n<p>Nu ligger det senaste avsnittet ute. Den h\u00e4r g\u00e5ngen handlar det om hur BGC Nordic har utvecklat sm\u00e5, modul\u00e4ra biogasreaktorer som kan monteras p\u00e5 svensk mark, kr\u00e4ver minimal arbetsinsats och ger en gasproduktion som utmanar betydligt st\u00f6rre, traditionella anl\u00e4ggningar. Hela reaktorn fungerar som en v\u00e4rmev\u00e4xlare, vilket g\u00f6r att temperaturen kan styras exakt f\u00f6r maximal gasutvinning.<\/p>\n<p>Fredrik Stork ber\u00e4ttar om tekniken<\/p>\n<p>P\u00e5 plats i Finland har Fredrik Stork bes\u00f6kt en g\u00e5rd d\u00e4r systemet varit i drift i tv\u00e5 och ett halvt \u00e5r \u2013 och d\u00e4r anl\u00e4ggningen i princip producerar all el och v\u00e4rme som beh\u00f6vs f\u00f6r mj\u00f6lkproduktionen med robotar och foderblandare. I podden ber\u00e4ttar han om tekniken, drifterfarenheterna och varf\u00f6r Finland nu ser ett v\u00e4xande intresse f\u00f6r g\u00e5rdsbiogas.<\/p>\n<p>Lyssna p\u00e5 avsnittet f\u00f6r att h\u00f6ra hur den modul\u00e4ra reaktorn fungerar i praktiken \u2013 och om den kan bli ett nytt alternativ f\u00f6r svenska lantbrukare.<\/p>\n","protected":false},"excerpt":{"rendered":"I Lantbruksteknikpodden diskuteras den senaste lantbrukstekniken \u2013 men ocks\u00e5 de l\u00f6sningar som inte riktigt har slagit igenom och&hellip;\n","protected":false},"author":2,"featured_media":81850,"comment_status":"","ping_status":"","sticky":false,"template":"","format":"standard","meta":{"footnotes":""},"categories":[66],"tags":[80,78,79,34,31,33,32,30,81,84,83,82],"class_list":{"0":"post-81849","1":"post","2":"type-post","3":"status-publish","4":"format-standard","5":"has-post-thumbnail","7":"category-vetenskap-och-teknik","8":"tag-science","9":"tag-science-and-technology","10":"tag-scienceandtechnology","11":"tag-se","12":"tag-svenska","13":"tag-sverige","14":"tag-sweden","15":"tag-swedish","16":"tag-technology","17":"tag-teknik","18":"tag-vetenskap","19":"tag-vetenskapteknik"},"share_on_mastodon":{"url":"https:\/\/pubeurope.com\/@se\/115557991939964275","error":""},"_links":{"self":[{"href":"https:\/\/www.europesays.com\/se\/wp-json\/wp\/v2\/posts\/81849","targetHints":{"allow":["GET"]}}],"collection":[{"href":"https:\/\/www.europesays.com\/se\/wp-json\/wp\/v2\/posts"}],"about":[{"href":"https:\/\/www.europesays.com\/se\/wp-json\/wp\/v2\/types\/post"}],"author":[{"embeddable":true,"href":"https:\/\/www.europesays.com\/se\/wp-json\/wp\/v2\/users\/2"}],"replies":[{"embeddable":true,"href":"https:\/\/www.europesays.com\/se\/wp-json\/wp\/v2\/comments?post=81849"}],"version-history":[{"count":0,"href":"https:\/\/www.europesays.com\/se\/wp-json\/wp\/v2\/posts\/81849\/revisions"}],"wp:featuredmedia":[{"embeddable":true,"href":"https:\/\/www.europesays.com\/se\/wp-json\/wp\/v2\/media\/81850"}],"wp:attachment":[{"href":"https:\/\/www.europesays.com\/se\/wp-json\/wp\/v2\/media?parent=81849"}],"wp:term":[{"taxonomy":"category","embeddable":true,"href":"https:\/\/www.europesays.com\/se\/wp-json\/wp\/v2\/categories?post=81849"},{"taxonomy":"post_tag","embeddable":true,"href":"https:\/\/www.europesays.com\/se\/wp-json\/wp\/v2\/tags?post=81849"}],"curies":[{"name":"wp","href":"https:\/\/api.w.org\/{rel}","templated":true}]}}