{"id":81851,"date":"2025-11-16T06:40:07","date_gmt":"2025-11-16T06:40:07","guid":{"rendered":"https:\/\/www.europesays.com\/se\/81851\/"},"modified":"2025-11-16T06:40:07","modified_gmt":"2025-11-16T06:40:07","slug":"ny-laserteknik-forlangde-mats-liv-i-lund","status":"publish","type":"post","link":"https:\/\/www.europesays.com\/se\/81851\/","title":{"rendered":"Ny laserteknik f\u00f6rl\u00e4ngde Mats liv i Lund"},"content":{"rendered":"<p class=\"sc-c25743f0-0 sc-e37c0145-2 hObFds DQgPn\">Det tog \u00e5tta timmar att f\u00f6rbereda operationen, men bara 20 minuter att d\u00f6da Mats Gullstrands hj\u00e4rntum\u00f6r. I ett avancerat ingrepp gjorde kirurgerna ett litet h\u00e5l i huvudet, f\u00f6r att sedan f\u00f6ra in en fibertr\u00e5d som med hj\u00e4lp av laser v\u00e4rmer upp tum\u00f6ren till den grad att den d\u00f6r.<\/p>\n<p class=\"sc-c25743f0-0 sc-e37c0145-2 hObFds DQgPn\">Mats Gullstrand beskriver det som en slags &#8221;tur i oturen&#8221; att han diagnostiserades samtidigt som studien inleddes:<\/p>\n<p class=\"sc-c25743f0-0 sc-e37c0145-2 hObFds DQgPn\">\u2013 Jag fr\u00e5gade l\u00e4karen hur l\u00e5ng tid jag har kvar och d\u00e5 sa han utan behandling var det tre m\u00e5nader, med traditionell behandling 12-15 m\u00e5nader. Men om jag svarade bra p\u00e5 behandlingen s\u00e5 \u00e4r det fem \u00e5r eller l\u00e4ngre. D\u00e5 var det inget att tveka om, man griper efter varje halmstr\u00e5, s\u00e4ger Mats Gullstrand.<\/p>\n<p>Skonsammare \u00e4n konventionell operation<\/p>\n<p class=\"sc-c25743f0-0 sc-e37c0145-2 hObFds DQgPn\">Till skillnad fr\u00e5n en konventionell operation ser forskarna att ingreppet \u00e4r mer skonsamt. Till exempel kan patienten i teorin g\u00e5 hem redan dagen efter, till skillnad fr\u00e5n efter tre till fem dagar som g\u00e4ller efter en konventionell operation. Hela ingreppet \u00f6vervakas via en magnetkamera i realtid.<\/p>\n<p class=\"sc-c25743f0-0 sc-e37c0145-2 hObFds DQgPn\">\u2013 Vi har kunnat behandla patienterna med v\u00e4ldigt korta v\u00e5rdtider och v\u00e4ldigt lite patientbesv\u00e4r. Vi har kunnat t\u00e4cka tum\u00f6rerna med den h\u00e4r v\u00e4rmebehandlingen effektivt, jag tror ocks\u00e5 att vi har en l\u00e4ngre \u00f6verlevnad \u00e4n med den konventionella behandlingen som \u00e4r en \u00f6ppen operation, s\u00e4ger Peter Siesj\u00f6, \u00f6verl\u00e4kare p\u00e5 neurokirurgiska kliniken p\u00e5 Sk\u00e5nes universitetssjukhus i Lund.<\/p>\n<p>Ska kombineras med andra behandlingsformer<\/p>\n<p class=\"sc-c25743f0-0 sc-e37c0145-2 hObFds DQgPn\">Nu hoppas han och forskarteamet p\u00e5 att man ska kunna g\u00f6ra nya studier d\u00e4r man kan f\u00f6lja upp hur operationen kan kombineras med andra behandlingsformer mot cancer.<\/p>\n<p class=\"sc-c25743f0-0 sc-e37c0145-2 hObFds DQgPn\">\u2013 Potentialen \u00e4r v\u00e4ldigt stor. L\u00e4gger man till annan behandling samtidigt eller efter skulle man kunna f\u00e5 betydligt b\u00e4ttre resultat, men det \u00e4r inget vi har kunnat g\u00f6ra i den h\u00e4r studien, till exempel skulle man d\u00e5 kunna anv\u00e4nda immunmediciner, cellgifter och andra cancerbehandlingar, s\u00e4ger Peter Siesj\u00f6, \u00f6verl\u00e4kare.<\/p>\n<p>CE-m\u00e4rkning f\u00f6r att introducera tekniken<\/p>\n<p class=\"sc-c25743f0-0 sc-e37c0145-2 hObFds DQgPn\">Systemet som anv\u00e4nds vid ingreppet, med laserfibern och tillh\u00f6rande datorsystem tillhandah\u00e5lls av ett f\u00f6retag i Lund, CLS. Man har redan sett goda resultat fr\u00e5n USA d\u00e4r tekniken \u00e4r till\u00e5ten och anv\u00e4nds inom v\u00e5rden. D\u00e4r behandlar man hj\u00e4rntum\u00f6rer, men framf\u00f6rallt epilepsi med ingreppet. Nu v\u00e4ntar man p\u00e5 en CE-m\u00e4rkning s\u00e5 att det g\u00e5r att introducera brett inom EU.<\/p>\n<p class=\"sc-c25743f0-0 sc-e37c0145-2 hObFds DQgPn\">\u2013 Tyv\u00e4rr \u00e4r det v\u00e4l ingen som v\u00e5gar prata om att man har ett botemedel mot hj\u00e4rntum\u00f6rer \u00e4nnu, utan det handlar om att f\u00f6rl\u00e4nga \u00f6verlevnaden och ge ett b\u00e4ttre liv, s\u00e4ger Kristian Waldeck, vice president medical affairs p\u00e5 CLS.<\/p>\n<p>Tacksam f\u00f6r sitt f\u00f6rl\u00e4ngda liv<\/p>\n<p class=\"sc-c25743f0-0 sc-e37c0145-2 hObFds DQgPn\">Mats Gullstrand g\u00e5r var tredje m\u00e5nad f\u00f6r att f\u00e5 en magnetr\u00f6ntgen, f\u00f6r att se till att tum\u00f6ren inte kommer tillbaka, vilket \u00e4r vanligt vid glioblastom. I dag har han levt ett halvt \u00e5r l\u00e4ngre \u00e4n vad han f\u00f6rmodligen hade gjort vid en konventionell behandling. <\/p>\n<p class=\"sc-c25743f0-0 sc-e37c0145-2 hObFds DQgPn\">B\u00e5de han och hans fru \u00e4r tacksamma f\u00f6r den tid de nu f\u00e5r tillsammans.<\/p>\n<p class=\"sc-c25743f0-0 sc-e37c0145-2 hObFds DQgPn\">\u2013 Jag tar varje dag som den kommer, varje dag \u00e4r en g\u00e5va. Jag har inget d\u00e5ligt liv, \u00e4ven om det \u00e4r begr\u00e4nsat. Jag kan inte ta mig \u00f6verallt och jag blir l\u00e4tt tr\u00f6tt. Jag r\u00f6r mig mest i grannskapet, g\u00e5r ut och k\u00e4kar, jag och min fru \u00e5ker ut p\u00e5 landet och jag \u00e4ter lunch med mina kompisar i n\u00e4rheten. Det \u00e4r ett bra liv, s\u00e4ger Mats Gullstrand.<\/p>\n","protected":false},"excerpt":{"rendered":"Det tog \u00e5tta timmar att f\u00f6rbereda operationen, men bara 20 minuter att d\u00f6da Mats Gullstrands hj\u00e4rntum\u00f6r. I ett&hellip;\n","protected":false},"author":2,"featured_media":81852,"comment_status":"","ping_status":"","sticky":false,"template":"","format":"standard","meta":{"footnotes":""},"categories":[69],"tags":[113,112,34,31,33,32,30],"class_list":{"0":"post-81851","1":"post","2":"type-post","3":"status-publish","4":"format-standard","5":"has-post-thumbnail","7":"category-halsa","8":"tag-halsa","9":"tag-health","10":"tag-se","11":"tag-svenska","12":"tag-sverige","13":"tag-sweden","14":"tag-swedish"},"share_on_mastodon":{"url":"https:\/\/pubeurope.com\/@se\/115558011787615552","error":""},"_links":{"self":[{"href":"https:\/\/www.europesays.com\/se\/wp-json\/wp\/v2\/posts\/81851","targetHints":{"allow":["GET"]}}],"collection":[{"href":"https:\/\/www.europesays.com\/se\/wp-json\/wp\/v2\/posts"}],"about":[{"href":"https:\/\/www.europesays.com\/se\/wp-json\/wp\/v2\/types\/post"}],"author":[{"embeddable":true,"href":"https:\/\/www.europesays.com\/se\/wp-json\/wp\/v2\/users\/2"}],"replies":[{"embeddable":true,"href":"https:\/\/www.europesays.com\/se\/wp-json\/wp\/v2\/comments?post=81851"}],"version-history":[{"count":0,"href":"https:\/\/www.europesays.com\/se\/wp-json\/wp\/v2\/posts\/81851\/revisions"}],"wp:featuredmedia":[{"embeddable":true,"href":"https:\/\/www.europesays.com\/se\/wp-json\/wp\/v2\/media\/81852"}],"wp:attachment":[{"href":"https:\/\/www.europesays.com\/se\/wp-json\/wp\/v2\/media?parent=81851"}],"wp:term":[{"taxonomy":"category","embeddable":true,"href":"https:\/\/www.europesays.com\/se\/wp-json\/wp\/v2\/categories?post=81851"},{"taxonomy":"post_tag","embeddable":true,"href":"https:\/\/www.europesays.com\/se\/wp-json\/wp\/v2\/tags?post=81851"}],"curies":[{"name":"wp","href":"https:\/\/api.w.org\/{rel}","templated":true}]}}