{"id":81866,"date":"2025-11-16T07:09:10","date_gmt":"2025-11-16T07:09:10","guid":{"rendered":"https:\/\/www.europesays.com\/se\/81866\/"},"modified":"2025-11-16T07:09:10","modified_gmt":"2025-11-16T07:09:10","slug":"ryssland-och-ukraina-i-fangutbyte","status":"publish","type":"post","link":"https:\/\/www.europesays.com\/se\/81866\/","title":{"rendered":"Ryssland och Ukraina i f\u00e5ngutbyte"},"content":{"rendered":"<p>Ryssland och Ukraina har enats om en ny f\u00e5ngutv\u00e4xling, uppger den ukrainske delegaten Rustem Umerov p\u00e5 Telegram. <\/p>\n<p>\u00d6verenskommelsen n\u00e5ddes under de senaste dagarnas f\u00f6rhandlingar mellan parterna, med st\u00f6d av medlingsl\u00e4nderna Turkiet och F\u00f6renade Arabemiraten. <\/p>\n<p>1\u00a0200 ukrainska f\u00e5ngar ska friges, enligt avtalet. Det \u00e4r oklart hur m\u00e5nga ryska f\u00e5ngar som ska sl\u00e4ppas. <\/p>\n<p>\u2013 Vi arbetar oavbrutet f\u00f6r att de ukrainare som \u00e5terv\u00e4nder fr\u00e5n f\u00e5ngen-skap ska kunna fira jul och ny\u00e5r hemma, skriver Umerov. <\/p>\n","protected":false},"excerpt":{"rendered":"Ryssland och Ukraina har enats om en ny f\u00e5ngutv\u00e4xling, uppger den ukrainske delegaten Rustem Umerov p\u00e5 Telegram. \u00d6verenskommelsen&hellip;\n","protected":false},"author":2,"featured_media":793,"comment_status":"","ping_status":"","sticky":false,"template":"","format":"standard","meta":{"footnotes":""},"categories":[14],"tags":[22,23,26,27,17,21,24,25,28,29,15,16,18,34,31,33,32,30,19,20,51,52,53,54],"class_list":{"0":"post-81866","1":"post","2":"type-post","3":"status-publish","4":"format-standard","5":"has-post-thumbnail","7":"category-varlden","8":"tag-breaking-news","9":"tag-breakingnews","10":"tag-featured-news","11":"tag-featurednews","12":"tag-headlines","13":"tag-huvudnyheter","14":"tag-latest-news","15":"tag-latestnews","16":"tag-main-news","17":"tag-mainnews","18":"tag-news","19":"tag-nyheter","20":"tag-rubriker","21":"tag-se","22":"tag-svenska","23":"tag-sverige","24":"tag-sweden","25":"tag-swedish","26":"tag-top-stories","27":"tag-topstories","28":"tag-varlden","29":"tag-world","30":"tag-world-news","31":"tag-worldnews"},"share_on_mastodon":{"url":"https:\/\/pubeurope.com\/@se\/115558125608835489","error":""},"_links":{"self":[{"href":"https:\/\/www.europesays.com\/se\/wp-json\/wp\/v2\/posts\/81866","targetHints":{"allow":["GET"]}}],"collection":[{"href":"https:\/\/www.europesays.com\/se\/wp-json\/wp\/v2\/posts"}],"about":[{"href":"https:\/\/www.europesays.com\/se\/wp-json\/wp\/v2\/types\/post"}],"author":[{"embeddable":true,"href":"https:\/\/www.europesays.com\/se\/wp-json\/wp\/v2\/users\/2"}],"replies":[{"embeddable":true,"href":"https:\/\/www.europesays.com\/se\/wp-json\/wp\/v2\/comments?post=81866"}],"version-history":[{"count":0,"href":"https:\/\/www.europesays.com\/se\/wp-json\/wp\/v2\/posts\/81866\/revisions"}],"wp:featuredmedia":[{"embeddable":true,"href":"https:\/\/www.europesays.com\/se\/wp-json\/wp\/v2\/media\/793"}],"wp:attachment":[{"href":"https:\/\/www.europesays.com\/se\/wp-json\/wp\/v2\/media?parent=81866"}],"wp:term":[{"taxonomy":"category","embeddable":true,"href":"https:\/\/www.europesays.com\/se\/wp-json\/wp\/v2\/categories?post=81866"},{"taxonomy":"post_tag","embeddable":true,"href":"https:\/\/www.europesays.com\/se\/wp-json\/wp\/v2\/tags?post=81866"}],"curies":[{"name":"wp","href":"https:\/\/api.w.org\/{rel}","templated":true}]}}