{"id":81931,"date":"2025-11-16T09:51:26","date_gmt":"2025-11-16T09:51:26","guid":{"rendered":"https:\/\/www.europesays.com\/se\/81931\/"},"modified":"2025-11-16T09:51:26","modified_gmt":"2025-11-16T09:51:26","slug":"arbetslosheten-stiger-inte-minst-bland-akademiker","status":"publish","type":"post","link":"https:\/\/www.europesays.com\/se\/81931\/","title":{"rendered":"Arbetsl\u00f6sheten stiger \u2013 inte minst bland akademiker"},"content":{"rendered":"<p>Publicerad 16 nov 2025 kl 06.10<\/p>\n<p>F\u00f6r f\u00f6rsta g\u00e5ngen p\u00e5 flera \u00e5r kan den som har en examen inte r\u00e4kna med att sitta s\u00e4kert. Sverige har inte r\u00e5d att utbilda fler akademiker rakt ut i arbetsl\u00f6shet.<\/p>\n<p><img   alt=\"\"\/><\/p>\n<p>L\u00e5tsas inte att en kandidatexamen \u00e4r ett vaccin mot arbetsl\u00f6shet i d\u00e5liga tider.<\/p>\n<p>Foto: Andreas Lander \/ DPA\/IBL<\/p>\n<p>\u00d6ppna bild i helsk\u00e4rm<img loading=\"lazy\"   alt=\"\"\/><\/p>\n<p>Finansminister Elisabeth Svantesson, M.<\/p>\n<p>Foto: Jonas Ekstr\u00f6mer\/TT \/ TT NYHETSBYR\u00c5N<\/p>\n<p>\u00d6ppna bild i helsk\u00e4rm<\/p>\n<p>I fredags kom en ny siffra fr\u00e5n Statistiska centralbyr\u00e5n. Arbetsl\u00f6sheten i Sverige l\u00e5g p\u00e5 8,9 procent i oktober, vilket \u00e4r h\u00f6gre \u00e4n m\u00e5naden innan \u2013 trots finansminister Elisabeth Svantessons tal om en ljusning i ekonomin.\u00a0<\/p>\n<p>Ofta h\u00f6r man att Sverige har bland de h\u00f6gsta arbetsl\u00f6shetssiffrorna i <a href=\"https:\/\/www.expressen.se\/tagg\/organization\/eu\/\" class=\"\" rel=\"nofollow noopener\" target=\"_blank\">EU<\/a>. Det ska s\u00e4gas att det \u00e4r sv\u00e5rt att j\u00e4mf\u00f6ra siffror historiskt, liksom mellan l\u00e4nder, eftersom m\u00e4tmetoder skiljer sig \u00e5t och f\u00f6r\u00e4ndras. Att den utdragna l\u00e5gkonjunkturen leder till upps\u00e4gningar \u00e4r ocks\u00e5 givet.\u00a0<\/p>\n<p><strong>Men det betyder knappast att finansministern kan luta sig tillbaka och lita p\u00e5 att det l\u00f6ser sig.<\/strong><\/p>\n<p>En helt central orsak till den strukturella arbetsl\u00f6sheten \u2013 som best\u00e5r av arbetsl\u00f6sa som har f\u00f6r d\u00e5liga kvalifikationer f\u00f6r att f\u00e5 ett arbete, oavsett konjunkturl\u00e4ge \u2013 \u00e4r kombinationen av mycket h\u00f6g asylinvandring och en arbetsmarknad som kr\u00e4ver allt h\u00f6gre kvalifikationer. Kan man inte svenska och saknar gymnasiekompetens \u00e4r det n\u00e4stintill om\u00f6jligt att f\u00e5 ett jobb.<\/p>\n<p>Men det \u00e4r inte hela sanningen bakom det dystra l\u00e4get.<\/p>\n<p><strong>Arbetsl\u00f6sheten bland de h\u00f6gutbildade \u00f6kar.\u00a0<\/strong><\/p>\n<p>F\u00f6r akademiker, den grupp som brukar klara sig b\u00e4st genom l\u00e5gkonjunkturer, ligger arbetsl\u00f6sheten nu p\u00e5 finanskrisniv\u00e5er. I september <a href=\"https:\/\/www.akademikernasakassa.se\/om-oss\/aktuellt\/nyheter\/2025\/augusti\/rekordmanga-akademiker-star-utan-arbete\" rel=\"nofollow noopener\" target=\"_blank\">noterade<\/a> Akademikernas a-kassa den h\u00f6gsta arbetsl\u00f6sheten bland sina medlemmar p\u00e5 20 \u00e5r. P\u00e5 ett \u00e5r har arbetsl\u00f6sheten i gruppen \u00f6kat med 16 procent. En fj\u00e4rdedel av de medlemmar som saknar jobb \u00e4r l\u00e5ngtidsarbetsl\u00f6sa.<\/p>\n<blockquote><p>En universitetsutbildning kostar staten hundratusentals kronor. Arbetsl\u00f6sa akademiker \u00e4r med andra ord dyrt.<\/p><\/blockquote>\n<p>En universitetsutbildning \u00e4r numera ingen garanti f\u00f6r att klara sig bra p\u00e5 arbetsmarknaden. F\u00e4rska jurister, personalvetare och samh\u00e4llsvetare st\u00e5r utan arbete. Till stor del beror det p\u00e5 den svaga konjunkturen.\u00a0<\/p>\n<p><strong>Men det finns ocks\u00e5 andra f\u00f6rklaringar.<\/strong><\/p>\n<p>En \u00e4r att m\u00e5nga studenter utbildar sig i \u00e4mnen med svag anknytning till arbetsmarknaden. F\u00f6r de studenter som l\u00e4st konst och media <a href=\"https:\/\/www.svensktnaringsliv.se\/sakomraden\/utbildning\/gasisq_ungdomsbarometern-hogskolepejl-2025-250915pdf_1238813.html\/%2528c%2529+Ungdomsbarometern+-+H%25C3%25B6gskolepejl+2025+-+FINAL+250915.pdf\" rel=\"nofollow noopener\" target=\"_blank\">saknar<\/a> fyra av tio ett stabilt jobb fem \u00e5r efter examen. D\u00e5liga ekonomiska tider g\u00f6r det \u00e4n sv\u00e5rare f\u00f6r den gruppen.<\/p>\n<p>En annan orsak \u00e4r att juniora tj\u00e4nster konkurreras ut av artificiell intelligens. Uppgifter som tidigare utf\u00f6rdes av nyutexaminerade jurister och systemvetare kan AI:n sk\u00f6ta. En negativ spiral uppst\u00e5r, d\u00e4r yngre utan erfarenhet f\u00e5r allt sv\u00e5rare att ta sig in.<\/p>\n<p>F\u00f6r att v\u00e4nda trenden med en arbetsl\u00f6shet som bitit sig fast p\u00e5 h\u00f6ga niv\u00e5er kr\u00e4vs inte bara att fler l\u00e5gutbildade invandrare f\u00e5r jobb.\u00a0<\/p>\n<p><strong>De arbetsl\u00f6sa akademikerna kommer inte att bli f\u00e4rre i takt med att den artificiella intelligensens <\/strong><a href=\"https:\/\/www.jpmorgan.com\/insights\/global-research\/artificial-intelligence\/ai-impact-job-growth#section-header#2\" rel=\"nofollow noopener\" target=\"_blank\"><strong>framfart<\/strong><\/a><strong>.\u00a0<\/strong><\/p>\n<p>P\u00e5 kort sikt l\u00e4r arbetsl\u00f6sheten sjunka i takt med att ekonomin f\u00f6rb\u00e4ttras, men p\u00e5 l\u00e5ng sikt \u00e4r det inte h\u00e5llbart att utbilda stora kullar rakt ut i arbetsl\u00f6shet.<\/p>\n<p>F\u00f6r att v\u00e4nda trenden kr\u00e4vs ett mentalt skifte, b\u00e5de i politiken och bland studenter. Utbildningsplatserna m\u00e5ste i h\u00f6gre grad anpassas efter utbudet p\u00e5 arbetsmarknaden. Fler m\u00e5ste utbilda sig inom hantverks- och v\u00e5rdyrken, bli snickare eller undersk\u00f6terska, och f\u00e4rre inom humaniora och samh\u00e4llsvetenskap.\u00a0<\/p>\n<p>En universitetsutbildning kostar staten hundratusentals kronor. Arbetsl\u00f6sa akademiker \u00e4r med andra ord dyrt.\u00a0<\/p>\n<p><strong>Sverige har inte r\u00e5d att forts\u00e4tta l\u00e5tsas som att en kandidatexamen \u00e4r ett vaccin mot arbetsl\u00f6shet i dystra ekonomiska tider.<\/strong><\/p>\n<p><strong>L\u00c4S MER: <\/strong><a href=\"https:\/\/www.expressen.se\/ledare\/ann-charlotte-marteus\/varning-din-utbildning-kan-snart-vara-vardelos\/\" class=\"\" rel=\"nofollow noopener\" target=\"_blank\">Varning! Din utbildning kan snart vara v\u00e4rdel\u00f6s<\/a><strong>L\u00c4S MER: <\/strong><a href=\"https:\/\/www.expressen.se\/ledare\/rappa-pa-ungdomar-annars-ar-ni-rokta\/\" class=\"\" rel=\"nofollow noopener\" target=\"_blank\">Rappa p\u00e5, ungdomar! Annars \u00e4r ni r\u00f6kta<\/a><a href=\"https:\/\/www.expressen.se\/nyhetsbrev\/\" title=\"Anm\u00e4l dig till ledarbrevet\" rel=\"nofollow noopener\" target=\"_blank\"><br \/>\n  <img decoding=\"async\" style=\"max-width:100%;display:block;\" src=\"https:\/\/www.europesays.com\/se\/wp-content\/uploads\/2025\/08\/640@60.jpg\"\/><br \/>\n<\/a><\/p>\n","protected":false},"excerpt":{"rendered":"Publicerad 16 nov 2025 kl 06.10 F\u00f6r f\u00f6rsta g\u00e5ngen p\u00e5 flera \u00e5r kan den som har en examen&hellip;\n","protected":false},"author":2,"featured_media":81932,"comment_status":"","ping_status":"","sticky":false,"template":"","format":"standard","meta":{"footnotes":""},"categories":[5],"tags":[22,23,26,27,17,21,24,25,28,29,15,16,746,1361,18,34,31,33,32,30,19,1359,652,20],"class_list":{"0":"post-81931","1":"post","2":"type-post","3":"status-publish","4":"format-standard","5":"has-post-thumbnail","7":"category-rubriker","8":"tag-breaking-news","9":"tag-breakingnews","10":"tag-featured-news","11":"tag-featurednews","12":"tag-headlines","13":"tag-huvudnyheter","14":"tag-latest-news","15":"tag-latestnews","16":"tag-main-news","17":"tag-mainnews","18":"tag-news","19":"tag-nyheter","20":"tag-organization-eu","21":"tag-person-elisabeth-svantesson","22":"tag-rubriker","23":"tag-se","24":"tag-svenska","25":"tag-sverige","26":"tag-sweden","27":"tag-swedish","28":"tag-top-stories","29":"tag-topic-arbetsmarknad","30":"tag-topic-skola-utbildning","31":"tag-topstories"},"share_on_mastodon":{"url":"https:\/\/pubeurope.com\/@se\/115558762809956354","error":""},"_links":{"self":[{"href":"https:\/\/www.europesays.com\/se\/wp-json\/wp\/v2\/posts\/81931","targetHints":{"allow":["GET"]}}],"collection":[{"href":"https:\/\/www.europesays.com\/se\/wp-json\/wp\/v2\/posts"}],"about":[{"href":"https:\/\/www.europesays.com\/se\/wp-json\/wp\/v2\/types\/post"}],"author":[{"embeddable":true,"href":"https:\/\/www.europesays.com\/se\/wp-json\/wp\/v2\/users\/2"}],"replies":[{"embeddable":true,"href":"https:\/\/www.europesays.com\/se\/wp-json\/wp\/v2\/comments?post=81931"}],"version-history":[{"count":0,"href":"https:\/\/www.europesays.com\/se\/wp-json\/wp\/v2\/posts\/81931\/revisions"}],"wp:featuredmedia":[{"embeddable":true,"href":"https:\/\/www.europesays.com\/se\/wp-json\/wp\/v2\/media\/81932"}],"wp:attachment":[{"href":"https:\/\/www.europesays.com\/se\/wp-json\/wp\/v2\/media?parent=81931"}],"wp:term":[{"taxonomy":"category","embeddable":true,"href":"https:\/\/www.europesays.com\/se\/wp-json\/wp\/v2\/categories?post=81931"},{"taxonomy":"post_tag","embeddable":true,"href":"https:\/\/www.europesays.com\/se\/wp-json\/wp\/v2\/tags?post=81931"}],"curies":[{"name":"wp","href":"https:\/\/api.w.org\/{rel}","templated":true}]}}