{"id":81954,"date":"2025-11-16T10:46:22","date_gmt":"2025-11-16T10:46:22","guid":{"rendered":"https:\/\/www.europesays.com\/se\/81954\/"},"modified":"2025-11-16T10:46:22","modified_gmt":"2025-11-16T10:46:22","slug":"saab-far-order-pa-6-miljarder-till-tyska-eurofighter","status":"publish","type":"post","link":"https:\/\/www.europesays.com\/se\/81954\/","title":{"rendered":"Saab f\u00e5r order p\u00e5 6 miljarder till tyska Eurofighter"},"content":{"rendered":"<p>Saab har tagit emot tv\u00e5 best\u00e4llningar fr\u00e5n Airbus Defence and Space g\u00e4llande sensorl\u00f6sningen Arexis till tyska Eurofighter-stridsplan. Orderv\u00e4rdet uppg\u00e5r till 549 miljoner euro, vilket motsvarar ungef\u00e4r 6 miljarder kronor. Det framg\u00e5r av ett pressmeddelande.<\/p>\n<p>\u2013 Vi \u00e4r stolta \u00f6ver att leverera Arexis till det tyska flygvapnet, vilket ytterligare st\u00e4rker det svensk-tyska samarbetet, s\u00e4ger vd Micael Johansson.<\/p>\n<p>Den f\u00f6rsta ordern \u00e4r kopplad till avtalet som undertecknades med Airbus Defence and Space i mars 2024. Den uppg\u00e5r till 291 miljoner euro och bokf\u00f6rs \u201domedelbart\u201d. <\/p>\n<p>Den andra ordern uppg\u00e5r till 258 miljoner euro och \u00e4r \u201dvillkorad av myndighetsgodk\u00e4nnande\u201d.<\/p>\n<p>Omni \u00e4r politiskt obundna och oberoende. Vi str\u00e4var efter att ge fler perspektiv p\u00e5 nyheterna. Har du fr\u00e5gor eller synpunkter kring v\u00e5r rapportering? <a href=\"https:\/\/omni.se\/saab-far-stor-tysk-order\/a\/mailto:redaktion@omni.se\" class=\"ArticleActions_contactLink__W2F1M\" rel=\"nofollow noopener\" target=\"_blank\">Kontakta redaktionen<\/a><\/p>\n","protected":false},"excerpt":{"rendered":"Saab har tagit emot tv\u00e5 best\u00e4llningar fr\u00e5n Airbus Defence and Space g\u00e4llande sensorl\u00f6sningen Arexis till tyska Eurofighter-stridsplan. Orderv\u00e4rdet&hellip;\n","protected":false},"author":2,"featured_media":81955,"comment_status":"","ping_status":"","sticky":false,"template":"","format":"standard","meta":{"footnotes":""},"categories":[65],"tags":[7751,72,70,71,868,5947,2200,34,31,33,32,30],"class_list":{"0":"post-81954","1":"post","2":"type-post","3":"status-publish","4":"format-standard","5":"has-post-thumbnail","7":"category-ekonomi","8":"tag-airbus","9":"tag-business","10":"tag-economy","11":"tag-ekonomi","12":"tag-forsvarsindustri","13":"tag-micael-johansson","14":"tag-saab","15":"tag-se","16":"tag-svenska","17":"tag-sverige","18":"tag-sweden","19":"tag-swedish"},"share_on_mastodon":{"url":"https:\/\/pubeurope.com\/@se\/115558978771829204","error":""},"_links":{"self":[{"href":"https:\/\/www.europesays.com\/se\/wp-json\/wp\/v2\/posts\/81954","targetHints":{"allow":["GET"]}}],"collection":[{"href":"https:\/\/www.europesays.com\/se\/wp-json\/wp\/v2\/posts"}],"about":[{"href":"https:\/\/www.europesays.com\/se\/wp-json\/wp\/v2\/types\/post"}],"author":[{"embeddable":true,"href":"https:\/\/www.europesays.com\/se\/wp-json\/wp\/v2\/users\/2"}],"replies":[{"embeddable":true,"href":"https:\/\/www.europesays.com\/se\/wp-json\/wp\/v2\/comments?post=81954"}],"version-history":[{"count":0,"href":"https:\/\/www.europesays.com\/se\/wp-json\/wp\/v2\/posts\/81954\/revisions"}],"wp:featuredmedia":[{"embeddable":true,"href":"https:\/\/www.europesays.com\/se\/wp-json\/wp\/v2\/media\/81955"}],"wp:attachment":[{"href":"https:\/\/www.europesays.com\/se\/wp-json\/wp\/v2\/media?parent=81954"}],"wp:term":[{"taxonomy":"category","embeddable":true,"href":"https:\/\/www.europesays.com\/se\/wp-json\/wp\/v2\/categories?post=81954"},{"taxonomy":"post_tag","embeddable":true,"href":"https:\/\/www.europesays.com\/se\/wp-json\/wp\/v2\/tags?post=81954"}],"curies":[{"name":"wp","href":"https:\/\/api.w.org\/{rel}","templated":true}]}}