{"id":81959,"date":"2025-11-16T10:52:07","date_gmt":"2025-11-16T10:52:07","guid":{"rendered":"https:\/\/www.europesays.com\/se\/81959\/"},"modified":"2025-11-16T10:52:07","modified_gmt":"2025-11-16T10:52:07","slug":"frida-kahlos-dagbocker-blir-musik","status":"publish","type":"post","link":"https:\/\/www.europesays.com\/se\/81959\/","title":{"rendered":"Frida Kahlos dagb\u00f6cker blir musik"},"content":{"rendered":"<p>Frida Kahlos ord ska bli musik d\u00e5 den chilensk-svenska pianisten och komposit\u00f6ren Tania Naranjo tons\u00e4tter hennes dagb\u00f6cker, rapporterar SR Kulturnytt. <\/p>\n<p>I dagb\u00f6ckerna har hon skrivit om \u00e4ktenskapet med Diego Rivera, frihetsl\u00e4ngtan och sm\u00e4rta. <\/p>\n<p>\u2013 Jag \u00e4lskar hennes lust till livet. Hon levde sig in i det. Hon var inte r\u00e4dd f\u00f6r det. F\u00f6r livet, s\u00e4ger Tania Naranjo.<\/p>\n<p>Omni \u00e4r politiskt obundna och oberoende. Vi str\u00e4var efter att ge fler perspektiv p\u00e5 nyheterna. Har du fr\u00e5gor eller synpunkter kring v\u00e5r rapportering? <a href=\"https:\/\/omni.se\/frida-kahlos-dagbocker-blir-musik\/a\/mailto:redaktion@omni.se\" class=\"ArticleActions_contactLink__W2F1M\" rel=\"nofollow noopener\" target=\"_blank\">Kontakta redaktionen<\/a><\/p>\n","protected":false},"excerpt":{"rendered":"Frida Kahlos ord ska bli musik d\u00e5 den chilensk-svenska pianisten och komposit\u00f6ren Tania Naranjo tons\u00e4tter hennes dagb\u00f6cker, rapporterar&hellip;\n","protected":false},"author":2,"featured_media":81960,"comment_status":"","ping_status":"","sticky":false,"template":"","format":"standard","meta":{"footnotes":""},"categories":[67],"tags":[104,7752,902,34,31,33,32,30,105],"class_list":{"0":"post-81959","1":"post","2":"type-post","3":"status-publish","4":"format-standard","5":"has-post-thumbnail","7":"category-underhallning","8":"tag-entertainment","9":"tag-frida-kahlo","10":"tag-konst","11":"tag-se","12":"tag-svenska","13":"tag-sverige","14":"tag-sweden","15":"tag-swedish","16":"tag-underhallning"},"share_on_mastodon":{"url":"https:\/\/pubeurope.com\/@se\/115559002562284641","error":""},"_links":{"self":[{"href":"https:\/\/www.europesays.com\/se\/wp-json\/wp\/v2\/posts\/81959","targetHints":{"allow":["GET"]}}],"collection":[{"href":"https:\/\/www.europesays.com\/se\/wp-json\/wp\/v2\/posts"}],"about":[{"href":"https:\/\/www.europesays.com\/se\/wp-json\/wp\/v2\/types\/post"}],"author":[{"embeddable":true,"href":"https:\/\/www.europesays.com\/se\/wp-json\/wp\/v2\/users\/2"}],"replies":[{"embeddable":true,"href":"https:\/\/www.europesays.com\/se\/wp-json\/wp\/v2\/comments?post=81959"}],"version-history":[{"count":0,"href":"https:\/\/www.europesays.com\/se\/wp-json\/wp\/v2\/posts\/81959\/revisions"}],"wp:featuredmedia":[{"embeddable":true,"href":"https:\/\/www.europesays.com\/se\/wp-json\/wp\/v2\/media\/81960"}],"wp:attachment":[{"href":"https:\/\/www.europesays.com\/se\/wp-json\/wp\/v2\/media?parent=81959"}],"wp:term":[{"taxonomy":"category","embeddable":true,"href":"https:\/\/www.europesays.com\/se\/wp-json\/wp\/v2\/categories?post=81959"},{"taxonomy":"post_tag","embeddable":true,"href":"https:\/\/www.europesays.com\/se\/wp-json\/wp\/v2\/tags?post=81959"}],"curies":[{"name":"wp","href":"https:\/\/api.w.org\/{rel}","templated":true}]}}