{"id":81980,"date":"2025-11-16T11:25:18","date_gmt":"2025-11-16T11:25:18","guid":{"rendered":"https:\/\/www.europesays.com\/se\/81980\/"},"modified":"2025-11-16T11:25:18","modified_gmt":"2025-11-16T11:25:18","slug":"dji-lanserar-neo-2-liten-dronare-stor-frihet","status":"publish","type":"post","link":"https:\/\/www.europesays.com\/se\/81980\/","title":{"rendered":"DJI lanserar Neo 2 &#8211; liten dr\u00f6nare, stor frihet"},"content":{"rendered":"<p class=\"p1\"><strong>DJI<\/strong> har gjort det igen. Den nya <strong>DJI Neo 2<\/strong> \u00e4r h\u00e4r och \u00e4r redo att bli din nya favorit n\u00e4r du vill filma allt fr\u00e5n vardagliga \u00e4ventyr till episka slowmotion-klipp, utan att du beh\u00f6ver vara n\u00e5gon dr\u00f6narexpert.<\/p>\n<p>Flyg med h\u00e4nderna eller r\u00f6sten<\/p>\n<p class=\"p1\">Det som verkligen skiljer Neo 2 fr\u00e5n m\u00e4ngden \u00e4r hur enkelt det \u00e4r att styra. Du kan starta dr\u00f6naren direkt fr\u00e5n handflatan och l\u00e5ta den landa p\u00e5 samma plats med <strong>Return-To-Palm<\/strong>. Med Gesture Control styr du den bara med h\u00e4nderna, upp f\u00f6r att stiga, \u00e5t sidan f\u00f6r att sv\u00e4nga, eller b\u00e5da h\u00e4nderna f\u00f6r att komma n\u00e4rmare eller l\u00e4ngre bort. Vill du snacka ist\u00e4llet f\u00f6r att vifta? Inga problem, Neo 2 lyssnar p\u00e5 r\u00f6stkommandon via mobil eller headset. Och vill du ha mer kontroll finns fj\u00e4rrkontrollen DJI RC-N3 med en r\u00e4ckvidd p\u00e5 upp till 10 kilometer.<\/p>\n<p>Smarta kamerafunktioner i liten f\u00f6rpackning<\/p>\n<p class=\"p1\">Trots sin lilla storlek levererar Neo 2 stor prestanda. Kameran p\u00e5 12 MP f\u00e5ngar klara bilder \u00e4ven i d\u00e5ligt ljus, och med 4K-video upp till 100 fps blir slowmotion helt magiskt. Den 2-axliga gimbalen och ActiveTrack ser till att motivet alltid h\u00e5ller fokus, oavsett om du springer, cyklar eller dansar mot solnedg\u00e5ngen. Dessutom finns f\u00e4rdiga kreativa funktioner som Dolly Zoom, QuickShots och MasterShots som g\u00f6r att dina filmer ser proffsiga ut p\u00e5 nolltid.<\/p>\n<p>S\u00e4kerhet och prestanda<\/p>\n<p class=\"p1\">DJI Neo 2 \u00e4r inte bara kreativ utan ocks\u00e5 smart. Med sensorer i alla riktningar och propellerskydd kan du flyga tryggt \u00e4ven n\u00e4ra tr\u00e4d, byggnader eller vatten. Dr\u00f6naren klarar vindmotst\u00e5nd upp till niv\u00e5 5, har 19 minuters flygtid och 49 GB inbyggt minne f\u00f6r flera timmars inspelning. Wi-Fi 6 g\u00f6r att du kan skicka dina klipp snabbt till appen.<\/p>\n<p>Perfekt f\u00f6r spontana \u00f6gonblick<\/p>\n<p class=\"p1\">Fr\u00e5n selfies och vardagsklipp till filmiska slowmotion-scener, Neo 2 \u00e4r liten nog f\u00f6r fickan men stor nog f\u00f6r att ge dig kreativa m\u00f6jligheter du aldrig trodde var m\u00f6jliga. Alltid redo, alltid kul, och alltid med stil.<\/p>\n<ul>\n<li class=\"p1\">DJI Neo 2 (dr\u00f6nare): 2 799 kr<\/li>\n<li class=\"p1\">DJI Neo 2 Fly More Combo: 3 899 kr<\/li>\n<li class=\"p1\">DJI Neo 2 Fly More Combo (Motion): 6 699 kr<\/li>\n<\/ul>\n","protected":false},"excerpt":{"rendered":"DJI har gjort det igen. Den nya DJI Neo 2 \u00e4r h\u00e4r och \u00e4r redo att bli din&hellip;\n","protected":false},"author":2,"featured_media":81981,"comment_status":"","ping_status":"","sticky":false,"template":"","format":"standard","meta":{"footnotes":""},"categories":[66],"tags":[3577,7798,80,78,79,34,31,33,32,30,81,84,83,82],"class_list":{"0":"post-81980","1":"post","2":"type-post","3":"status-publish","4":"format-standard","5":"has-post-thumbnail","7":"category-vetenskap-och-teknik","8":"tag-dji","9":"tag-dji-neo-2","10":"tag-science","11":"tag-science-and-technology","12":"tag-scienceandtechnology","13":"tag-se","14":"tag-svenska","15":"tag-sverige","16":"tag-sweden","17":"tag-swedish","18":"tag-technology","19":"tag-teknik","20":"tag-vetenskap","21":"tag-vetenskapteknik"},"share_on_mastodon":{"url":"https:\/\/pubeurope.com\/@se\/115559132352280166","error":""},"_links":{"self":[{"href":"https:\/\/www.europesays.com\/se\/wp-json\/wp\/v2\/posts\/81980","targetHints":{"allow":["GET"]}}],"collection":[{"href":"https:\/\/www.europesays.com\/se\/wp-json\/wp\/v2\/posts"}],"about":[{"href":"https:\/\/www.europesays.com\/se\/wp-json\/wp\/v2\/types\/post"}],"author":[{"embeddable":true,"href":"https:\/\/www.europesays.com\/se\/wp-json\/wp\/v2\/users\/2"}],"replies":[{"embeddable":true,"href":"https:\/\/www.europesays.com\/se\/wp-json\/wp\/v2\/comments?post=81980"}],"version-history":[{"count":0,"href":"https:\/\/www.europesays.com\/se\/wp-json\/wp\/v2\/posts\/81980\/revisions"}],"wp:featuredmedia":[{"embeddable":true,"href":"https:\/\/www.europesays.com\/se\/wp-json\/wp\/v2\/media\/81981"}],"wp:attachment":[{"href":"https:\/\/www.europesays.com\/se\/wp-json\/wp\/v2\/media?parent=81980"}],"wp:term":[{"taxonomy":"category","embeddable":true,"href":"https:\/\/www.europesays.com\/se\/wp-json\/wp\/v2\/categories?post=81980"},{"taxonomy":"post_tag","embeddable":true,"href":"https:\/\/www.europesays.com\/se\/wp-json\/wp\/v2\/tags?post=81980"}],"curies":[{"name":"wp","href":"https:\/\/api.w.org\/{rel}","templated":true}]}}