{"id":81988,"date":"2025-11-16T11:37:50","date_gmt":"2025-11-16T11:37:50","guid":{"rendered":"https:\/\/www.europesays.com\/se\/81988\/"},"modified":"2025-11-16T11:37:50","modified_gmt":"2025-11-16T11:37:50","slug":"putins-dronare-traffade-irynas-och-romans-hem-i-kiev","status":"publish","type":"post","link":"https:\/\/www.europesays.com\/se\/81988\/","title":{"rendered":"Putins dr\u00f6nare tr\u00e4ffade Irynas och Romans hem i Kiev."},"content":{"rendered":"<p>F\u00f6rest\u00e4ll dig ljudet av en moped som n\u00e4rmar sig.\u00a0<\/p>\n<p>Det \u00e4r s\u00e5 det l\u00e5ter n\u00e4r en Shaheddr\u00f6nare \u00e4r p\u00e5 v\u00e4g mot sitt m\u00e5l.\u00a0<\/p>\n<p>\u2013 Sedan \u00e4r du antingen d\u00f6d, eller tror att du \u00e4r d\u00f6d, s\u00e4ger Iryna Kobernyk som \u00f6verlevde Rysslands senaste attack mot Kiev.\u00a0<\/p>\n<p><img loading=\"lazy\"   alt=\"\"\/><\/p>\n<p>Syskonen Iryna och Roman Kobernyk \u00f6verlevde dr\u00f6narattacken.<\/p>\n<p>Foto: JENS CHRISTIAN<\/p>\n<p>\u00d6ppna bild i helsk\u00e4rm<img loading=\"lazy\"   alt=\"\"\/><\/p>\n<p>H\u00e4r dog sex personer n\u00e4r dr\u00f6naren slog in i fasaden.<\/p>\n<p>Foto: JENS CHRISTIAN<\/p>\n<p>\u00d6ppna bild i helsk\u00e4rm<img loading=\"lazy\"   alt=\"\"\/> <\/p>\n<p>Foto: JENS CHRISTIAN<\/p>\n<p>\u00d6ppna bild i helsk\u00e4rm<img loading=\"lazy\"   alt=\"\"\/> <\/p>\n<p>Foto: JENS CHRISTIAN<\/p>\n<p>\u00d6ppna bild i helsk\u00e4rm<img loading=\"lazy\"   alt=\"\"\/> <\/p>\n<p>Foto: JENS CHRISTIAN<\/p>\n<p>\u00d6ppna bild i helsk\u00e4rm<\/p>\n<p>D\u00e4r en d\u00f6rr borde skilja inne fr\u00e5n ute gapar ett naket h\u00e5l med svartbr\u00e4nd ram ut mot v\u00e4rlden. Utanf\u00f6r h\u00e4nger balkongen l\u00f6st i sina armeringsj\u00e4rn.\u00a0<\/p>\n<p>November bl\u00e5ser med en kall vind in i l\u00e4genheten p\u00e5 femte v\u00e5ningen. Iryna Kobernyk trampar runt i glaskross och minnen av ett liv. Varje steg krasar under f\u00f6tterna. Hon funderar \u00f6ver hat.\u00a0<\/p>\n<p><img loading=\"lazy\"   alt=\"\"\/><\/p>\n<p>Iryna tar farv\u00e4l av sin bostad sedan barndomen.<\/p>\n<p>Foto: JENS CHRISTIAN<\/p>\n<p>\u00d6ppna bild i helsk\u00e4rm<img loading=\"lazy\"   alt=\"\"\/><\/p>\n<p>Byggarbetare m\u00e4ter h\u00e5let d\u00e4r dr\u00f6naren slog in och som ska t\u00e4ckas \u00f6ver.<\/p>\n<p>Foto: JENS CHRISTIAN<\/p>\n<p>\u00d6ppna bild i helsk\u00e4rm<img loading=\"lazy\"   alt=\"\"\/><\/p>\n<p>Sotiga b\u00f6cker som klarade sig i branden.<\/p>\n<p>Foto: JENS CHRISTIAN<\/p>\n<p>\u00d6ppna bild i helsk\u00e4rm<\/p>\n<p>Vem hatar hon f\u00f6r att hon inte l\u00e4ngre har n\u00e5gonstans att bo, f\u00f6r att sex av hennes grannar \u00e4r d\u00f6da sedan ett dygn tillbaka och f\u00f6r att hennes katt spr\u00e4ngdes i bitar?\u00a0<\/p>\n<p>Alla ryssar?\u00a0<\/p>\n<p>\u2013 Nej, jag kan \u00f6nska att de fick uppleva det vi upplever. Men jag hatar bara Putin, den h\u00f6gsta ledningen och soldaterna som v\u00e5ldtar mitt land.\u00a0<\/p>\n<p>\u201dTrodde det var \u00f6ver\u201d<\/p>\n<p>Fredagens attack, en av de v\u00e4rsta under kriget, startade strax efter midnatt. Vid tretiden p\u00e5 morgonen trodde Iryna och hennes bror Roman, som hon delar l\u00e4genheten med, att det v\u00e4rsta var \u00f6ver.\u00a0<\/p>\n<p>De ballistiska robotarna hade skjutits ner eller redan tr\u00e4ffat sina m\u00e5l och nu h\u00e4ngde sig bara dr\u00f6narna kvar i luftrummet \u00f6ver <a href=\"https:\/\/www.expressen.se\/tagg\/location\/kiev\/\" class=\"\" rel=\"nofollow noopener\" target=\"_blank\">Kiev<\/a>.\u00a0<\/p>\n<p>Iryna h\u00f6ll sig \u00e4nd\u00e5 i korridoren som rekommendationen \u00e4r om man inte har tillg\u00e5ng till ett skyddsrum. F\u00f6rs\u00f6k att ha flera v\u00e4ggar mellan dig och en eventuell tr\u00e4ff. Roman l\u00e5g p\u00e5 soffan i rummet intill med \u00e5terv\u00e4ndande vilopuls efter de v\u00e4rsta explosionerna. Dr\u00f6narna oroade honom mindre \u00e4n robotar.<\/p>\n<p>\u2013 De flyger \u00f6ver oss varje natt, vi \u00e4r s\u00e5 vana.\u00a0<\/p>\n<p>Luftv\u00e4rnets mobila enhet inkr\u00e4ktade pl\u00f6tsligt i hans slummer med en salva p\u00e5 n\u00e4ra h\u00e5ll. Sedan tog det bara n\u00e5gon sekund innan l\u00e4genheten fylldes av ett bl\u00e4ndvitt sken f\u00f6ljt av en explosion som slog knockout p\u00e5 alla sinnen.\u00a0<\/p>\n<p>Han skrek.\u00a0<\/p>\n<p>\u2013 Jag trodde att jag var d\u00f6d.<\/p>\n<p><img loading=\"lazy\"   alt=\"\"\/><\/p>\n<p>Provisoriska reparationer \u00e4r ett dagligt arbete i Ukraina.<\/p>\n<p>Foto: JENS CHRISTIAN<\/p>\n<p>\u00d6ppna bild i helsk\u00e4rm<img loading=\"lazy\"   alt=\"\"\/><\/p>\n<p>Bredvid Irynas och Romans l\u00e4genhet gapar ett djupt schakt d\u00e4r explosionen intr\u00e4ffade.<\/p>\n<p>Foto: JENS CHRISTIAN<\/p>\n<p>\u00d6ppna bild i helsk\u00e4rm<\/p>\n<p>Det borde han kanske vara enligt all sannolikhetsl\u00e4ra. Shaheddr\u00f6narna och deras ryska motsvarigheter v\u00e4ger 200 kilo, flyger i 180 kilometer i timmen och b\u00e4r en spr\u00e4ngladdning p\u00e5 90 kilo. V\u00e4ggen bakom Roman flyttade sig av tryckv\u00e5gen. P\u00e5 andra sidan gapar ett djupt schakt d\u00e4r flera v\u00e5ningsplan rasat in. I de angr\u00e4nsande l\u00e4genheterna dog sex personer. De var grannar, v\u00e4nner och medm\u00e4nniskor i ett krig som till slut kom f\u00f6r n\u00e4ra.\u00a0<\/p>\n<p>\u2013 Vad hade de gjort f\u00f6r att f\u00f6rtj\u00e4na att d\u00f6? s\u00e4ger Iryna.\u00a0<\/p>\n<p>Annons<\/p>\n<p>Orden h\u00e4nger kvar en stund i luften som fortfarande smakar brandr\u00f6k. Den som \u00e4r svaret skyldig \u00e4r Ryssland och d\u00e4rifr\u00e5n kommer en str\u00f6m av propaganda och f\u00f6rnekande av fakta. \u201dInga civila m\u00e5ltavlor\u201d.\u00a0<\/p>\n<p>Roman bryter tystnaden.\u00a0<\/p>\n<p>\u2013 Det brann \u00f6verallt och n\u00e4r jag f\u00f6rstod att jag var vid liv agerade jag helt irrationellt, s\u00e4ger han.\u00a0<\/p>\n<p>\u2013 Jag b\u00f6rjade h\u00e4mta vatten och f\u00f6rs\u00f6kte sl\u00e4cka i st\u00e4llet f\u00f6r att springa ut.\u00a0<\/p>\n<p>Till sist ins\u00e5g Iryna och Roman det l\u00f6nl\u00f6sa \u2013 och livsfarliga \u2013 i att f\u00f6rs\u00f6ka r\u00e4dda ett hem som redan var bortom r\u00e4ddning. De flydde ut i natten. En kort flykt, men den gick fr\u00e5n ett liv till ett annat. H\u00e4rifr\u00e5n \u00e4r allt ovisshet. Framtiden skyms av ett krig utan synligt slut. De \u00e4r heml\u00f6sa.<\/p>\n<p>\u2013 Vi har bott h\u00e4r hela v\u00e5ra liv. Det var v\u00e5ra f\u00f6r\u00e4ldrar som jobbade h\u00e5rt f\u00f6r att k\u00f6pa den h\u00e4r bostaden. Vi hade inga rikedomar, men vi hade \u00e5tminstone det h\u00e4r.\u00a0<\/p>\n<p>Till summan av Ukrainas sorg kan nu ocks\u00e5 l\u00e4ggas Irynas och Romans. Men mitt i katastrofen finns det tillr\u00e4ckligt med syre f\u00f6r ett skratt n\u00e4r Roman drar sig till minnes att han f\u00f6r ett \u00f6gonblick mitt i branden funderade p\u00e5 om han skulle r\u00e4dda de tv\u00e5 chihuahuorna eller sitt playstation.\u00a0<\/p>\n<p>\u2013 Det blev hundarna, jag tog ett hastigt farv\u00e4l av spelet, men jag vet inte om jag gjorde r\u00e4tt haha.\u00a0<\/p>\n<p>F\u00f6r\u00e4ndrat kriget<\/p>\n<p>Dr\u00f6narna har f\u00f6r\u00e4ndrat kriget i grunden b\u00e5de vid fronten och i de utsatta st\u00e4derna. L\u00e5ngt ifr\u00e5n alla d\u00f6dar, vissa \u00e4r bara f\u00f6r \u00f6vervakning, andra \u00e4r falska lockbeten f\u00f6r Ukrainas luftv\u00e4rn. Men ocks\u00e5 de ofarliga ing\u00e5r i terrorn \u00f6ver Ukrainas natthimmel. En p\u00e5minnelse om att n\u00e4sta g\u00e5ng kan det vara din tur. \u00a0<\/p>\n<p><img loading=\"lazy\"   alt=\"\"\/><\/p>\n<p>Teckningar som Irynas dotter gjort som liten flicka och som ton\u00e5ring \u00e4r oskadda.<\/p>\n<p>Foto: JENS CHRISTIAN<\/p>\n<p>\u00d6ppna bild i helsk\u00e4rm<\/p>\n<p>\u2013 De \u00e4r helt enkelt till f\u00f6r att skr\u00e4mma oss. De skickar ut dem just p\u00e5 natten, och ljudet g\u00e5r h\u00e5rt \u00e5t nerverna. Jag tror att det \u00e4r f\u00f6r att vi ska bli r\u00e4dda och tr\u00f6tta och b\u00f6rja kr\u00e4va att v\u00e5ra myndigheter ger upp, s\u00e4ger Iryna.\u00a0<\/p>\n<p>Kriget har p\u00e5g\u00e5tt i snart fyra \u00e5r och blivit en katarr i hela den ukrainska befolkningen. En alltid n\u00e4rvarande sm\u00e4rta. Ibland diffus, ibland v\u00e5ldsam, men aldrig helt borta.\u00a0<\/p>\n<p>Iryna och Roman lever. Ett under, men knappast ett gudomligt ingripande, s\u00e4ger Iryna.\u00a0<\/p>\n<p>\u2013 Om det vore Gud, varf\u00f6r skulle just vi skonas och inte v\u00e5ra grannar?\u00a0<\/p>\n<p><img loading=\"lazy\"   alt=\"\"\/><\/p>\n<p>Erik Wiman och Jens Christian i Ukraina.<\/p>\n<p>Foto: EXPRESSEN<\/p>\n<p>\u00d6ppna bild i helsk\u00e4rm<strong>L\u00c4S MER: <\/strong><a href=\"https:\/\/www.expressen.se\/nyheter\/varlden\/vitali-klitschko-ryssland-ljuger-om-malet-med-attackerna\/\" class=\"\" rel=\"nofollow noopener\" target=\"_blank\">Vitali Klitschko: Ryssland ljuger om m\u00e5let med attackerna<\/a><strong>L\u00c4S MER: <\/strong><a href=\"https:\/\/www.expressen.se\/nyheter\/varlden\/victorias-bebis-fods-mitt-i-dodszonen\/\" class=\"\" rel=\"nofollow noopener\" target=\"_blank\">Victorias bebis f\u00f6ds \u2013 mitt i d\u00f6dszonen<\/a><\/p>\n","protected":false},"excerpt":{"rendered":"F\u00f6rest\u00e4ll dig ljudet av en moped som n\u00e4rmar sig.\u00a0 Det \u00e4r s\u00e5 det l\u00e5ter n\u00e4r en Shaheddr\u00f6nare \u00e4r&hellip;\n","protected":false},"author":2,"featured_media":81989,"comment_status":"","ping_status":"","sticky":false,"template":"","format":"standard","meta":{"footnotes":""},"categories":[5],"tags":[22,23,26,27,17,21,24,25,2156,274,202,28,29,15,276,16,203,18,34,55,31,33,32,30,19,20],"class_list":{"0":"post-81988","1":"post","2":"type-post","3":"status-publish","4":"format-standard","5":"has-post-thumbnail","7":"category-rubriker","8":"tag-breaking-news","9":"tag-breakingnews","10":"tag-featured-news","11":"tag-featurednews","12":"tag-headlines","13":"tag-huvudnyheter","14":"tag-latest-news","15":"tag-latestnews","16":"tag-location-kiev","17":"tag-location-ryssland","18":"tag-location-ukraina","19":"tag-main-news","20":"tag-mainnews","21":"tag-news","22":"tag-newsstory-kriget-i-ukraina","23":"tag-nyheter","24":"tag-person-vladimir-putin","25":"tag-rubriker","26":"tag-se","27":"tag-sections-varlden","28":"tag-svenska","29":"tag-sverige","30":"tag-sweden","31":"tag-swedish","32":"tag-top-stories","33":"tag-topstories"},"share_on_mastodon":{"url":"https:\/\/pubeurope.com\/@se\/115559183416579634","error":""},"_links":{"self":[{"href":"https:\/\/www.europesays.com\/se\/wp-json\/wp\/v2\/posts\/81988","targetHints":{"allow":["GET"]}}],"collection":[{"href":"https:\/\/www.europesays.com\/se\/wp-json\/wp\/v2\/posts"}],"about":[{"href":"https:\/\/www.europesays.com\/se\/wp-json\/wp\/v2\/types\/post"}],"author":[{"embeddable":true,"href":"https:\/\/www.europesays.com\/se\/wp-json\/wp\/v2\/users\/2"}],"replies":[{"embeddable":true,"href":"https:\/\/www.europesays.com\/se\/wp-json\/wp\/v2\/comments?post=81988"}],"version-history":[{"count":0,"href":"https:\/\/www.europesays.com\/se\/wp-json\/wp\/v2\/posts\/81988\/revisions"}],"wp:featuredmedia":[{"embeddable":true,"href":"https:\/\/www.europesays.com\/se\/wp-json\/wp\/v2\/media\/81989"}],"wp:attachment":[{"href":"https:\/\/www.europesays.com\/se\/wp-json\/wp\/v2\/media?parent=81988"}],"wp:term":[{"taxonomy":"category","embeddable":true,"href":"https:\/\/www.europesays.com\/se\/wp-json\/wp\/v2\/categories?post=81988"},{"taxonomy":"post_tag","embeddable":true,"href":"https:\/\/www.europesays.com\/se\/wp-json\/wp\/v2\/tags?post=81988"}],"curies":[{"name":"wp","href":"https:\/\/api.w.org\/{rel}","templated":true}]}}