{"id":82057,"date":"2025-11-16T13:28:11","date_gmt":"2025-11-16T13:28:11","guid":{"rendered":"https:\/\/www.europesays.com\/se\/82057\/"},"modified":"2025-11-16T13:28:11","modified_gmt":"2025-11-16T13:28:11","slug":"ny-vm-forlust-for-ahman-hellvig-lite-mesiga","status":"publish","type":"post","link":"https:\/\/www.europesays.com\/se\/82057\/","title":{"rendered":"Ny VM-f\u00f6rlust f\u00f6r \u00c5hman\/Hellvig: \u201dLite mesiga\u201d"},"content":{"rendered":"<p class=\"boxtextgrotesk-root_baa6 hyperion-css-1w346fg\">Uppdaterad 14.17 | Publicerad 13.00<\/p>\n<p>share-arrowDela<\/p>\n<p>unsaveSpara<\/p>\n<p>expand-left<\/p>\n<p>helsk\u00e4rm<img decoding=\"async\" class=\"image-asset hyperion-css-u06ts1\" data-test-tag=\"image-asset\" src=\"https:\/\/www.europesays.com\/se\/wp-content\/uploads\/2025\/11\/5069f64a-fccc-49b5-bf71-64f2f2ea1dd0\"  alt=\"David \u00c5hman och Jonatan Hellvig. Arkivbild.\"  loading=\"eager\" fetchpriority=\"high\" style=\"aspect-ratio:1900 \/ 1302\"\/>David \u00c5hman och Jonatan Hellvig. Arkivbild. Foto: Johan Nilsson\/TT<\/p>\n<p class=\"hyperion-css-1shl3oz\" data-test-tag=\"lead-text\">Det vill sig inte f\u00f6r David \u00c5hman och Jonatan Hellvig i beachvolley-VM.<\/p>\n<p class=\"hyperion-css-1shl3oz\" data-test-tag=\"lead-text\">Men trots tv\u00e5 raka f\u00f6rluster f\u00e5r de spela vidare i Adelaide.<\/p>\n<p class=\"hyperion-css-1v9qo5x\">De svenska OS-guldmedalj\u00f6rerna \u00e5kte p\u00e5 s\u00f6ndagen p\u00e5 andra raka f\u00f6rlusten i gruppspelet, 1\u20132 i set i en tajt match mot brasilianska paret George\/Saymon.<\/p>\n<p class=\"hyperion-css-1v9qo5x\">F\u00f6rlustsiffrorna blev 22\u201324, 21\u201312, 12\u201315.<\/p>\n<p class=\"hyperion-css-1v9qo5x\">\u2013 Det \u00e4r tr\u00e5kigt att vi f\u00f6rlorar f\u00f6r jag tycker vi g\u00f6r en b\u00e4ttre match \u00e4n vi gjorde i g\u00e5r. Vi hade verkligen chansen i b\u00e5de f\u00f6rsta och tredje set. S\u00e5 det k\u00e4nns surt, s\u00e4ger Hellvig enligt SVT.<\/p>\n<p class=\"hyperion-css-1v9qo5x\">\u2013 Vi \u00e4r lite mesiga i anfallet ibland, vi tappar n\u00e5gra bollar i rad vi inte borde tappa.<\/p>\n<p class=\"hyperion-css-1v9qo5x\">\u00c5hman och Hellvig slutar gruppspelet p\u00e5 en seger och tv\u00e5 f\u00f6rluster men g\u00e5r \u00e4nd\u00e5 vidare i VM, som grupptrea.<\/p>\n<p class=\"hyperion-css-1v9qo5x\">Uppladdningen inf\u00f6r VM har st\u00f6rts av en kn\u00e4skada p\u00e5 David \u00c5hman och paret har inte t\u00e4vlat p\u00e5 v\u00e4rldstouren sedan i augusti.<\/p>\n","protected":false},"excerpt":{"rendered":"Uppdaterad 14.17 | Publicerad 13.00 share-arrowDela unsaveSpara expand-left helsk\u00e4rmDavid \u00c5hman och Jonatan Hellvig. Arkivbild. Foto: Johan Nilsson\/TT Det&hellip;\n","protected":false},"author":2,"featured_media":82058,"comment_status":"","ping_status":"","sticky":false,"template":"","format":"standard","meta":{"footnotes":""},"categories":[5],"tags":[22,23,26,27,17,21,24,25,28,29,15,16,18,34,31,33,32,30,19,20],"class_list":{"0":"post-82057","1":"post","2":"type-post","3":"status-publish","4":"format-standard","5":"has-post-thumbnail","7":"category-rubriker","8":"tag-breaking-news","9":"tag-breakingnews","10":"tag-featured-news","11":"tag-featurednews","12":"tag-headlines","13":"tag-huvudnyheter","14":"tag-latest-news","15":"tag-latestnews","16":"tag-main-news","17":"tag-mainnews","18":"tag-news","19":"tag-nyheter","20":"tag-rubriker","21":"tag-se","22":"tag-svenska","23":"tag-sverige","24":"tag-sweden","25":"tag-swedish","26":"tag-top-stories","27":"tag-topstories"},"share_on_mastodon":{"url":"https:\/\/pubeurope.com\/@se\/115559616097534877","error":""},"_links":{"self":[{"href":"https:\/\/www.europesays.com\/se\/wp-json\/wp\/v2\/posts\/82057","targetHints":{"allow":["GET"]}}],"collection":[{"href":"https:\/\/www.europesays.com\/se\/wp-json\/wp\/v2\/posts"}],"about":[{"href":"https:\/\/www.europesays.com\/se\/wp-json\/wp\/v2\/types\/post"}],"author":[{"embeddable":true,"href":"https:\/\/www.europesays.com\/se\/wp-json\/wp\/v2\/users\/2"}],"replies":[{"embeddable":true,"href":"https:\/\/www.europesays.com\/se\/wp-json\/wp\/v2\/comments?post=82057"}],"version-history":[{"count":0,"href":"https:\/\/www.europesays.com\/se\/wp-json\/wp\/v2\/posts\/82057\/revisions"}],"wp:featuredmedia":[{"embeddable":true,"href":"https:\/\/www.europesays.com\/se\/wp-json\/wp\/v2\/media\/82058"}],"wp:attachment":[{"href":"https:\/\/www.europesays.com\/se\/wp-json\/wp\/v2\/media?parent=82057"}],"wp:term":[{"taxonomy":"category","embeddable":true,"href":"https:\/\/www.europesays.com\/se\/wp-json\/wp\/v2\/categories?post=82057"},{"taxonomy":"post_tag","embeddable":true,"href":"https:\/\/www.europesays.com\/se\/wp-json\/wp\/v2\/tags?post=82057"}],"curies":[{"name":"wp","href":"https:\/\/api.w.org\/{rel}","templated":true}]}}