{"id":82110,"date":"2025-11-16T14:37:22","date_gmt":"2025-11-16T14:37:22","guid":{"rendered":"https:\/\/www.europesays.com\/se\/82110\/"},"modified":"2025-11-16T14:37:22","modified_gmt":"2025-11-16T14:37:22","slug":"fran-kopps-till-konspirationer-har-ar-fares-fares-10-basta-roller","status":"publish","type":"post","link":"https:\/\/www.europesays.com\/se\/82110\/","title":{"rendered":"Fr\u00e5n kopps till konspirationer \u2013 h\u00e4r \u00e4r Fares Fares 10 b\u00e4sta roller"},"content":{"rendered":"<p>F\u00e5 sk\u00e5despelare i svensk film har haft en s\u00e5 m\u00e5ngsidig och internationell bana som <strong>Fares Fares<\/strong>. Fr\u00e5n charmig komedisk\u00e5dis i <a href=\"https:\/\/www.moviezine.se\/movies\/jalla-jalla\" rel=\"nofollow noopener\" target=\"_blank\">\u201dJalla! Jalla!\u201d<\/a> till tystl\u00e5ten moralisk kompass i \u201dAvdelning Q\u201d-filmerna, har han st\u00e4ndigt r\u00f6rt sig mellan humor, m\u00f6rker och eftert\u00e4nksamhet. Han slog igenom tillsammans med brodern Josef Fares, men har sedan dess byggt en karri\u00e4r som str\u00e4cker sig l\u00e5ngt bortom familjeband och nationsgr\u00e4nser.<\/p>\n<p>Fares Fares \u00e4r en sk\u00e5despelare som aldrig stannar i ytan. Han b\u00e4r p\u00e5 en l\u00e5gm\u00e4ld intensitet, ett slags m\u00e4nskligt allvar som g\u00f6r \u00e4ven de mest komiska rollerna trov\u00e4rdiga. Oavsett om han spelar polis, kidnappare, predikant eller f\u00f6rlorad sj\u00e4l s\u00e5 finns d\u00e4r alltid samma n\u00e4rvaro: en blick som s\u00e4ger mer \u00e4n replikerna. Det \u00e4r den sortens karisma som inte g\u00e5r att regissera \u2013 den bara finns.\u00a0<\/p>\n<p>Den st\u00e4ndigt aktuella sk\u00e5despelaren syns just nu p\u00e5 bio i Tarik Salehs <a href=\"https:\/\/www.moviezine.se\/movies\/eagles-of-the-republic\" rel=\"nofollow noopener\" target=\"_blank\">\u201dEagles of the Republic\u201d<\/a> och i tv-rutan med TV4-satsningen <a href=\"https:\/\/www.moviezine.se\/series\/vi-kommer-i-fred\" rel=\"nofollow noopener\" target=\"_blank\">\u201dVi kommer i fred\u201d<\/a>. H\u00e4r \u00e4r tio roller som visar varf\u00f6r <strong>Fares Fares<\/strong> \u00e4r en av Sveriges mest intressanta och respekterade sk\u00e5despelare.<\/p>\n<p><img loading=\"lazy\" height=\"365\" width=\"648\" class=\"wp-image-705395 sp-no-webp perfmatters-lazy\" alt=\"\" decoding=\"async\" src=\"https:\/\/www.europesays.com\/se\/wp-content\/uploads\/2025\/11\/1106-1-648x365.jpg\"  data-\/> <\/p>\n<p><strong>10. En dag och en halv (2023)<\/strong><\/p>\n<p><strong>I sin regidebut<\/strong> spelar Fares Fares sj\u00e4lv en av huvudrollerna som Lukas, en polis som hj\u00e4lper en man som desperat kidnappar sin exfru i jakt p\u00e5 ett sista samtal. Filmen \u00e4r en t\u00e4t psykologisk thriller med en emotionell k\u00e4rna, och Fares regisserar med samma precision som han spelar. Kombinationen av det \u00e5terh\u00e5llna och det explosiva visar en konstn\u00e4r som beh\u00e4rskar b\u00e5da sidor av kameran. Filmen fick blandad kritik n\u00e4r den kom, men det \u00e4r en stark debut som lovar mer.<\/p>\n<p><img loading=\"lazy\" height=\"365\" width=\"648\" class=\"wp-image-705396 sp-no-webp perfmatters-lazy\" alt=\"\" decoding=\"async\" src=\"https:\/\/www.europesays.com\/se\/wp-content\/uploads\/2025\/11\/1106-11-648x365.jpg\"  data-\/> <\/p>\n<p><strong>9. Leende guldbruna \u00f6gon (2007)<\/strong><\/p>\n<p>I detta <strong>bortgl\u00f6mda guldkorn till SVT-serie<\/strong> spelar Fares en f\u00f6re detta hiphop-stj\u00e4rna som motvilligt dras in dansbandsv\u00e4rlden. Rollen till\u00e5ter honom att vara b\u00e5de rolig och s\u00e5rbar, och serien lyckas kommentera representation l\u00e5ngt innan det blev ett modeord. Fares bjuder p\u00e5 sj\u00e4lvironi men ocks\u00e5 en p\u00e5taglig frustration \u00f6ver att reduceras till sin bakgrund. Det \u00e4r en intelligent, varm och underskattad prestation som f\u00f6rtj\u00e4nar att ses om.<\/p>\n<p><img loading=\"lazy\" height=\"365\" width=\"648\" class=\"wp-image-705397 sp-no-webp perfmatters-lazy\" alt=\"\" decoding=\"async\" src=\"https:\/\/www.europesays.com\/se\/wp-content\/uploads\/2025\/11\/1106-12-648x365.jpg\"  data-\/> <\/p>\n<p><strong>8. Leva livet (2001)<\/strong><\/p>\n<p>I <strong>Mikael H\u00e5fstr\u00f6ms ensemblefilm<\/strong> spelar Fares Michel, en av de boende i det myllrande hyreshuset d\u00e4r sm\u00e5 och stora livsdramer utspelar sig. Filmen f\u00e5ngar en hel stad i miniatyr \u2013 k\u00e4rlek, ensamhet, dr\u00f6mmar och missf\u00f6rst\u00e5nd \u2013 och Fares gestaltar Michel med en naturlig v\u00e4rme och nerv. Hans roll \u00e4r liten men minnesv\u00e4rd: ett portr\u00e4tt av en man som f\u00f6rs\u00f6ker h\u00e5lla ihop en fasad medan v\u00e4rlden omkring honom b\u00f6rjar spricka. Det \u00e4r en tidig glimt av hans f\u00f6rm\u00e5ga att g\u00f6ra vardagens \u00f6gonblick till ren dramatik.<\/p>\n<p><img loading=\"lazy\" height=\"365\" width=\"648\" class=\"wp-image-705398 sp-no-webp perfmatters-lazy\" alt=\"\" decoding=\"async\" src=\"https:\/\/www.europesays.com\/se\/wp-content\/uploads\/2025\/11\/1106-13-648x365.jpg\"  data-\/> <\/p>\n<p><strong>7. Kopps (2003)<\/strong><\/p>\n<p><strong>I<\/strong> <strong>Josef Fares kultkomedi <\/strong>spelar Fares Fares den sansade polisen Jacob som f\u00f6rs\u00f6ker h\u00e5lla ordning i en landsortsstation d\u00e4r brottsligheten helt upph\u00f6rt. Som motvikt till Torkel Peterssons mer galna Benny fungerar Fares som filmens \u201cstraight man\u201d \u2013 torr, tr\u00f6tt och perfekt i sitt d\u00f6dl\u00e4ge mellan byr\u00e5kratisk vardag och total absurdism. Hans \u00e5terh\u00e5llna spel f\u00f6rst\u00e4rker komedins absurda rytm, och samspelet mellan honom och Petersson \u00e4r en masterclass i kontrastkomik.<\/p>\n<p><img loading=\"lazy\" height=\"365\" width=\"648\" class=\"wp-image-705399 sp-no-webp perfmatters-lazy\" alt=\"\" decoding=\"async\" src=\"https:\/\/www.europesays.com\/se\/wp-content\/uploads\/2025\/11\/1106-14-648x365.jpg\"  data-\/> <\/p>\n<p><strong>6. Partisan (2020)<\/strong><\/p>\n<p>I denna <strong>m\u00f6rka Viaplay-serie<\/strong> spelar Fares en mystisk man som anl\u00e4nder till ett slutet samh\u00e4lle p\u00e5 den svenska landsbygden. Serien \u00e4r kuslig och suggestiv, och Fares \u00e4r dess nav. Han kombinerar ett tyst lugn med en st\u00e4ndig k\u00e4nsla av fara. Rollen p\u00e5minner om hur v\u00e4l han beh\u00e4rskar l\u00e5ngsamt brinnande dramatik: varje scen laddas med undertryckt hot och skuld. En modern noir i svensk tappning \u2013 och Fares i sitt esse.<\/p>\n<p><img loading=\"lazy\" height=\"365\" width=\"648\" class=\"wp-image-705400 sp-no-webp perfmatters-lazy\" alt=\"\" decoding=\"async\" src=\"https:\/\/www.europesays.com\/se\/wp-content\/uploads\/2025\/11\/1106-15-648x365.jpg\"  data-\/> <\/p>\n<p><strong>5. Snabba Cash (2010\u20132012)<\/strong><\/p>\n<p>Som den komplexe Mahmoud blir Fares Fares en moralisk g\u00e5ta i <strong>Daniel Espinosas r\u00e5a Stockholmsskildring<\/strong>. Han spelade rollen i b\u00e5de <a href=\"https:\/\/www.moviezine.se\/movies\/snabba-cash\" rel=\"nofollow noopener\" target=\"_blank\">\u201dSnabba Cash\u201d<\/a> och <a href=\"https:\/\/www.moviezine.se\/movies\/snabba-cash-ii\" rel=\"nofollow noopener\" target=\"_blank\">\u201dSnabba Cash II\u201d,<\/a> och <strong>nominerades till en Guldbagge<\/strong> f\u00f6r sin insats i den senare. Fares lyckas g\u00f6ra Mahmoud b\u00e5de cynisk och m\u00e4nsklig, driven av \u00f6verlevnadsinstinkt men inte utan samvete. Det \u00e4r en roll som markerar \u00f6verg\u00e5ngen fr\u00e5n folklig sk\u00e5dis till respekterad karakt\u00e4rssk\u00e5despelare.<\/p>\n<p><img loading=\"lazy\" height=\"365\" width=\"648\" class=\"wp-image-705401 sp-no-webp perfmatters-lazy\" alt=\"\" decoding=\"async\" src=\"https:\/\/www.europesays.com\/se\/wp-content\/uploads\/2025\/11\/1106-16-648x365.jpg\"  data-\/> <\/p>\n<p><strong>4. Jalla! Jalla! (2000)<\/strong><\/p>\n<p>Fares l\u00e5ngfilmsdebut \u2013 och genombrott \u2013 i brodern Josef Fares romantiska komedi \u00e4r en <strong>modern svensk klassiker.<\/strong> Som Roro, den k\u00e4rlekskranke parkf\u00f6rvaltaren som fastnar mellan k\u00e4rlek och familjef\u00f6rv\u00e4ntningar, utgjorde Fares en ny slags huvudroll: charmig, sj\u00e4lvironisk och med en fot i tv\u00e5 kulturer. Filmen \u00e4r b\u00e5de l\u00e4ttsam och djupt personlig, och Fares levererar med total \u00e4kthet. En debut som satte tonen f\u00f6r 2000-talets svenska filmhumor.<\/p>\n<p><img loading=\"lazy\" height=\"365\" width=\"648\" class=\"wp-image-705402 sp-no-webp perfmatters-lazy\" alt=\"\" decoding=\"async\" src=\"https:\/\/www.europesays.com\/se\/wp-content\/uploads\/2025\/11\/1106-17-648x365.jpg\"  data-\/> <\/p>\n<p><strong>3. Avdelning Q-filmerna (2013\u20132018)<\/strong><\/p>\n<p>Som Assad i filmatiseringarna av <strong>Jussi Adler-Olsens kriminalromaner<\/strong> (<a href=\"https:\/\/www.moviezine.se\/movies\/kvinnan-i-rummet\" rel=\"nofollow noopener\" target=\"_blank\">\u201dKvinnan i rummet\u201d<\/a>, <a href=\"https:\/\/www.moviezine.se\/movies\/fasanjagarna\" rel=\"nofollow noopener\" target=\"_blank\">\u201dFasanj\u00e4garna\u201d<\/a>, <a href=\"https:\/\/www.moviezine.se\/movies\/flaskpost-fran-p\" rel=\"nofollow noopener\" target=\"_blank\">\u201dFlaskpost fr\u00e5n P\u201d<\/a> och <a href=\"https:\/\/www.moviezine.se\/movies\/the-purity-of-vengeance\" rel=\"nofollow noopener\" target=\"_blank\">\u201dJournal 64\u201d<\/a>) fick Fares sitt stora internationella genombrott. Tillsammans med Nikolaj Lie Kaas bildar han ett av de mest fascinerande radarparen i modern nordisk film. Hans Assad \u00e4r stillsam men magnetisk, en man som d\u00f6ljer djupa trauman bakom lugn kontroll. Fares ger karakt\u00e4ren b\u00e5de v\u00e4rdighet och mystik \u2013 ett skolboksexempel p\u00e5 l\u00e5gm\u00e4ld briljans.<\/p>\n<p><img loading=\"lazy\" height=\"365\" width=\"648\" class=\"wp-image-705404 sp-no-webp perfmatters-lazy\" alt=\"\" decoding=\"async\" src=\"https:\/\/www.europesays.com\/se\/wp-content\/uploads\/2025\/11\/1106-18-648x365.jpg\"  data-\/> <\/p>\n<p><strong>2. Boy from Heaven (2022)<\/strong><\/p>\n<p><strong>Tarik Salehs t\u00e4ta politiska thriller<\/strong> utspelar sig i Kairo, d\u00e4r Fares spelar den egyptiske underr\u00e4ttelsetj\u00e4nstemannen Ibrahim. Hans roll \u00e4r kylig, sofistikerad och skr\u00e4mmande \u2013 en maktens man som styr genom tystnad och manipulation. Filmen vann pris f\u00f6r b\u00e4sta manus i Cannes, och Fares fick internationella lovord f\u00f6r sitt iskalla men m\u00e4nskliga portr\u00e4tt. Det \u00e4r en prestation som visar hur fullst\u00e4ndigt han bem\u00e4strar det minimalistiska spelet.<\/p>\n<p><img loading=\"lazy\" height=\"365\" width=\"648\" class=\"wp-image-705405 sp-no-webp perfmatters-lazy\" alt=\"\" decoding=\"async\" src=\"https:\/\/www.europesays.com\/se\/wp-content\/uploads\/2025\/11\/1106-19-648x365.jpg\"  data-\/> <\/p>\n<p><strong>1. The Nile Hilton Incident (2017)<\/strong><\/p>\n<p>Men det var i den f\u00f6rsta delen av <strong>Tarik Salehs Kairo-trilogi<\/strong> som Fares lyst som starkast. I denna flerfaldigt prisbel\u00f6nade noir spelar han polisen Noredin, en korrumperad utredare i Kairo som sakta b\u00f6rjar n\u00e5 ett moraliskt uppvaknande. Det \u00e4r hans kanske mest kompletta roll: r\u00e5, tr\u00f6tt, cynisk men med ett bultande hj\u00e4rta av r\u00e4ttvisa. Fares b\u00e4r filmen med sin n\u00e4rvaro \u2013 varje r\u00f6relse, varje paus s\u00e4ger n\u00e5got om makt, skuld och samvete.<\/p>\n<p><a href=\"https:\/\/www.moviezine.se\/movies\/the-nile-hilton-incident\" rel=\"nofollow noopener\" target=\"_blank\">\u201dThe Nile Hilton Incident\u201d<\/a> \u00e4r en modern klassiker som visade att Fares Fares inte bara \u00e4r en svensk stj\u00e4rna, utan en v\u00e4rldssk\u00e5despelare \u2013 och dessutom gav honom en <strong>v\u00e4lf\u00f6rtj\u00e4nt Guldbagge f\u00f6r B\u00e4sta manliga huvudroll.<\/strong><\/p>\n<p>L\u00e4s ocks\u00e5: <a href=\"https:\/\/www.moviezine.se\/nyheter\/svensk-pakostad-science-fiction-serie-pa-tv4-ar-mycket-battre-an-vantat\" title=\"Svensk p\u00e5kostad science fiction-serie p\u00e5 TV4 \u00e4r mycket b\u00e4ttre \u00e4n v\u00e4ntat\" class=\"underline-custom !font-montserrat !font-bold !underline-offset-4 !decoration-4 !decoration-moviezine-green !text-md\" rel=\"nofollow noopener\" target=\"_blank\">Svensk p\u00e5kostad science fiction-serie p\u00e5 TV4 \u00e4r mycket b\u00e4ttre \u00e4n v\u00e4ntat<\/a><\/p>\n<p>L\u00e4s ocks\u00e5: <a href=\"https:\/\/www.moviezine.se\/nyheter\/sveriges-oscarsbidrag-blir-eagles-of-the-republic\" title=\"Sveriges Oscarsbidrag blir\u2026 arabiskspr\u00e5kiga \u201dEagles of the Republic\u201d\" class=\"underline-custom !font-montserrat !font-bold !underline-offset-4 !decoration-4 !decoration-moviezine-green !text-md\" rel=\"nofollow noopener\" target=\"_blank\">Sveriges Oscarsbidrag blir\u2026 arabiskspr\u00e5kiga \u201dEagles of the Republic\u201d<\/a><\/p>\n","protected":false},"excerpt":{"rendered":"F\u00e5 sk\u00e5despelare i svensk film har haft en s\u00e5 m\u00e5ngsidig och internationell bana som Fares Fares. Fr\u00e5n charmig&hellip;\n","protected":false},"author":2,"featured_media":82111,"comment_status":"","ping_status":"","sticky":false,"template":"","format":"standard","meta":{"footnotes":""},"categories":[67],"tags":[104,2394,34,2535,31,33,32,30,2904,105],"class_list":{"0":"post-82110","1":"post","2":"type-post","3":"status-publish","4":"format-standard","5":"has-post-thumbnail","7":"category-underhallning","8":"tag-entertainment","9":"tag-kandisar","10":"tag-se","11":"tag-svensk-film","12":"tag-svenska","13":"tag-sverige","14":"tag-sweden","15":"tag-swedish","16":"tag-topp-10","17":"tag-underhallning"},"share_on_mastodon":{"url":"https:\/\/pubeurope.com\/@se\/115559887550359091","error":""},"_links":{"self":[{"href":"https:\/\/www.europesays.com\/se\/wp-json\/wp\/v2\/posts\/82110","targetHints":{"allow":["GET"]}}],"collection":[{"href":"https:\/\/www.europesays.com\/se\/wp-json\/wp\/v2\/posts"}],"about":[{"href":"https:\/\/www.europesays.com\/se\/wp-json\/wp\/v2\/types\/post"}],"author":[{"embeddable":true,"href":"https:\/\/www.europesays.com\/se\/wp-json\/wp\/v2\/users\/2"}],"replies":[{"embeddable":true,"href":"https:\/\/www.europesays.com\/se\/wp-json\/wp\/v2\/comments?post=82110"}],"version-history":[{"count":0,"href":"https:\/\/www.europesays.com\/se\/wp-json\/wp\/v2\/posts\/82110\/revisions"}],"wp:featuredmedia":[{"embeddable":true,"href":"https:\/\/www.europesays.com\/se\/wp-json\/wp\/v2\/media\/82111"}],"wp:attachment":[{"href":"https:\/\/www.europesays.com\/se\/wp-json\/wp\/v2\/media?parent=82110"}],"wp:term":[{"taxonomy":"category","embeddable":true,"href":"https:\/\/www.europesays.com\/se\/wp-json\/wp\/v2\/categories?post=82110"},{"taxonomy":"post_tag","embeddable":true,"href":"https:\/\/www.europesays.com\/se\/wp-json\/wp\/v2\/tags?post=82110"}],"curies":[{"name":"wp","href":"https:\/\/api.w.org\/{rel}","templated":true}]}}