{"id":82194,"date":"2025-11-16T16:23:11","date_gmt":"2025-11-16T16:23:11","guid":{"rendered":"https:\/\/www.europesays.com\/se\/82194\/"},"modified":"2025-11-16T16:23:11","modified_gmt":"2025-11-16T16:23:11","slug":"uppgifter-labubu-blir-langfilm","status":"publish","type":"post","link":"https:\/\/www.europesays.com\/se\/82194\/","title":{"rendered":"Uppgifter: Labubu blir l\u00e5ngfilm"},"content":{"rendered":"<p>Publicerad 16 nov 2025 kl 16.59<\/p>\n<p>\u00c4rligt talat var det v\u00e4l bara en fr\u00e5ga om n\u00e4r det skulle ske.<\/p>\n<p>Och nu sker det \u2013 Labubu-dockorna f\u00e5r en egen film.\u00a0<\/p>\n<p>Men n\u00e4r, hur och var den dyker upp \u00e4r \u00e4nnu oklart.<\/p>\n<p><img   alt=\"\"\/><\/p>\n<p>Sony ska ha k\u00f6pt r\u00e4ttigheterna till att g\u00f6ra film om Labubu.<\/p>\n<p>Foto: KOBE LI \/ STELLA PICTURES<\/p>\n<p>\u00d6ppna bild i helsk\u00e4rm<\/p>\n<p>Enligt <a href=\"https:\/\/www.hollywoodreporter.com\/movies\/movie-news\/labubu-movie-in-the-works-at-sony-1236426627\/\" rel=\"nofollow noopener\" target=\"_blank\">Hollywood Reporter<\/a> har Sony Pictures precis k\u00f6pt r\u00e4ttigheterna till att g\u00f6ra l\u00e5ngfilm av de om\u00e5ttligt popul\u00e4ra <a href=\"https:\/\/www.expressen.se\/tagg\/organization\/labubu\/\" class=\"\" rel=\"nofollow noopener\" target=\"_blank\">Labubu<\/a>-dockorna.\u00a0<\/p>\n<p>Hur en film kan komma att se ut eller huruvida den blir animerad eller spelfilm \u00e4r oklart. \u00a0Men ett antagande \u00e4r att Sony i och med k\u00f6pet kan s\u00e4tta Labubu i h\u00e4nderna p\u00e5 samma team som ligger bakom <a href=\"https:\/\/www.expressen.se\/noje\/tv-och-streaming\/k-pop-demonjagarna-mest-sedda\/\" rel=\"nofollow noopener\" target=\"_blank\">Netflix-succ\u00e9n \u201dK-Pop: Demonj\u00e4garna\u201d<\/a>.<\/p>\n<p>Varken Sony eller kinesiska bolaget bakom Labubu har kommenterat Hollywood Reporters uppgifter.<\/p>\n<p>Lubabu \u2013\u00a0globalt fenomen som drar in miljarder<\/p>\n<p>Labubu-dockorna \u2013\u00a0med sina karakt\u00e4ristiska spetsiga t\u00e4nder och stort huvud \u2013 skapades f\u00f6r tio \u00e5r sedan av illustrat\u00f6ren och leksaksdesignern Kasing Lung. Dockorna s\u00e4ljs exklusivt av kinesiska bolaget Pop mart och har blivit ett globalt fenomen; k\u00e4ndisar som Rihanna, Kim Kardashian och David Beckham har visat upp sig med sina Labubus.<\/p>\n<p>Den stora efterfr\u00e5gan p\u00e5 dockorna gjorde att vd:n f\u00f6r Pop mart blev, <a href=\"https:\/\/www.forbes.com\/sites\/ywang\/2025\/04\/28\/chinas-wang-ning-adds-16-billion-to-wealth-as-americans-queue-for-toys\/\" rel=\"nofollow noopener\" target=\"_blank\">enligt Forbes<\/a>, ungef\u00e4r 190 miljarder kronor rikare \u2013 p\u00e5 bara 24 timmar i slutet av april.<\/p>\n<p>I takt med att dockorna blivit till \u00e5tr\u00e5v\u00e4rda samlarobjekt, har det samtidigt vuxit fram en marknad f\u00f6r kopior. Den o\u00e4kta versionen har till och med har f\u00e5tt ett eget namn: Lafufu.\u00a0<\/p>\n<p><strong>L\u00c4S MER: <\/strong><a href=\"https:\/\/www.expressen.se\/nyheter\/varlden\/labubu-monsterfiguren-som-erovrar-varlden\/\" class=\"\" rel=\"nofollow noopener\" target=\"_blank\">Labubu \u2013 monsterfiguren som er\u00f6vrar v\u00e4rlden<\/a><\/p>\n","protected":false},"excerpt":{"rendered":"Publicerad 16 nov 2025 kl 16.59 \u00c4rligt talat var det v\u00e4l bara en fr\u00e5ga om n\u00e4r det skulle&hellip;\n","protected":false},"author":2,"featured_media":82195,"comment_status":"","ping_status":"","sticky":false,"template":"","format":"standard","meta":{"footnotes":""},"categories":[67],"tags":[104,773,2547,1839,1035,7925,34,55,31,33,32,30,105],"class_list":{"0":"post-82194","1":"post","2":"type-post","3":"status-publish","4":"format-standard","5":"has-post-thumbnail","7":"category-underhallning","8":"tag-entertainment","9":"tag-location-hollywood","10":"tag-organization-labubu","11":"tag-organization-netflix","12":"tag-person-david-beckham","13":"tag-person-rihanna","14":"tag-se","15":"tag-sections-varlden","16":"tag-svenska","17":"tag-sverige","18":"tag-sweden","19":"tag-swedish","20":"tag-underhallning"},"share_on_mastodon":{"url":"https:\/\/pubeurope.com\/@se\/115560303978176821","error":""},"_links":{"self":[{"href":"https:\/\/www.europesays.com\/se\/wp-json\/wp\/v2\/posts\/82194","targetHints":{"allow":["GET"]}}],"collection":[{"href":"https:\/\/www.europesays.com\/se\/wp-json\/wp\/v2\/posts"}],"about":[{"href":"https:\/\/www.europesays.com\/se\/wp-json\/wp\/v2\/types\/post"}],"author":[{"embeddable":true,"href":"https:\/\/www.europesays.com\/se\/wp-json\/wp\/v2\/users\/2"}],"replies":[{"embeddable":true,"href":"https:\/\/www.europesays.com\/se\/wp-json\/wp\/v2\/comments?post=82194"}],"version-history":[{"count":0,"href":"https:\/\/www.europesays.com\/se\/wp-json\/wp\/v2\/posts\/82194\/revisions"}],"wp:featuredmedia":[{"embeddable":true,"href":"https:\/\/www.europesays.com\/se\/wp-json\/wp\/v2\/media\/82195"}],"wp:attachment":[{"href":"https:\/\/www.europesays.com\/se\/wp-json\/wp\/v2\/media?parent=82194"}],"wp:term":[{"taxonomy":"category","embeddable":true,"href":"https:\/\/www.europesays.com\/se\/wp-json\/wp\/v2\/categories?post=82194"},{"taxonomy":"post_tag","embeddable":true,"href":"https:\/\/www.europesays.com\/se\/wp-json\/wp\/v2\/tags?post=82194"}],"curies":[{"name":"wp","href":"https:\/\/api.w.org\/{rel}","templated":true}]}}