{"id":82219,"date":"2025-11-16T16:57:07","date_gmt":"2025-11-16T16:57:07","guid":{"rendered":"https:\/\/www.europesays.com\/se\/82219\/"},"modified":"2025-11-16T16:57:07","modified_gmt":"2025-11-16T16:57:07","slug":"da-kan-du-missa-symtomen-pa-klimakteriet","status":"publish","type":"post","link":"https:\/\/www.europesays.com\/se\/82219\/","title":{"rendered":"D\u00e5 kan du missa symtomen p\u00e5 klimakteriet"},"content":{"rendered":"<p data-testid=\"lead\" itemprop=\"description\">Gynekologen: \u201dD\u00e5 kan man inte rikta in sig p\u00e5 utebliven mens som indikator\u201d<\/p>\n<p class=\"sc-c25743f0-0 sc-e37c0145-2 hObFds DQgPn\">Katarina Brywe, gynekolog p\u00e5 Carlakliniken i Stockholm, betonar att klimakteriet inte intr\u00e4ffar \u00f6ver en natt, utan \u00e4r n\u00e5got som sker successivt. D\u00e4rf\u00f6r kan symtomen komma och g\u00e5 under en period, innan kroppen helt slutar producera \u00f6strogen. <\/p>\n<p class=\"sc-c25743f0-0 sc-e37c0145-2 hObFds DQgPn\">I ett tidigt skede av klimakteriet kan hum\u00f6rsv\u00e4ngningar och nedst\u00e4mdhet vara symtom att h\u00e5lla utkik efter. <\/p>\n<p class=\"sc-c25743f0-0 sc-e37c0145-2 hObFds DQgPn\">\u2013 Man kan bli mycket mer irritabel, en del kvinnor har v\u00e4ldigt l\u00e4tt till gr\u00e5t och m\u00e5nga beskriver en inre, obest\u00e4md oro. Man kanske oroar sig f\u00f6r saker som aldrig varit n\u00e5got bekymmer tidigare. Det handlar ocks\u00e5 om att det kan sv\u00e4nga v\u00e4ldigt hastigt, s\u00e4ger hon. <\/p>\n<p class=\"sc-c25743f0-0 sc-e37c0145-2 hObFds DQgPn\">Vissa drabbas ocks\u00e5 av orkesl\u00f6shet eller ett tillst\u00e5nd som kallas dystymi, som inneb\u00e4r en l\u00e4ttare nedst\u00e4mdhet under l\u00e4ngre period. F\u00f6r den som haft problem med pms tidigare i livet kan dessa symtom f\u00f6rst\u00e4rkas i takt med att man n\u00e4rmar sig klimakteriet. <\/p>\n<p>D\u00e5 kan symtomen maskeras<\/p>\n<p class=\"sc-c25743f0-0 sc-e37c0145-2 hObFds DQgPn\">De kanske allra tydligaste symtomen p\u00e5 klimakteriet \u00e4r svettningar och vallningar, och att mensen blir oregelbunden. Men f\u00f6r den som anv\u00e4nder hormonella preventivmedel, som p-piller, minipiller och hormonspiral finns en risk att man missar symtom som uteblivna menstruationer. <\/p>\n<p class=\"sc-c25743f0-0 sc-e37c0145-2 hObFds DQgPn\">\u2013 Om man tar p-piller med \u00f6strogen tillf\u00f6r man redan \u00f6strogen, och d\u00e5 maskerar man symtomen. F\u00f6r ganska m\u00e5nga kvinnor ger minipiller och spiral en bl\u00f6dningsfrihet. D\u00e5 kan man inte rikta in sig p\u00e5 utebliven mens som en indikator, utan f\u00e5r i st\u00e4llet g\u00e5 p\u00e5 andra symtom som svettningar, vallningar, s\u00f6mnp\u00e5verkan och hum\u00f6rp\u00e5verkan, s\u00e4ger Brywe. <\/p>\n<p>Kan misstas f\u00f6r utmattningssymtom<\/p>\n<p class=\"sc-c25743f0-0 sc-e37c0145-2 hObFds DQgPn\">TV4 Nyheterna har tidigare rapporterat om 45-\u00e5riga Josefin Wikstr\u00f6m Sundblad som varit<a href=\"https:\/\/www.tv4.se\/artikel\/3D1kqC4hghQkhHfMczOEFf\/utslagen-och-sjukskriven-i-snart-ett-ar-pa-grund-av-klimakteriet\" class=\"pcc\" target=\"_top\" rel=\"nofollow noopener\"> sjukskriven i flera m\u00e5nader till f\u00f6ljd av klimakteriebesv\u00e4r<\/a>. Bland annat drabbades hon av stark energil\u00f6shet och muskelv\u00e4rk, men det dr\u00f6jde innan hon fick r\u00e4tt v\u00e5rd.<\/p>\n<p class=\"sc-c25743f0-0 sc-e37c0145-2 hObFds DQgPn\">Enligt Katarina Brywe h\u00e4nder det att kvinnor som varit i v\u00e5rden under en l\u00e4ngre tid med symtom p\u00e5 utmattningsdepression och utbr\u00e4ndhet till slut har s\u00f6kt sig till henne med fr\u00e5gan om det kan ha att g\u00f6ra med klimakteriet. Vanligtvis behandlas klimakteriebesv\u00e4r med \u00f6strogen, och s\u00e5dan behandling kan s\u00e4ttas in \u00e4ven vid mindre typiska klimakteriesymtom. <\/p>\n<p class=\"sc-c25743f0-0 sc-e37c0145-2 hObFds DQgPn\">\u2013 Jag kan inte minnas n\u00e5got fall d\u00e4r vi l\u00f6st hela den problematiken bara med \u00f6strogenbehandling, men det \u00e4r klart att det kan addera till hur man m\u00e5r. I enstaka fall \u00e4r det s\u00e4kert s\u00e5 att det kan b\u00f6rja med hum\u00f6rsv\u00e4ngningar och muskelv\u00e4rk. Man m\u00e5ste vara lyh\u00f6rd och g\u00f6ra en individuell bed\u00f6mning, s\u00e4ger hon. <\/p>\n<p class=\"sc-c25743f0-0 sc-c5cf8a87-2 joNBdL gFLDso\">Fakta: Klimakteriet<\/p>\n<p class=\"sc-c25743f0-0 sc-e37c0145-2 hObFds DQgPn\">I klimakteriet f\u00f6r\u00e4ndras hormonniv\u00e5erna i kroppen. Det \u00e4r b\u00e5de m\u00e4ngden \u00f6strogen och gulkroppshormon som minskar. Antalet \u00e4gg i \u00e4ggstockarna h\u00e5ller p\u00e5 att ta slut, \u00e4gglossningen och mensen blir oregelbunden och slutar till sist helt. Cirka fem \u00e5r efter sista mensen \u00e4r \u00e4ggen helt slut och kroppen har en konstant l\u00e5g niv\u00e5 av \u00f6strogen.<\/p>\n<p class=\"sc-c25743f0-0 sc-e37c0145-2 hObFds DQgPn\">\u00d6strogen p\u00e5verkar m\u00e5nga organ i hela kroppen. M\u00e5nga av de symtom som uppst\u00e5r beror p\u00e5 den minskande m\u00e4ngden \u00f6strogen i kroppen, och behandlas med \u00f6strogen. <\/p>\n<p class=\"sc-c25743f0-0 sc-e37c0145-2 hObFds DQgPn\">N\u00e5gra vanliga klimakteriebesv\u00e4r:<\/p>\n<p class=\"sc-c25743f0-0 sc-e37c0145-2 hObFds DQgPn\">V\u00e4rmevallningar och kylvallningar, s\u00f6mnproblem och tr\u00f6tthet, hum\u00f6rsv\u00e4ngningar och nedst\u00e4mdhet, torra slemhinnor och hud, minskad sexlust, besv\u00e4r med urinv\u00e4garna.<\/p>\n<p class=\"sc-c25743f0-0 sc-e37c0145-2 hObFds DQgPn\">K\u00e4lla: 1177<\/p>\n","protected":false},"excerpt":{"rendered":"Gynekologen: \u201dD\u00e5 kan man inte rikta in sig p\u00e5 utebliven mens som indikator\u201d Katarina Brywe, gynekolog p\u00e5 Carlakliniken&hellip;\n","protected":false},"author":2,"featured_media":82220,"comment_status":"","ping_status":"","sticky":false,"template":"","format":"standard","meta":{"footnotes":""},"categories":[69],"tags":[113,112,34,31,33,32,30],"class_list":{"0":"post-82219","1":"post","2":"type-post","3":"status-publish","4":"format-standard","5":"has-post-thumbnail","7":"category-halsa","8":"tag-halsa","9":"tag-health","10":"tag-se","11":"tag-svenska","12":"tag-sverige","13":"tag-sweden","14":"tag-swedish"},"share_on_mastodon":{"url":"https:\/\/pubeurope.com\/@se\/115560437725689114","error":""},"_links":{"self":[{"href":"https:\/\/www.europesays.com\/se\/wp-json\/wp\/v2\/posts\/82219","targetHints":{"allow":["GET"]}}],"collection":[{"href":"https:\/\/www.europesays.com\/se\/wp-json\/wp\/v2\/posts"}],"about":[{"href":"https:\/\/www.europesays.com\/se\/wp-json\/wp\/v2\/types\/post"}],"author":[{"embeddable":true,"href":"https:\/\/www.europesays.com\/se\/wp-json\/wp\/v2\/users\/2"}],"replies":[{"embeddable":true,"href":"https:\/\/www.europesays.com\/se\/wp-json\/wp\/v2\/comments?post=82219"}],"version-history":[{"count":0,"href":"https:\/\/www.europesays.com\/se\/wp-json\/wp\/v2\/posts\/82219\/revisions"}],"wp:featuredmedia":[{"embeddable":true,"href":"https:\/\/www.europesays.com\/se\/wp-json\/wp\/v2\/media\/82220"}],"wp:attachment":[{"href":"https:\/\/www.europesays.com\/se\/wp-json\/wp\/v2\/media?parent=82219"}],"wp:term":[{"taxonomy":"category","embeddable":true,"href":"https:\/\/www.europesays.com\/se\/wp-json\/wp\/v2\/categories?post=82219"},{"taxonomy":"post_tag","embeddable":true,"href":"https:\/\/www.europesays.com\/se\/wp-json\/wp\/v2\/tags?post=82219"}],"curies":[{"name":"wp","href":"https:\/\/api.w.org\/{rel}","templated":true}]}}