{"id":82236,"date":"2025-11-16T17:12:31","date_gmt":"2025-11-16T17:12:31","guid":{"rendered":"https:\/\/www.europesays.com\/se\/82236\/"},"modified":"2025-11-16T17:12:31","modified_gmt":"2025-11-16T17:12:31","slug":"aberg-trea-efter-hogdramatisk-avslutning","status":"publish","type":"post","link":"https:\/\/www.europesays.com\/se\/82236\/","title":{"rendered":"\u00c5berg trea efter h\u00f6gdramatisk avslutning"},"content":{"rendered":"<p>Ludvig \u00c5berg, 26, stod f\u00f6r en riktigt vass avslutning av DP World Tour Championship p\u00e5 Jumerirah Estates Earth Course i Dubai. Han gick p\u00e5 66 slag sista ronden, slutade 17 under par totalt, vilket till slut var ett slag f\u00f6r mycket f\u00f6r att ta sig in i s\u00e4rspelet som avgjorde t\u00e4vlingen. \u00c5berg delade tredjeplatsen med tre andra spelare.<\/p>\n<p>\u00c5berg var lite svajig fr\u00e5n tee under slutronden men n\u00e4rspelet och en hel del j\u00e4rnslag h\u00f6ll h\u00f6g klass och efter birdies p\u00e5 de tv\u00e5 inledande h\u00e5len fyllde han p\u00e5 med intj\u00e4nade slag p\u00e5 h\u00e5l 8, 10 och \u00e4ven p\u00e5 h\u00e5l 12, d\u00e4r han satte en pitch fr\u00e5n 40 meter med perfekt fart ner i koppen. D\u00e4remellan hann \u00c5berg med n\u00e5gra svettiga parr\u00e4ddningar bland annat p\u00e5 h\u00e5l 5 och 9. <\/p>\n<p>Puttern fungerade snudd p\u00e5 felfritt fram till h\u00e5l 14 d\u00e4r \u00c5berg missade en putt fr\u00e5n drygt en meter f\u00f6r birdie. P\u00e5 h\u00e5let d\u00e4rp\u00e5 slog han tv\u00e5 modiga slag till en sv\u00e5r pinne men missade tyv\u00e4rr \u00e4ven d\u00e4r en birdieputt fr\u00e5n ungef\u00e4r samma avst\u00e5nd. <\/p>\n<p>\u00c5berg avslutade sedan med bra par p\u00e5 h\u00e5l 16 och 17 innan han gjorde en snygg up-and-down f\u00f6r birdie p\u00e5 sluth\u00e5let. <\/p>\n<p>Han delade ledningen i det skedet och det s\u00e5g l\u00e4nge ut att m\u00f6jligtvis kunna r\u00e4cka till ett s\u00e4rspel. Men n\u00e4r engelsmannen Matthew Fitzpatrick rullade i sin birdieputt fr\u00e5n knappt tv\u00e5 meter p\u00e5 sista tog han sig till 18 under par. <\/p>\n<p>I sista bollen kom sedan v\u00e4rldstv\u00e5an, Rory McIlroy, som beh\u00f6vde en eagle f\u00f6r att ta sig till 18 under, vilket han naturligtvis lyckades med. I s\u00e4rspelet som f\u00f6ljde hade b\u00e5da spelarna problem och ett stadigt par r\u00e4ckte f\u00f6r att Fitzpatrick skulle ta sin tredje seger i t\u00e4vlingens historia. <\/p>\n<p>Alexander Nor\u00e9n avslutade med 69 slag (-3) och delade 16:e plats p\u00e5 elva under par. Nor\u00e9n tappade tv\u00e5 placeringar p\u00e5 Race to Dubai-rankingen till tionde plats. Han lade d\u00e4rmed beslag p\u00e5 kort nummer fem, av de tio kort, som fanns p\u00e5 spel till PGA Tour.<\/p>\n<p>Joakim Lagergren avslutade med en eagle p\u00e5 det 72:a h\u00e5let f\u00f6r en delad 37:e plats p\u00e5 fem under par. Lagergren slutade p\u00e5 24:e plats p\u00e5 Race to Dubai-rankingen. Hans b\u00e4sta placering hittills i karri\u00e4ren. <\/p>\n<p>Rory McIlroy tog hem slutsegern p\u00e5 Race to Dubai och det var hans sjunde seger p\u00e5 Order of Merit, och hans fj\u00e4rde raka. Han har \u00e4r nu bara en seger bakom Colin Montgomerie, som vunnit Order of Merit \u00e5tta g\u00e5nger. <\/p>\n","protected":false},"excerpt":{"rendered":"Ludvig \u00c5berg, 26, stod f\u00f6r en riktigt vass avslutning av DP World Tour Championship p\u00e5 Jumerirah Estates Earth&hellip;\n","protected":false},"author":2,"featured_media":82237,"comment_status":"","ping_status":"","sticky":false,"template":"","format":"standard","meta":{"footnotes":""},"categories":[5],"tags":[22,23,26,27,17,21,24,25,28,29,15,16,18,34,31,33,32,30,19,20],"class_list":{"0":"post-82236","1":"post","2":"type-post","3":"status-publish","4":"format-standard","5":"has-post-thumbnail","7":"category-rubriker","8":"tag-breaking-news","9":"tag-breakingnews","10":"tag-featured-news","11":"tag-featurednews","12":"tag-headlines","13":"tag-huvudnyheter","14":"tag-latest-news","15":"tag-latestnews","16":"tag-main-news","17":"tag-mainnews","18":"tag-news","19":"tag-nyheter","20":"tag-rubriker","21":"tag-se","22":"tag-svenska","23":"tag-sverige","24":"tag-sweden","25":"tag-swedish","26":"tag-top-stories","27":"tag-topstories"},"share_on_mastodon":{"url":"https:\/\/pubeurope.com\/@se\/115560496702747086","error":""},"_links":{"self":[{"href":"https:\/\/www.europesays.com\/se\/wp-json\/wp\/v2\/posts\/82236","targetHints":{"allow":["GET"]}}],"collection":[{"href":"https:\/\/www.europesays.com\/se\/wp-json\/wp\/v2\/posts"}],"about":[{"href":"https:\/\/www.europesays.com\/se\/wp-json\/wp\/v2\/types\/post"}],"author":[{"embeddable":true,"href":"https:\/\/www.europesays.com\/se\/wp-json\/wp\/v2\/users\/2"}],"replies":[{"embeddable":true,"href":"https:\/\/www.europesays.com\/se\/wp-json\/wp\/v2\/comments?post=82236"}],"version-history":[{"count":0,"href":"https:\/\/www.europesays.com\/se\/wp-json\/wp\/v2\/posts\/82236\/revisions"}],"wp:featuredmedia":[{"embeddable":true,"href":"https:\/\/www.europesays.com\/se\/wp-json\/wp\/v2\/media\/82237"}],"wp:attachment":[{"href":"https:\/\/www.europesays.com\/se\/wp-json\/wp\/v2\/media?parent=82236"}],"wp:term":[{"taxonomy":"category","embeddable":true,"href":"https:\/\/www.europesays.com\/se\/wp-json\/wp\/v2\/categories?post=82236"},{"taxonomy":"post_tag","embeddable":true,"href":"https:\/\/www.europesays.com\/se\/wp-json\/wp\/v2\/tags?post=82236"}],"curies":[{"name":"wp","href":"https:\/\/api.w.org\/{rel}","templated":true}]}}