{"id":82266,"date":"2025-11-16T17:50:12","date_gmt":"2025-11-16T17:50:12","guid":{"rendered":"https:\/\/www.europesays.com\/se\/82266\/"},"modified":"2025-11-16T17:50:12","modified_gmt":"2025-11-16T17:50:12","slug":"fn-styrka-anklagar-israel-for-beskjutning-i-libanon","status":"publish","type":"post","link":"https:\/\/www.europesays.com\/se\/82266\/","title":{"rendered":"FN-styrka anklagar Israel f\u00f6r beskjutning i Libanon"},"content":{"rendered":"<p>FN:s fredsbevarande styrka i Libanon, Unifil, anklagar Israels milit\u00e4r f\u00f6r att ha beskjutit deras fredsbevarare p\u00e5 s\u00f6ndagsmorgonen. I en serie inl\u00e4gg p\u00e5 X skriver Unifil att det var tung beskjutning och att kulorna tr\u00e4ffade ungef\u00e4r fem meter fr\u00e5n fredsbevararna.<\/p>\n<p>Beskjutningen ska ha gjorts fr\u00e5n ett israeliskt stridsfordon i s\u00f6dra Libanon.<\/p>\n<p>\u201dDet h\u00e4r utg\u00f6r en allvarig \u00f6vertr\u00e4delse av s\u00e4kerhetsr\u00e5dets resolution 1701\u201d, skriver Unifil i inl\u00e4gget och uppmanar IDF att upph\u00f6ra med \u201dallt aggressivt beteende\u201d.<\/p>\n<p>Omni \u00e4r politiskt obundna och oberoende. Vi str\u00e4var efter att ge fler perspektiv p\u00e5 nyheterna. Har du fr\u00e5gor eller synpunkter kring v\u00e5r rapportering? <a href=\"https:\/\/omni.se\/fn-styrka-anklagar-israel-for-beskjutning-i-libanon\/a\/mailto:redaktion@omni.se\" class=\"ArticleActions_contactLink__W2F1M\" rel=\"nofollow noopener\" target=\"_blank\">Kontakta redaktionen<\/a><\/p>\n","protected":false},"excerpt":{"rendered":"FN:s fredsbevarande styrka i Libanon, Unifil, anklagar Israels milit\u00e4r f\u00f6r att ha beskjutit deras fredsbevarare p\u00e5 s\u00f6ndagsmorgonen. I&hellip;\n","protected":false},"author":2,"featured_media":82267,"comment_status":"","ping_status":"","sticky":false,"template":"","format":"standard","meta":{"footnotes":""},"categories":[14],"tags":[22,23,26,27,17,21,342,24,25,7930,28,29,124,125,15,16,18,34,31,33,32,30,19,20,51,52,53,54],"class_list":{"0":"post-82266","1":"post","2":"type-post","3":"status-publish","4":"format-standard","5":"has-post-thumbnail","7":"category-varlden","8":"tag-breaking-news","9":"tag-breakingnews","10":"tag-featured-news","11":"tag-featurednews","12":"tag-headlines","13":"tag-huvudnyheter","14":"tag-israel","15":"tag-latest-news","16":"tag-latestnews","17":"tag-libanon","18":"tag-main-news","19":"tag-mainnews","20":"tag-mellanostern","21":"tag-mellanosternkrisen","22":"tag-news","23":"tag-nyheter","24":"tag-rubriker","25":"tag-se","26":"tag-svenska","27":"tag-sverige","28":"tag-sweden","29":"tag-swedish","30":"tag-top-stories","31":"tag-topstories","32":"tag-varlden","33":"tag-world","34":"tag-world-news","35":"tag-worldnews"},"share_on_mastodon":{"url":"https:\/\/pubeurope.com\/@se\/115560646137199041","error":""},"_links":{"self":[{"href":"https:\/\/www.europesays.com\/se\/wp-json\/wp\/v2\/posts\/82266","targetHints":{"allow":["GET"]}}],"collection":[{"href":"https:\/\/www.europesays.com\/se\/wp-json\/wp\/v2\/posts"}],"about":[{"href":"https:\/\/www.europesays.com\/se\/wp-json\/wp\/v2\/types\/post"}],"author":[{"embeddable":true,"href":"https:\/\/www.europesays.com\/se\/wp-json\/wp\/v2\/users\/2"}],"replies":[{"embeddable":true,"href":"https:\/\/www.europesays.com\/se\/wp-json\/wp\/v2\/comments?post=82266"}],"version-history":[{"count":0,"href":"https:\/\/www.europesays.com\/se\/wp-json\/wp\/v2\/posts\/82266\/revisions"}],"wp:featuredmedia":[{"embeddable":true,"href":"https:\/\/www.europesays.com\/se\/wp-json\/wp\/v2\/media\/82267"}],"wp:attachment":[{"href":"https:\/\/www.europesays.com\/se\/wp-json\/wp\/v2\/media?parent=82266"}],"wp:term":[{"taxonomy":"category","embeddable":true,"href":"https:\/\/www.europesays.com\/se\/wp-json\/wp\/v2\/categories?post=82266"},{"taxonomy":"post_tag","embeddable":true,"href":"https:\/\/www.europesays.com\/se\/wp-json\/wp\/v2\/tags?post=82266"}],"curies":[{"name":"wp","href":"https:\/\/api.w.org\/{rel}","templated":true}]}}