{"id":82278,"date":"2025-11-16T18:04:20","date_gmt":"2025-11-16T18:04:20","guid":{"rendered":"https:\/\/www.europesays.com\/se\/82278\/"},"modified":"2025-11-16T18:04:20","modified_gmt":"2025-11-16T18:04:20","slug":"fotboll-klart-rosengard-slipper-kval-sakrade-kontraktet-mot-linkoping","status":"publish","type":"post","link":"https:\/\/www.europesays.com\/se\/82278\/","title":{"rendered":"Fotboll: Klart: Roseng\u00e5rd slipper kval \u2013 s\u00e4krade kontraktet mot Link\u00f6ping"},"content":{"rendered":"<p>Uppl\u00e4gget var tydligt inf\u00f6r den sista omg\u00e5ngen av damallsvenskan. <\/p>\n<p>Roseng\u00e5rd beh\u00f6vde vinna eller spela oavgjort mot Link\u00f6ping samtidigt som BP beh\u00f6vde f\u00f6rlora mot Hammarby, f\u00f6r att slippa kval.<\/p>\n<p>Och Roseng\u00e5rd gjorde jobbet. Mot redan nedflyttningsklara Link\u00f6ping vann man med 3-1 och s\u00e4krade kontraktet.<\/p>\n<p>Det stod dock 1-1 n\u00e4r lagen gick till halvtidsvila och viss nerv anades ner i Sk\u00e5ne.<\/p>\n<p>Blev matchhj\u00e4lte med hattrick<\/p>\n<p>Men tidigt i andra halvlek satte Hanna Andersson dit sitt andra m\u00e5l innan hon placerade dit 3-1 och blev stor hj\u00e4lte n\u00e4r kontraktet s\u00e4krades.<\/p>\n<p>H\u00f6r hennes k\u00e4nslor i spelaren l\u00e4ngst ner.<\/p>\n<p>Detta eftersom \u201dBajen\u201d k\u00f6rde \u00f6ver BP i Stockholm med klara 6-0.<\/p>\n<p>D\u00e4rmed slipper Roseng\u00e5rd kvala s\u00e4songen efter man vunnit SM-guld.<\/p>\n<p>\u201dOtroligt jobbigt\u201d<\/p>\n<p>\u2013 Det k\u00e4nns helt ofattbart. Jag sade det till v\u00e5r m\u00e5lvaktstr\u00e4nare. Det k\u00e4nns n\u00e4stan b\u00e4ttre \u00e4n n\u00e4r man vinner ligan, s\u00e4ger fotbollschefen Caroline Seger till SVT Sport.<\/p>\n<p>Seger, som var med och vann SM-guld f\u00f6rra s\u00e4songen, fick i \u00e5r f\u00f6lja rysaren fr\u00e5n sidlinjen.<\/p>\n<p>\u2013 Det \u00e4r otroligt jobbigt. Man kan ju inte kontrollera n\u00e5gonting och jag \u00e4r ett kontrollfreak s\u00e5 det \u00e4r klart att det \u00e4r sv\u00e5rt. Men laget har gjort det helt enormt bra.<\/p>\n<p>Kval blir det i st\u00e4llet f\u00f6r BP. D\u00e4r st\u00e4lls man mot KIF \u00d6rebro som knep tredjeplatsen i elitettan.<\/p>\n","protected":false},"excerpt":{"rendered":"Uppl\u00e4gget var tydligt inf\u00f6r den sista omg\u00e5ngen av damallsvenskan. Roseng\u00e5rd beh\u00f6vde vinna eller spela oavgjort mot Link\u00f6ping samtidigt&hellip;\n","protected":false},"author":2,"featured_media":82279,"comment_status":"","ping_status":"","sticky":false,"template":"","format":"standard","meta":{"footnotes":""},"categories":[5],"tags":[22,23,26,27,17,21,24,25,28,29,15,16,18,34,31,33,32,30,19,20],"class_list":{"0":"post-82278","1":"post","2":"type-post","3":"status-publish","4":"format-standard","5":"has-post-thumbnail","7":"category-rubriker","8":"tag-breaking-news","9":"tag-breakingnews","10":"tag-featured-news","11":"tag-featurednews","12":"tag-headlines","13":"tag-huvudnyheter","14":"tag-latest-news","15":"tag-latestnews","16":"tag-main-news","17":"tag-mainnews","18":"tag-news","19":"tag-nyheter","20":"tag-rubriker","21":"tag-se","22":"tag-svenska","23":"tag-sverige","24":"tag-sweden","25":"tag-swedish","26":"tag-top-stories","27":"tag-topstories"},"share_on_mastodon":{"url":"https:\/\/pubeurope.com\/@se\/115560701170416200","error":""},"_links":{"self":[{"href":"https:\/\/www.europesays.com\/se\/wp-json\/wp\/v2\/posts\/82278","targetHints":{"allow":["GET"]}}],"collection":[{"href":"https:\/\/www.europesays.com\/se\/wp-json\/wp\/v2\/posts"}],"about":[{"href":"https:\/\/www.europesays.com\/se\/wp-json\/wp\/v2\/types\/post"}],"author":[{"embeddable":true,"href":"https:\/\/www.europesays.com\/se\/wp-json\/wp\/v2\/users\/2"}],"replies":[{"embeddable":true,"href":"https:\/\/www.europesays.com\/se\/wp-json\/wp\/v2\/comments?post=82278"}],"version-history":[{"count":0,"href":"https:\/\/www.europesays.com\/se\/wp-json\/wp\/v2\/posts\/82278\/revisions"}],"wp:featuredmedia":[{"embeddable":true,"href":"https:\/\/www.europesays.com\/se\/wp-json\/wp\/v2\/media\/82279"}],"wp:attachment":[{"href":"https:\/\/www.europesays.com\/se\/wp-json\/wp\/v2\/media?parent=82278"}],"wp:term":[{"taxonomy":"category","embeddable":true,"href":"https:\/\/www.europesays.com\/se\/wp-json\/wp\/v2\/categories?post=82278"},{"taxonomy":"post_tag","embeddable":true,"href":"https:\/\/www.europesays.com\/se\/wp-json\/wp\/v2\/tags?post=82278"}],"curies":[{"name":"wp","href":"https:\/\/api.w.org\/{rel}","templated":true}]}}