{"id":82311,"date":"2025-11-16T18:32:15","date_gmt":"2025-11-16T18:32:15","guid":{"rendered":"https:\/\/www.europesays.com\/se\/82311\/"},"modified":"2025-11-16T18:32:15","modified_gmt":"2025-11-16T18:32:15","slug":"hov1-dante-lindhe-och-ellinore-de-silva-vantar-barn","status":"publish","type":"post","link":"https:\/\/www.europesays.com\/se\/82311\/","title":{"rendered":"Hov1-Dante Lindhe och Ellinore De Silva v\u00e4ntar barn"},"content":{"rendered":"<p>Publicerad 16 nov 2025 kl 19.22Uppdaterad kl 19.28<\/p>\n<p>Dante Lindhe i Hov1 v\u00e4ntar barn med influencern Ellinore De Silva.<\/p>\n<p>Paret delar med sig av gl\u00e4djenyheten p\u00e5 Instagram.<\/p>\n<p>\u201dNu v\u00e4xer ett litet mirakel\u201d, skriver de.<\/p>\n<p><img   alt=\"\"\/><\/p>\n<p>Paret visar upp gravidlyckan p\u00e5 Instagram.<\/p>\n<p>\u00d6ppna bild i helsk\u00e4rm<img loading=\"lazy\"   alt=\"\"\/><\/p>\n<p>Dante Lindhe och Ellinore De Silva.<\/p>\n<p>\u00d6ppna bild i helsk\u00e4rm<\/p>\n<p>Hov1 sa i somras farv\u00e4l till sina fans med en rekordkonsert p\u00e5 G\u00e4rdet i Stockholm.<\/p>\n<p>Nu v\u00e4ntar ett nytt kapitel i livet f\u00f6r Ludwig Kronstrand, Noel Flike, Axel Liljefors Jansson och Dante Lindhe.<\/p>\n<p>Den sistn\u00e4mnda meddelar nu sin nya fas i livet. 29-\u00e5ringen v\u00e4ntar barn med influencern och tv-profilen Ellinore De Silva.<\/p>\n<p>\u201dNu v\u00e4xer ett litet mirakel inom mig, skapat av k\u00e4rlek som b\u00e5de \u00f6verlevt tiden och hittat hem\u201d, skriver paret i ett gemensamt inl\u00e4gg p\u00e5 Instagram d\u00e4r de b\u00e5da h\u00e5ller h\u00e4nderna p\u00e5 gravidmagen.<\/p>\n<p>Gratulationerna str\u00f6mmar nu in bland kommentarerna.<\/p>\n<p>Dante Lindhe fick i fjol en son med Stephanie \u201dSteffi\u201d M\u00e9ndez, dotter till Melloartisten M\u00e9ndez.\u00a0<\/p>\n<p>De Silva har en dotter sedan innan med tidigare NHL-proffset Pontus \u00c5berg. Exparet har synts ihop i tv-programmet \u201dPlaymakers\u201d.<\/p>\n<p><a href=\"https:\/\/www.instagram.com\/p\/DRIEY5siEcd\/?hidecaption=true\" data-provider=\"instagram\" class=\"js-social-embed\" rel=\"nofollow noopener\" target=\"_blank\">https:\/\/www.instagram.com\/p\/DRIEY5siEcd\/?hidecaption=true<\/a><script async src=\"\/\/www.instagram.com\/embed.js\"><\/script><\/p>\n","protected":false},"excerpt":{"rendered":"Publicerad 16 nov 2025 kl 19.22Uppdaterad kl 19.28 Dante Lindhe i Hov1 v\u00e4ntar barn med influencern Ellinore De&hellip;\n","protected":false},"author":2,"featured_media":82312,"comment_status":"","ping_status":"","sticky":false,"template":"","format":"standard","meta":{"footnotes":""},"categories":[67],"tags":[104,440,34,31,33,32,30,105],"class_list":{"0":"post-82311","1":"post","2":"type-post","3":"status-publish","4":"format-standard","5":"has-post-thumbnail","7":"category-underhallning","8":"tag-entertainment","9":"tag-function-unga","10":"tag-se","11":"tag-svenska","12":"tag-sverige","13":"tag-sweden","14":"tag-swedish","15":"tag-underhallning"},"share_on_mastodon":{"url":"https:\/\/pubeurope.com\/@se\/115560811328073177","error":""},"_links":{"self":[{"href":"https:\/\/www.europesays.com\/se\/wp-json\/wp\/v2\/posts\/82311","targetHints":{"allow":["GET"]}}],"collection":[{"href":"https:\/\/www.europesays.com\/se\/wp-json\/wp\/v2\/posts"}],"about":[{"href":"https:\/\/www.europesays.com\/se\/wp-json\/wp\/v2\/types\/post"}],"author":[{"embeddable":true,"href":"https:\/\/www.europesays.com\/se\/wp-json\/wp\/v2\/users\/2"}],"replies":[{"embeddable":true,"href":"https:\/\/www.europesays.com\/se\/wp-json\/wp\/v2\/comments?post=82311"}],"version-history":[{"count":0,"href":"https:\/\/www.europesays.com\/se\/wp-json\/wp\/v2\/posts\/82311\/revisions"}],"wp:featuredmedia":[{"embeddable":true,"href":"https:\/\/www.europesays.com\/se\/wp-json\/wp\/v2\/media\/82312"}],"wp:attachment":[{"href":"https:\/\/www.europesays.com\/se\/wp-json\/wp\/v2\/media?parent=82311"}],"wp:term":[{"taxonomy":"category","embeddable":true,"href":"https:\/\/www.europesays.com\/se\/wp-json\/wp\/v2\/categories?post=82311"},{"taxonomy":"post_tag","embeddable":true,"href":"https:\/\/www.europesays.com\/se\/wp-json\/wp\/v2\/tags?post=82311"}],"curies":[{"name":"wp","href":"https:\/\/api.w.org\/{rel}","templated":true}]}}