{"id":82342,"date":"2025-11-16T19:16:08","date_gmt":"2025-11-16T19:16:08","guid":{"rendered":"https:\/\/www.europesays.com\/se\/82342\/"},"modified":"2025-11-16T19:16:08","modified_gmt":"2025-11-16T19:16:08","slug":"ukraina-och-grekland-har-skrivit-under-vinteravtal-ska-sakra-elforsorjningen","status":"publish","type":"post","link":"https:\/\/www.europesays.com\/se\/82342\/","title":{"rendered":"Ukraina och Grekland har skrivit under vinteravtal \u2013 ska s\u00e4kra elf\u00f6rs\u00f6rjningen"},"content":{"rendered":"<p>Ukraina och Grekland har skrivit under ett avtal som inneb\u00e4r att det krigsdrabbade landet f\u00e5r amerikansk naturgas fr\u00e5n Grekland i vinter, rapporterar flera medier. President Volodymyr Zelenskyj \u00e4r just nu p\u00e5 resa genom Europa f\u00f6r att st\u00e4rka landets energif\u00f6rs\u00f6rjning, som drabbas h\u00e5rt av de ryska attackerna. <\/p>\n<p>Avtalet g\u00e4ller mellan december 2025 och mars 2026. <\/p>\n<p>\u2013 Relationen mellan v\u00e5ra l\u00e4nder f\u00e5r en ny dimension, en ny s\u00e4ker energiart\u00e4r mellan Grekland och Ukraina, s\u00e4ger den grekiske premi\u00e4rministern Kyriakos Mitsotakis. <\/p>\n<p>Enligt Zelenskyj attackerar Ryssland ukrainsk energiinfrastruktur varje natt. <\/p>\n<p>Omni \u00e4r politiskt obundna och oberoende. Vi str\u00e4var efter att ge fler perspektiv p\u00e5 nyheterna. Har du fr\u00e5gor eller synpunkter kring v\u00e5r rapportering? <a href=\"https:\/\/omni.se\/ukraina-och-grekland-har-skrivit-under-vinteravtal-ska-sakra-elforsorjningen\/a\/mailto:redaktion@omni.se\" class=\"ArticleActions_contactLink__W2F1M\" rel=\"nofollow noopener\" target=\"_blank\">Kontakta redaktionen<\/a><\/p>\n","protected":false},"excerpt":{"rendered":"Ukraina och Grekland har skrivit under ett avtal som inneb\u00e4r att det krigsdrabbade landet f\u00e5r amerikansk naturgas fr\u00e5n&hellip;\n","protected":false},"author":2,"featured_media":82343,"comment_status":"","ping_status":"","sticky":false,"template":"","format":"standard","meta":{"footnotes":""},"categories":[14],"tags":[22,23,267,26,27,882,17,21,7944,24,25,28,29,15,16,18,269,264,34,31,33,32,30,19,20,263,51,262,52,53,54],"class_list":{"0":"post-82342","1":"post","2":"type-post","3":"status-publish","4":"format-standard","5":"has-post-thumbnail","7":"category-varlden","8":"tag-breaking-news","9":"tag-breakingnews","10":"tag-europa","11":"tag-featured-news","12":"tag-featurednews","13":"tag-grekland","14":"tag-headlines","15":"tag-huvudnyheter","16":"tag-kyriakos-mitsotakis","17":"tag-latest-news","18":"tag-latestnews","19":"tag-main-news","20":"tag-mainnews","21":"tag-news","22":"tag-nyheter","23":"tag-rubriker","24":"tag-ryska-invasionen","25":"tag-ryssland","26":"tag-se","27":"tag-svenska","28":"tag-sverige","29":"tag-sweden","30":"tag-swedish","31":"tag-top-stories","32":"tag-topstories","33":"tag-ukraina","34":"tag-varlden","35":"tag-volodymyr-zelenskyj","36":"tag-world","37":"tag-world-news","38":"tag-worldnews"},"share_on_mastodon":{"url":"https:\/\/pubeurope.com\/@se\/115560984263753439","error":""},"_links":{"self":[{"href":"https:\/\/www.europesays.com\/se\/wp-json\/wp\/v2\/posts\/82342","targetHints":{"allow":["GET"]}}],"collection":[{"href":"https:\/\/www.europesays.com\/se\/wp-json\/wp\/v2\/posts"}],"about":[{"href":"https:\/\/www.europesays.com\/se\/wp-json\/wp\/v2\/types\/post"}],"author":[{"embeddable":true,"href":"https:\/\/www.europesays.com\/se\/wp-json\/wp\/v2\/users\/2"}],"replies":[{"embeddable":true,"href":"https:\/\/www.europesays.com\/se\/wp-json\/wp\/v2\/comments?post=82342"}],"version-history":[{"count":0,"href":"https:\/\/www.europesays.com\/se\/wp-json\/wp\/v2\/posts\/82342\/revisions"}],"wp:featuredmedia":[{"embeddable":true,"href":"https:\/\/www.europesays.com\/se\/wp-json\/wp\/v2\/media\/82343"}],"wp:attachment":[{"href":"https:\/\/www.europesays.com\/se\/wp-json\/wp\/v2\/media?parent=82342"}],"wp:term":[{"taxonomy":"category","embeddable":true,"href":"https:\/\/www.europesays.com\/se\/wp-json\/wp\/v2\/categories?post=82342"},{"taxonomy":"post_tag","embeddable":true,"href":"https:\/\/www.europesays.com\/se\/wp-json\/wp\/v2\/tags?post=82342"}],"curies":[{"name":"wp","href":"https:\/\/api.w.org\/{rel}","templated":true}]}}