{"id":82351,"date":"2025-11-16T19:26:22","date_gmt":"2025-11-16T19:26:22","guid":{"rendered":"https:\/\/www.europesays.com\/se\/82351\/"},"modified":"2025-11-16T19:26:22","modified_gmt":"2025-11-16T19:26:22","slug":"gul-varning-for-sno-i-stockholmsomradet-vader","status":"publish","type":"post","link":"https:\/\/www.europesays.com\/se\/82351\/","title":{"rendered":"Gul varning f\u00f6r sn\u00f6 i Stockholmsomr\u00e5det | V\u00e4der"},"content":{"rendered":"<p>Publicerad 16 nov 2025 kl 11.49Uppdaterad kl 16.05<\/p>\n<p>SMHI har utf\u00e4rdat en gul varning f\u00f6r sn\u00f6fall i Stockholm- och Uppsalatrakterna under m\u00e5ndagen.<\/p>\n<p>Det v\u00e4ntas bl\u00f6tsn\u00f6 som kan ge trafikproblem. \u00a0<\/p>\n<p>\u2013 Det \u00e4r dags att byta till vinterd\u00e4ck om man inte gjort det, s\u00e4ger Hilda Westberg, meteorolog p\u00e5 SMHI.<\/p>\n<p>\u00c4ven s\u00f6dra Sverige kan f\u00e5 sin f\u00f6rsta sn\u00f6 under veckan.\u00a0<\/p>\n<p><img   alt=\"\"\/> <\/p>\n<p>Foto: Anders Wiklund \/ TT NYHETSBYR\u00c5N<\/p>\n<p>\u00d6ppna bild i helsk\u00e4rm<img loading=\"lazy\"   alt=\"\"\/> <\/p>\n<p>Foto: HENRIK ISAKSSON \/ IBL<\/p>\n<p>\u00d6ppna bild i helsk\u00e4rm<img loading=\"lazy\"   alt=\"\"\/> <\/p>\n<p>Foto: Henrik Isaksson \/ IBL<\/p>\n<p>\u00d6ppna bild i helsk\u00e4rm<\/p>\n<p>Kylan har tagit sitt grepp om <a href=\"https:\/\/www.expressen.se\/tagg\/location\/sverige\/\" class=\"\" rel=\"nofollow noopener\" target=\"_blank\">Sverige<\/a>.\u00a0<\/p>\n<p>SMHI varnar f\u00f6r att sn\u00f6fall i \u00f6stra delarna av Svealand kan st\u00e4lla till det i trafiken p\u00e5 m\u00e5ndagseftermiddagen. Dagen b\u00f6rjar soligt \u2013 men lagom till eftermiddagstrafiken drar sn\u00f6n in med upp till fem centimeter bl\u00f6tsn\u00f6. Den med sommard\u00e4ck b\u00f6r t\u00e4nka till, tipsar Hilda Westberg p\u00e5 SMHI.<\/p>\n<p>\u2013 Kanske man vaknar och t\u00e4nker att det \u00e4r torrt och soligt och tar bilen, men lagom till man ska hem drar det h\u00e4r in. D\u00e5 kan det bli lite problematiskt i eftermiddagstrafiken.\u00a0<\/p>\n<p>\u2013 S\u00e5 har man sommard\u00e4ck kanske man ska ta en extra funderare p\u00e5 om man hinner byta i dag eller kan ta sig till jobbet p\u00e5 annat s\u00e4tt, s\u00e4ger hon.\u00a0<\/p>\n<p>Varningen \u00e4r utf\u00e4rdad mellan klockan 12 p\u00e5 m\u00e5ndagen till klockan 20 p\u00e5 m\u00e5ndagskv\u00e4llen.<\/p>\n<p>Gul varning f\u00f6r sn\u00f6 \u2013 t\u00e4nk p\u00e5 det h\u00e4r<\/p>\n<p> Det kan bli l\u00e4ngre restider p\u00e5 grund av halka och d\u00e5lig sikt.\u00a0<\/p>\n<p> Det kan vara sv\u00e5rt att ta sig fram i trafiken p\u00e5 grund av sn\u00f6 p\u00e5 v\u00e4gar, trafikolyckor eller stillast\u00e5ende fordon.<\/p>\n<p> Kollektivtrafiken kan p\u00e5verkas med inst\u00e4llda avg\u00e5ngar eller f\u00f6rseningar.<\/p>\n<p> N\u00e4r det \u00e4r n\u00e4ra nollgradigt finns risk f\u00f6r st\u00f6rningar i el- och telen\u00e4t i omr\u00e5den med luftburna ledningar.<\/p>\n<p>Visa merRisk f\u00f6r hala v\u00e4gar under veckan<\/p>\n<p>M\u00e5ndagen blir annars solig och kall p\u00e5 m\u00e5nga h\u00e5ll. Bl\u00f6tsn\u00f6n i \u00f6stra Svealand passerar relativt fort s\u00f6derut fram\u00e5t kv\u00e4llen, \u00e4ven Gotland kan f\u00e5 regn eller sn\u00f6.\u00a0<\/p>\n<p>Resten av veckan ser ut att bli fortsatt kall. P\u00e5 tisdag kan det komma regn och bl\u00f6tsn\u00f6 i G\u00f6taland, men annars blir det mest uppeh\u00e5ll och sol. I s\u00f6dra Sverige kan temperaturen stiga n\u00e5gon grad mitt p\u00e5 dagen, men annars v\u00e4ntar minusgrader.<\/p>\n<p>Mot onsdag och torsdag v\u00e4ntas ett nytt l\u00e5gtryck \u2013 d\u00e5 kan s\u00e4songens f\u00f6rsta riktiga sn\u00f6fall dra in \u00f6ver s\u00f6dra Sverige. Exakt var sn\u00f6n faller \u00e4r \u00e4nnu os\u00e4kert, men vintern verkar vara h\u00e4r h\u00e4r f\u00f6r att stanna.<\/p>\n<p>D\u00e5 m\u00e5ste du byta till vinterd\u00e4ck<\/p>\n<p> Du m\u00e5ste ha vinterd\u00e4ck mellan 1 december och 31 mars om det \u00e4r vinterv\u00e4glag.\u00a0<\/p>\n<p> R\u00e5der vinterv\u00e4glag innan dess \u00e4r det rekommenderat att byta till vinterd\u00e4ck.\u00a0<\/p>\n<p> Vinterv\u00e4glag betyder att det finns sn\u00f6, is, sn\u00f6modd eller frost p\u00e5 n\u00e5gon del av v\u00e4gen.\u00a0<\/p>\n<p> Dubbd\u00e4ck \u00e4r till\u00e5tet 1 oktober &#8211; 15 april.<\/p>\n<p>K\u00e4lla: Transportstyrelsen<\/p>\n<p>Visa mer<img alt=\"\"\/>Ljudklippet gick inte att spela upp<\/p>\n<p>F\u00f6rs\u00f6k igen senare<\/p>\n","protected":false},"excerpt":{"rendered":"Publicerad 16 nov 2025 kl 11.49Uppdaterad kl 16.05 SMHI har utf\u00e4rdat en gul varning f\u00f6r sn\u00f6fall i Stockholm-&hellip;\n","protected":false},"author":2,"featured_media":82352,"comment_status":"","ping_status":"","sticky":false,"template":"","format":"standard","meta":{"footnotes":""},"categories":[5],"tags":[22,23,26,27,17,21,24,25,212,28,29,15,16,288,18,34,281,31,33,32,30,19,435,290,20],"class_list":{"0":"post-82351","1":"post","2":"type-post","3":"status-publish","4":"format-standard","5":"has-post-thumbnail","7":"category-rubriker","8":"tag-breaking-news","9":"tag-breakingnews","10":"tag-featured-news","11":"tag-featurednews","12":"tag-headlines","13":"tag-huvudnyheter","14":"tag-latest-news","15":"tag-latestnews","16":"tag-location-sverige","17":"tag-main-news","18":"tag-mainnews","19":"tag-news","20":"tag-nyheter","21":"tag-organization-smhi","22":"tag-rubriker","23":"tag-se","24":"tag-sections-vader","25":"tag-svenska","26":"tag-sverige","27":"tag-sweden","28":"tag-swedish","29":"tag-top-stories","30":"tag-topic-trafik","31":"tag-topic-vaderprognos","32":"tag-topstories"},"share_on_mastodon":{"url":"https:\/\/pubeurope.com\/@se\/115561023607924062","error":""},"_links":{"self":[{"href":"https:\/\/www.europesays.com\/se\/wp-json\/wp\/v2\/posts\/82351","targetHints":{"allow":["GET"]}}],"collection":[{"href":"https:\/\/www.europesays.com\/se\/wp-json\/wp\/v2\/posts"}],"about":[{"href":"https:\/\/www.europesays.com\/se\/wp-json\/wp\/v2\/types\/post"}],"author":[{"embeddable":true,"href":"https:\/\/www.europesays.com\/se\/wp-json\/wp\/v2\/users\/2"}],"replies":[{"embeddable":true,"href":"https:\/\/www.europesays.com\/se\/wp-json\/wp\/v2\/comments?post=82351"}],"version-history":[{"count":0,"href":"https:\/\/www.europesays.com\/se\/wp-json\/wp\/v2\/posts\/82351\/revisions"}],"wp:featuredmedia":[{"embeddable":true,"href":"https:\/\/www.europesays.com\/se\/wp-json\/wp\/v2\/media\/82352"}],"wp:attachment":[{"href":"https:\/\/www.europesays.com\/se\/wp-json\/wp\/v2\/media?parent=82351"}],"wp:term":[{"taxonomy":"category","embeddable":true,"href":"https:\/\/www.europesays.com\/se\/wp-json\/wp\/v2\/categories?post=82351"},{"taxonomy":"post_tag","embeddable":true,"href":"https:\/\/www.europesays.com\/se\/wp-json\/wp\/v2\/tags?post=82351"}],"curies":[{"name":"wp","href":"https:\/\/api.w.org\/{rel}","templated":true}]}}