{"id":82361,"date":"2025-11-16T19:45:17","date_gmt":"2025-11-16T19:45:17","guid":{"rendered":"https:\/\/www.europesays.com\/se\/82361\/"},"modified":"2025-11-16T19:45:17","modified_gmt":"2025-11-16T19:45:17","slug":"tva-saker-forsvararsveriges-vag-till-vm-noa-bachner","status":"publish","type":"post","link":"https:\/\/www.europesays.com\/se\/82361\/","title":{"rendered":"Tv\u00e5 saker f\u00f6rsv\u00e5rar\nSveriges v\u00e4g till VM | Noa Bachner"},"content":{"rendered":"<p>Noa Bachner<\/p>\n<p>Publicerad 16 nov 2025 kl 09.40<\/p>\n<p>Tv\u00e5 saker f\u00f6rsv\u00e5rar Sveriges v\u00e4g till VM.<\/p>\n<p>Med Graham Potter p\u00e5 plats ser det ena problemet ut att vara undanr\u00f6jt.<\/p>\n<p>Det andra gjorde sig p\u00e5mint under f\u00f6rlusten mot Schweiz.\u00a0<\/p>\n<p>Igen.<\/p>\n<p>Detta \u00e4r en kr\u00f6nika. Analys och st\u00e4llningstaganden \u00e4r skribentens.<\/p>\n<p><img   alt=\"\"\/><\/p>\n<p>Sverige deppar efter f\u00f6rlusten mot Schweiz.<\/p>\n<p>Foto: JOEL MARKLUND \/ BILDBYR\u00c5N<\/p>\n<p>\u00d6ppna bild i helsk\u00e4rm<img   alt=\"\"\/>Noa Bachner<\/p>\n<p>N\u00e4r Graham Potter \u00e4ntrade presskonferenslokalen p\u00e5 Stade de Gen\u00e8ve var det inte med det soliga minspel som annars lyst upp debutveckan.<\/p>\n<p>Han hade m\u00e5lat vackra bilder av tydlighet, fria spelare och ett lag som skulle h\u00e4nga ihop. Ett varmt spr\u00e5k. En konkret spelid\u00e9. P\u00e5 svenska till och med. Nationals\u00e5ngen sj\u00f6ng han ocks\u00e5.\u00a0<\/p>\n<p>Nu v\u00e4nder det! Trots alla skador, trots att Schweiz gick f\u00f6r gruppseger. Nog fan l\u00e5g det ett vibe shift i luften.<\/p>\n<p>Efter en halvleks fotboll h\u00e4r var l\u00e4get detsamma. Sverige hade b\u00f6rjat passivt och sl\u00e4ppt in m\u00e5l, men reste p\u00e5 sig, tog tag i matchbilden och spelade pl\u00f6tsligt med mod och tanke.<\/p>\n<p>Benjamin Nygren kvitterade, Alexander Bernhardsson br\u00e4nde ett fril\u00e4ge f\u00f6r 1-2. Fr\u00e5n l\u00e4ktaren p\u00e5mindes man om att Potter har skapat ett allsvenskt topplag av ratade division-ett-spelare. Sl\u00e4ng in Gustav Lundgren och avg\u00f6r!<\/p>\n<blockquote><p>Det svenska reservlandslaget \u00e4r inte lika bra<\/p><\/blockquote>\n<p>In i bild vandrade Sveriges andra hinder p\u00e5 v\u00e4gen till USA.<\/p>\n<p>Yasin Ayari och Emil Holm gick av med k\u00e4nningar och med sig tog de hela stabiliteten i den svenska insatsen, och r\u00e4tt som det var kollapsade laget i svallv\u00e5gorna av en billig straff.<\/p>\n<p>Man kan f\u00f6rst\u00e5s v\u00e4lja att g\u00f6ra stor sak av detta.<\/p>\n<p>Hur \u00e4r det st\u00e4llt med landslagsspelarnas mentala motst\u00e5ndskraft? Har hela den svenska befolkningen utpl\u00e5nat sin f\u00f6rst\u00e5else f\u00f6r f\u00f6rsvarsspel?\u00a0<\/p>\n<p>Var det kanske inte Tomasson som var problemet!?<\/p>\n<p>Jo, det \u00e4r klart att han var. Den som s\u00e5g f\u00f6rsta halvlek i Gen\u00e8ve f\u00f6rst\u00e5r varf\u00f6r b\u00e5de f\u00f6rbundskaptenen och hans spelare tog fasta p\u00e5 det som fungerade efter slutsignalen. Under en betydande period av matchen spelades fotboll som inte hade sj\u00e4lvf\u00f6rst\u00f6relse som m\u00e5l, och det var ett gott tecken.<\/p>\n<p>Problem nummer tv\u00e5: Det svenska herrlandslaget \u00e4r riktigt bra p\u00e5 papperet. Det svenska reservlandslaget \u00e4r inte lika bra.<\/p>\n<blockquote><p>F\u00f6rsta m\u00e4sterskapet sedan dinosaurerina dog ut<\/p><\/blockquote>\n<p>Med Viktor Gy\u00f6keres, Lucas Bergvall, Hugo Larsson och Dejan Kulusevski helt strukna, Victor Nilsson Lindel\u00f6f p\u00e5 l\u00e4ktaren och Alexander Isak inte redo f\u00f6r mer \u00e4n 30 minuter g\u00e5r det att f\u00f6ra argumentet att sex av Sveriges \u00e5tta viktigaste spelare var borta.\u00a0<\/p>\n<p>N\u00e4r en sjunde, Ayari, klev av var det bara Isak Hien fr\u00e5n elitf\u00f6rbandet som klarade av att g\u00f6ra 90 minuter.<\/p>\n<p>Ni har s\u00e4kert h\u00f6rt ekot fr\u00e5n v\u00e4st eftersom v\u00e5ra grannar just nu kvalificerar sig f\u00f6r sitt f\u00f6rsta m\u00e4sterskap sedan dinosaurierna dog ut. Ett enkelt tankeexperiment: Ta ut Erling Haaland, Alexander S\u00f6rloth, Sander Berge, Kristoffer Ajer och Antonio Nusa ur startelvan, plocka Patrick Berg efter en timme och stoppa \u00f6ver David M\u00f6ller Wolfe p\u00e5 h\u00f6gerbacken, och pratet om ett norskt VM-guld skulle f\u00f6rlora i ljudstyrka.<\/p>\n<p>Annons<\/p>\n<p>Det g\u00f6r inte det svenska problemet mindre angel\u00e4get, om \u00e4n tydligare.\u00a0<\/p>\n<p>Framf\u00f6r allt g\u00e4ller allvaret tv\u00e5 spelare som kommer att vara direkt avg\u00f6rande f\u00f6r Graham Potters m\u00f6jligheter att ta Sverige till VM.<\/p>\n<blockquote><p>Har inte r\u00e5d att ha det s\u00e5 h\u00e4r<\/p><\/blockquote>\n<p>Den ena \u00e4r Dejan Kulusevski, d\u00e4r prognoserna fr\u00e5n Tottenham inte \u00e4r helt enkla att v\u00e4rdera, men d\u00e4r det senaste pratet handlar om comeback runt ny\u00e5r. Kulusevski \u00e4r inte bara landslagets mest kreativa nav. Han \u00e4r dess r\u00f6st sedan ett par \u00e5r tillbaka, ett sorts sprinklersystem f\u00f6r sj\u00e4lvf\u00f6rtroende. Han saknas.<\/p>\n<p>Den andra m\u00f6tte oss i katakomberna h\u00e4r efter 27 minuter och ett par nickskarvar till Alexander Bernhardsson.<\/p>\n<p>Alexander Isak kliade sig i sk\u00e4gget och s\u00e5g fundersam ut. Nej, han kunde inte riktigt svara p\u00e5 n\u00e4r han senast k\u00e4nde sig 100 procent. \u201dDet var ett tag sen\u201d, sa han med ett snett leende.<\/p>\n<p>Utan att tr\u00f6ska genom hela sommarens drama en g\u00e5ng till \u00e4r det enkelt att konstatera att Sverige f\u00f6rfogar \u00f6ver en spelare som gjorde 27 m\u00e5l f\u00f6r ett Premier League-lag s\u00e4songen 2024-25 och blev ligans dyraste v\u00e4rvning genom tiderna d\u00e4refter.<\/p>\n<p>Som fotbollsnation har vi inte r\u00e5d att ha det s\u00e5 h\u00e4r. Bytet av f\u00f6rbundskapten var helt n\u00f6dv\u00e4ndigt f\u00f6r att det ska g\u00e5 att f\u00f6ra en seri\u00f6s diskussion om Sverige i VM n\u00e4sta sommar.<\/p>\n<p>Detsamma g\u00e4ller tillg\u00e5ngen landets tv\u00e5 b\u00e4sta fotbollsspelare.<\/p>\n","protected":false},"excerpt":{"rendered":"Noa Bachner Publicerad 16 nov 2025 kl 09.40 Tv\u00e5 saker f\u00f6rsv\u00e5rar Sveriges v\u00e4g till VM. Med Graham Potter&hellip;\n","protected":false},"author":2,"featured_media":82362,"comment_status":"","ping_status":"","sticky":false,"template":"","format":"standard","meta":{"footnotes":""},"categories":[68],"tags":[34,305,739,111,110,31,33,32,30],"class_list":{"0":"post-82361","1":"post","2":"type-post","3":"status-publish","4":"format-standard","5":"has-post-thumbnail","7":"category-sport","8":"tag-se","9":"tag-sections-kronikorer","10":"tag-sections-noabachner","11":"tag-sport","12":"tag-sports","13":"tag-svenska","14":"tag-sverige","15":"tag-sweden","16":"tag-swedish"},"share_on_mastodon":{"url":"https:\/\/pubeurope.com\/@se\/115561098333450004","error":""},"_links":{"self":[{"href":"https:\/\/www.europesays.com\/se\/wp-json\/wp\/v2\/posts\/82361","targetHints":{"allow":["GET"]}}],"collection":[{"href":"https:\/\/www.europesays.com\/se\/wp-json\/wp\/v2\/posts"}],"about":[{"href":"https:\/\/www.europesays.com\/se\/wp-json\/wp\/v2\/types\/post"}],"author":[{"embeddable":true,"href":"https:\/\/www.europesays.com\/se\/wp-json\/wp\/v2\/users\/2"}],"replies":[{"embeddable":true,"href":"https:\/\/www.europesays.com\/se\/wp-json\/wp\/v2\/comments?post=82361"}],"version-history":[{"count":0,"href":"https:\/\/www.europesays.com\/se\/wp-json\/wp\/v2\/posts\/82361\/revisions"}],"wp:featuredmedia":[{"embeddable":true,"href":"https:\/\/www.europesays.com\/se\/wp-json\/wp\/v2\/media\/82362"}],"wp:attachment":[{"href":"https:\/\/www.europesays.com\/se\/wp-json\/wp\/v2\/media?parent=82361"}],"wp:term":[{"taxonomy":"category","embeddable":true,"href":"https:\/\/www.europesays.com\/se\/wp-json\/wp\/v2\/categories?post=82361"},{"taxonomy":"post_tag","embeddable":true,"href":"https:\/\/www.europesays.com\/se\/wp-json\/wp\/v2\/tags?post=82361"}],"curies":[{"name":"wp","href":"https:\/\/api.w.org\/{rel}","templated":true}]}}