{"id":82367,"date":"2025-11-16T20:05:25","date_gmt":"2025-11-16T20:05:25","guid":{"rendered":"https:\/\/www.europesays.com\/se\/82367\/"},"modified":"2025-11-16T20:05:25","modified_gmt":"2025-11-16T20:05:25","slug":"michelle-obama-kritisk-till-usas-syn-pa-kvinnor","status":"publish","type":"post","link":"https:\/\/www.europesays.com\/se\/82367\/","title":{"rendered":"Michelle Obama kritisk till USA:s syn p\u00e5 kvinnor"},"content":{"rendered":"<p>Publicerad 15 nov 2025 kl 23.55<\/p>\n<p>Det kommer att dr\u00f6ja ett tag innan USA f\u00e5r sin f\u00f6rsta kvinnliga president.<\/p>\n<p>Det menar Michelle Obama.<\/p>\n<p>\u2013 Titta inte ens p\u00e5 mig om att st\u00e4lla upp, f\u00f6r ni ljuger allihop. Ni \u00e4r inte redo f\u00f6r en kvinna, s\u00e4ger hon, skriver <a href=\"https:\/\/edition.cnn.com\/2025\/11\/15\/politics\/michelle-obama-woman-president-not-ready\" rel=\"nofollow noopener\" target=\"_blank\">CNN<\/a>.<\/p>\n<p>Senaste nyhetsklippen fr\u00e5n Expressen.<img   alt=\"\"\/><\/p>\n<p>Michelle Obama menar att mycket beh\u00f6ver \u00e4ndras innan USA f\u00e5r en kvinnlig president.<\/p>\n<p>Foto: ALLISON ROBBERT \/ AP TT NYHETSBYR\u00c5N<\/p>\n<p>\u00d6ppna bild i helsk\u00e4rm<\/p>\n<p><a href=\"https:\/\/www.expressen.se\/tagg\/person\/michelle-obama\/\" class=\"\" rel=\"nofollow noopener\" target=\"_blank\">Michelle Obama<\/a>, fru till ex-presidenten Barack Obama, sa nyligen p\u00e5 ett evenemang att USA inte \u00e4r redo f\u00f6r en kvinnlig president, skriver CNN.\u00a0<\/p>\n<p>\u2013 Som vi s\u00e5g i det f\u00f6rra valet, s\u00e5 \u00e4r vi tyv\u00e4rr inte redo, s\u00e4ger hon.\u00a0<\/p>\n<p>Artikeln i korthet<\/p>\n<p> Michelle Obama anser att USA \u00e4nnu inte \u00e4r redo f\u00f6r en kvinnlig president.<\/p>\n<p> Hon avf\u00e4rdar rykten om egen kandidatur och lyfter motst\u00e5ndet mot kvinnligt ledarskap.<\/p>\n<p> Uttalandet gjordes i samband med lanseringen av hennes nya bok.<\/p>\n<p>Visa mer\u201dTitta inte ens p\u00e5 mig\u201d \u00a0<\/p>\n<p>Michelle Obama menade vidare att amerika beh\u00f6vde \u201dv\u00e4xa upp\u201d innan det sker och att m\u00e5nga m\u00e4n i dag k\u00e4nner att det inte kan ledas av en kvinna.\u00a0<\/p>\n<p>\u2013 D\u00e4rf\u00f6r t\u00e4nker jag, titta inte ens p\u00e5 mig om att st\u00e4lla upp, f\u00f6r ni ljuger allihop. Ni \u00e4r inte redo f\u00f6r en kvinna.<\/p>\n<p>Uttalandet skedde i New York d\u00e4r hon \u00e4r f\u00f6r att marknadsf\u00f6ra sin nya bok \u201dThe Look\u201d. Boken handlar om mode och politik under hennes och Baracks Obamas tid i Vita huset.\u00a0<\/p>\n<p>Viktig f\u00f6r Demokraterna<\/p>\n<p>Michelle Obama \u00e4r v\u00e4ldigt popul\u00e4r i Demokraternas kretsar. Populariteten har \u00e4ven varit viktig f\u00f6r att f\u00e5 v\u00e4ljare att st\u00e4lla sig bakom partiet.<\/p>\n<p>Detta har under flera \u00e5r lett till spekulationer om att hon sj\u00e4lv skulle kandidera f\u00f6r att bli president \u2013 n\u00e5got hon dementerat g\u00e5ng p\u00e5 g\u00e5ng.<\/p>\n<p>St\u00f6dde Harris<\/p>\n<p>F\u00f6rra \u00e5ret kampanjade Michelle Obama f\u00f6r Kamala Harris d\u00e4r hon med oro beskrev det hot hon menade att Trumps politik utgjorde mot kvinnor och dess h\u00e4lsa.\u00a0<\/p>\n<p>\u2013 Sn\u00e4lla, sn\u00e4lla l\u00e4mna inte v\u00e5rat \u00f6de till s\u00e5dana som Trump, som inte vet n\u00e5gonting om oss, som har visat stort f\u00f6rakt mot oss. F\u00f6r en r\u00f6st p\u00e5 honom \u00e4r en r\u00f6st mot oss, mot v\u00e5r h\u00e4lsa, mot v\u00e5rt v\u00e4rde, sa Michelle Obama vid ett massm\u00f6te i Michigan dagar innan valet.\u00a0<\/p>\n<p>Vid samma m\u00f6te sa hon \u00e4ven att Harris var redo f\u00f6r att bli president \u2013 men undrade samtidigt om USA var redo.<\/p>\n","protected":false},"excerpt":{"rendered":"Publicerad 15 nov 2025 kl 23.55 Det kommer att dr\u00f6ja ett tag innan USA f\u00e5r sin f\u00f6rsta kvinnliga&hellip;\n","protected":false},"author":2,"featured_media":82368,"comment_status":"","ping_status":"","sticky":false,"template":"","format":"standard","meta":{"footnotes":""},"categories":[14],"tags":[22,23,26,27,17,21,24,25,28,29,15,16,4572,18,34,55,31,33,32,30,19,204,20,51,52,53,54],"class_list":{"0":"post-82367","1":"post","2":"type-post","3":"status-publish","4":"format-standard","5":"has-post-thumbnail","7":"category-varlden","8":"tag-breaking-news","9":"tag-breakingnews","10":"tag-featured-news","11":"tag-featurednews","12":"tag-headlines","13":"tag-huvudnyheter","14":"tag-latest-news","15":"tag-latestnews","16":"tag-main-news","17":"tag-mainnews","18":"tag-news","19":"tag-nyheter","20":"tag-person-michelle-obama","21":"tag-rubriker","22":"tag-se","23":"tag-sections-varlden","24":"tag-svenska","25":"tag-sverige","26":"tag-sweden","27":"tag-swedish","28":"tag-top-stories","29":"tag-topic-amerikansk-politik","30":"tag-topstories","31":"tag-varlden","32":"tag-world","33":"tag-world-news","34":"tag-worldnews"},"share_on_mastodon":{"url":"https:\/\/pubeurope.com\/@se\/115561176954314083","error":""},"_links":{"self":[{"href":"https:\/\/www.europesays.com\/se\/wp-json\/wp\/v2\/posts\/82367","targetHints":{"allow":["GET"]}}],"collection":[{"href":"https:\/\/www.europesays.com\/se\/wp-json\/wp\/v2\/posts"}],"about":[{"href":"https:\/\/www.europesays.com\/se\/wp-json\/wp\/v2\/types\/post"}],"author":[{"embeddable":true,"href":"https:\/\/www.europesays.com\/se\/wp-json\/wp\/v2\/users\/2"}],"replies":[{"embeddable":true,"href":"https:\/\/www.europesays.com\/se\/wp-json\/wp\/v2\/comments?post=82367"}],"version-history":[{"count":0,"href":"https:\/\/www.europesays.com\/se\/wp-json\/wp\/v2\/posts\/82367\/revisions"}],"wp:featuredmedia":[{"embeddable":true,"href":"https:\/\/www.europesays.com\/se\/wp-json\/wp\/v2\/media\/82368"}],"wp:attachment":[{"href":"https:\/\/www.europesays.com\/se\/wp-json\/wp\/v2\/media?parent=82367"}],"wp:term":[{"taxonomy":"category","embeddable":true,"href":"https:\/\/www.europesays.com\/se\/wp-json\/wp\/v2\/categories?post=82367"},{"taxonomy":"post_tag","embeddable":true,"href":"https:\/\/www.europesays.com\/se\/wp-json\/wp\/v2\/tags?post=82367"}],"curies":[{"name":"wp","href":"https:\/\/api.w.org\/{rel}","templated":true}]}}