{"id":82384,"date":"2025-11-16T20:42:16","date_gmt":"2025-11-16T20:42:16","guid":{"rendered":"https:\/\/www.europesays.com\/se\/82384\/"},"modified":"2025-11-16T20:42:16","modified_gmt":"2025-11-16T20:42:16","slug":"ny-vag-av-sadelstolder-polisen-varnar-sverige","status":"publish","type":"post","link":"https:\/\/www.europesays.com\/se\/82384\/","title":{"rendered":"Ny v\u00e5g av sadelst\u00f6lder \u2013 polisen varnar | Sverige"},"content":{"rendered":"<p>Publicerad 16 nov 2025 kl 11.22Uppdaterad kl 11.32<\/p>\n<p>En ny v\u00e5g av sadelst\u00f6lder sveper just nu \u00f6ver s\u00f6dra Sverige. P\u00e5 bara n\u00e5gra veckor har \u00f6ver 20 stall drabbats, enligt polisen.<\/p>\n<p>\u2013 Det kan snabbt komma upp i stora summor, s\u00e4ger Martina Gradian, presstalesperson i region \u00d6st.<\/p>\n<p><img   alt=\"\"\/> <\/p>\n<p>Foto: MAGNUS HALLGREN \/ DN \/ TT \/ TT NYHETSBYR\u00c5N<\/p>\n<p>\u00d6ppna bild i helsk\u00e4rm<\/p>\n<p>Sadlar och andra stallf\u00f6rem\u00e5l kan ofta vara v\u00e4rda tusentals kronor styck. Det g\u00f6r att ett relativt stort v\u00e4rde kan finnas p\u00e5 en liten yta i en sadelkammare \u2013 vilket i sin tur lockar tjuvarna.<\/p>\n<p>Ett stall i Tenhult sydost om J\u00f6nk\u00f6ping \u00e4r ett av de senaste som drabbats.<\/p>\n<p>Under natten till onsdagen br\u00f6t n\u00e5gon upp sadelkammaren och stal bland annat fem sadlar och ett antal ridhj\u00e4lmar.<\/p>\n<p>Det \u00e4r den fj\u00e4rde liknande st\u00f6lden p\u00e5 kort tid i l\u00e4net. Sadelst\u00f6lder har dessutom intr\u00e4ffat p\u00e5 flera andra platser i s\u00f6dra Sverige den senaste tiden. Fram till i f\u00f6rra veckan handlade det om minst ett 20-tal fall, enligt polisen.<\/p>\n<p>\u2013 Vi fick siffror p\u00e5 det i f\u00f6rra veckan, d\u00e5 var det upp till ett 20-tal bland annat i v\u00e5r region d\u00e5, men \u00e4ven till exempel i Bergslagen och region Mitt, s\u00e4ger Martina Gradian.<\/p>\n<p>S\u00e4ljs utomlands<\/p>\n<p>Hur ett eventuellt samband ser ut \u00e4r dock f\u00f6r tidigt att s\u00e4ga.<\/p>\n<p>\u2013 Vi tittar ju p\u00e5 om vi kan koppla ihop de h\u00e4r olika \u00e4rendena p\u00e5 n\u00e5got s\u00e4tt.<\/p>\n<p>\u2013 Det vi vet att de har gemensamt \u00e4r att man stj\u00e4l sadlar och annan stallutrustning som man sedan kan s\u00e4lja p\u00e5 en andrahandsmarknad, ofta utomlands. Men om det \u00e4r samma personer, det kan vi inte svara p\u00e5 just nu.<\/p>\n<p>D\u00e4remot \u00e4r det sedan tidigare k\u00e4nt att stallst\u00f6lderna ofta kommer i sjok enligt polisen, som d\u00e4rf\u00f6r g\u00e5tt ut med varningar f\u00f6r st\u00f6lderna p\u00e5 sin webbplats.<\/p>\n<p>D\u00f6mda till f\u00e4ngelse<\/p>\n<p>F\u00f6r n\u00e5gra \u00e5r sedan d\u00f6mdes tre m\u00e4n till fler\u00e5riga f\u00e4ngelsestraff f\u00f6r att ha stulit \u00f6ver 80 sadlar i Sk\u00e5ne, V\u00e4rmland och V\u00e4stra G\u00f6taland.<\/p>\n<p>Generellt sett \u00e4r det dock sv\u00e5rutredda brott.<\/p>\n<p>\u2013 Det \u00e4r sv\u00e5ra \u00e4renden att utreda. D\u00e4rf\u00f6r \u00e4r det viktigt att g\u00f6ra det s\u00e5 sv\u00e5rt som m\u00f6jligt f\u00f6r tjuvarna, s\u00e4ger Martina Gradian.<\/p>\n","protected":false},"excerpt":{"rendered":"Publicerad 16 nov 2025 kl 11.22Uppdaterad kl 11.32 En ny v\u00e5g av sadelst\u00f6lder sveper just nu \u00f6ver s\u00f6dra&hellip;\n","protected":false},"author":2,"featured_media":82385,"comment_status":"","ping_status":"","sticky":false,"template":"","format":"standard","meta":{"footnotes":""},"categories":[12],"tags":[22,23,26,27,17,21,24,25,28,29,15,16,18,34,154,31,33,32,30,19,20],"class_list":{"0":"post-82384","1":"post","2":"type-post","3":"status-publish","4":"format-standard","5":"has-post-thumbnail","7":"category-sverige","8":"tag-breaking-news","9":"tag-breakingnews","10":"tag-featured-news","11":"tag-featurednews","12":"tag-headlines","13":"tag-huvudnyheter","14":"tag-latest-news","15":"tag-latestnews","16":"tag-main-news","17":"tag-mainnews","18":"tag-news","19":"tag-nyheter","20":"tag-rubriker","21":"tag-se","22":"tag-sections-sverige","23":"tag-svenska","24":"tag-sverige","25":"tag-sweden","26":"tag-swedish","27":"tag-top-stories","28":"tag-topstories"},"share_on_mastodon":{"url":"https:\/\/pubeurope.com\/@se\/115561322446242400","error":""},"_links":{"self":[{"href":"https:\/\/www.europesays.com\/se\/wp-json\/wp\/v2\/posts\/82384","targetHints":{"allow":["GET"]}}],"collection":[{"href":"https:\/\/www.europesays.com\/se\/wp-json\/wp\/v2\/posts"}],"about":[{"href":"https:\/\/www.europesays.com\/se\/wp-json\/wp\/v2\/types\/post"}],"author":[{"embeddable":true,"href":"https:\/\/www.europesays.com\/se\/wp-json\/wp\/v2\/users\/2"}],"replies":[{"embeddable":true,"href":"https:\/\/www.europesays.com\/se\/wp-json\/wp\/v2\/comments?post=82384"}],"version-history":[{"count":0,"href":"https:\/\/www.europesays.com\/se\/wp-json\/wp\/v2\/posts\/82384\/revisions"}],"wp:featuredmedia":[{"embeddable":true,"href":"https:\/\/www.europesays.com\/se\/wp-json\/wp\/v2\/media\/82385"}],"wp:attachment":[{"href":"https:\/\/www.europesays.com\/se\/wp-json\/wp\/v2\/media?parent=82384"}],"wp:term":[{"taxonomy":"category","embeddable":true,"href":"https:\/\/www.europesays.com\/se\/wp-json\/wp\/v2\/categories?post=82384"},{"taxonomy":"post_tag","embeddable":true,"href":"https:\/\/www.europesays.com\/se\/wp-json\/wp\/v2\/tags?post=82384"}],"curies":[{"name":"wp","href":"https:\/\/api.w.org\/{rel}","templated":true}]}}