{"id":82422,"date":"2025-11-16T22:46:07","date_gmt":"2025-11-16T22:46:07","guid":{"rendered":"https:\/\/www.europesays.com\/se\/82422\/"},"modified":"2025-11-16T22:46:07","modified_gmt":"2025-11-16T22:46:07","slug":"inte-en-chans-att-open-ai-overlever","status":"publish","type":"post","link":"https:\/\/www.europesays.com\/se\/82422\/","title":{"rendered":"\u201dInte en chans att Open AI \u00f6verlever\u201d"},"content":{"rendered":"<p>Oron f\u00f6r en AI-bubbla v\u00e4xer och experter varnar f\u00f6r kreativa l\u00e5neuppl\u00e4gg f\u00f6r att finansiera den explosionsartade utbyggnaden, skriver SvD N\u00e4ringsliv.<\/p>\n<p>\u2013 Alla vet att AI-hajpen \u00e4r vansinnig. Det finns inte en chans att Open AI \u00f6verlever, s\u00e4ger hedgefondgrundaren Harris Kupperman till tidningen.<\/p>\n<p>Johan S\u00f6derstr\u00f6m som f\u00f6rvaltar SEB:s AI-fond oroas \u00f6ver den cirkul\u00e4ra finansieringen i sektorn d\u00e4r exempelvis Nvidia investerar i Open\u202fAI som i sin tur k\u00f6per chip av Nvidia. H\u00e4r ser han \u201dr\u00f6da varningslampor\u201d lysa.<\/p>\n<p>Techj\u00e4ttarna vill inte hamna p\u00e5 efterk\u00e4lken, vilket anses leda till \u00f6verinvesteringar som vid it-kraschen. Oxfordprofessorn Carl Benedikt Frey undrar hur mycket av utbyggnaden vi faktiskt kan anv\u00e4nda om 20 \u00e5r, skriver SvD.<\/p>\n<p>Omni \u00e4r politiskt obundna och oberoende. Vi str\u00e4var efter att ge fler perspektiv p\u00e5 nyheterna. Har du fr\u00e5gor eller synpunkter kring v\u00e5r rapportering? <a href=\"https:\/\/omni.se\/varnar-for-ny-bubbla-inte-en-chans-att-open-ai-overlever\/a\/mailto:redaktion@omni.se\" class=\"ArticleActions_contactLink__W2F1M\" rel=\"nofollow noopener\" target=\"_blank\">Kontakta redaktionen<\/a><\/p>\n","protected":false},"excerpt":{"rendered":"Oron f\u00f6r en AI-bubbla v\u00e4xer och experter varnar f\u00f6r kreativa l\u00e5neuppl\u00e4gg f\u00f6r att finansiera den explosionsartade utbyggnaden, skriver&hellip;\n","protected":false},"author":2,"featured_media":82423,"comment_status":"","ping_status":"","sticky":false,"template":"","format":"standard","meta":{"footnotes":""},"categories":[65],"tags":[466,72,333,70,71,3884,334,758,464,34,31,33,32,30],"class_list":{"0":"post-82422","1":"post","2":"type-post","3":"status-publish","4":"format-standard","5":"has-post-thumbnail","7":"category-ekonomi","8":"tag-artificiell-intelligens","9":"tag-business","10":"tag-data","11":"tag-economy","12":"tag-ekonomi","13":"tag-investment-riskkapital","14":"tag-it-hogteknologi","15":"tag-nvidia","16":"tag-open-ai","17":"tag-se","18":"tag-svenska","19":"tag-sverige","20":"tag-sweden","21":"tag-swedish"},"share_on_mastodon":{"url":"https:\/\/pubeurope.com\/@se\/115561810054365260","error":""},"_links":{"self":[{"href":"https:\/\/www.europesays.com\/se\/wp-json\/wp\/v2\/posts\/82422","targetHints":{"allow":["GET"]}}],"collection":[{"href":"https:\/\/www.europesays.com\/se\/wp-json\/wp\/v2\/posts"}],"about":[{"href":"https:\/\/www.europesays.com\/se\/wp-json\/wp\/v2\/types\/post"}],"author":[{"embeddable":true,"href":"https:\/\/www.europesays.com\/se\/wp-json\/wp\/v2\/users\/2"}],"replies":[{"embeddable":true,"href":"https:\/\/www.europesays.com\/se\/wp-json\/wp\/v2\/comments?post=82422"}],"version-history":[{"count":0,"href":"https:\/\/www.europesays.com\/se\/wp-json\/wp\/v2\/posts\/82422\/revisions"}],"wp:featuredmedia":[{"embeddable":true,"href":"https:\/\/www.europesays.com\/se\/wp-json\/wp\/v2\/media\/82423"}],"wp:attachment":[{"href":"https:\/\/www.europesays.com\/se\/wp-json\/wp\/v2\/media?parent=82422"}],"wp:term":[{"taxonomy":"category","embeddable":true,"href":"https:\/\/www.europesays.com\/se\/wp-json\/wp\/v2\/categories?post=82422"},{"taxonomy":"post_tag","embeddable":true,"href":"https:\/\/www.europesays.com\/se\/wp-json\/wp\/v2\/tags?post=82422"}],"curies":[{"name":"wp","href":"https:\/\/api.w.org\/{rel}","templated":true}]}}