{"id":82424,"date":"2025-11-16T23:00:13","date_gmt":"2025-11-16T23:00:13","guid":{"rendered":"https:\/\/www.europesays.com\/se\/82424\/"},"modified":"2025-11-16T23:00:13","modified_gmt":"2025-11-16T23:00:13","slug":"julia-ducournau-vill-gora-samhallets-utstotta-till-helgon-folk-forvantar-sig-skrack","status":"publish","type":"post","link":"https:\/\/www.europesays.com\/se\/82424\/","title":{"rendered":"Julia Ducournau vill g\u00f6ra samh\u00e4llets utst\u00f6tta till helgon: \u201dFolk f\u00f6rv\u00e4ntar sig skr\u00e4ck\u201d"},"content":{"rendered":"<p>Franska filmskaparen <strong>Julia Ducournau<\/strong> blev genast en kultregiss\u00f6r med debutfilmen <a href=\"https:\/\/www.moviezine.se\/movies\/raw-2016\" rel=\"nofollow noopener\" target=\"_blank\">\u201dRaw\u201d<\/a>, om en ung vegetarian som dras till kannibalism. Med sin andra film <a href=\"https:\/\/www.moviezine.se\/movies\/titane\" rel=\"nofollow noopener\" target=\"_blank\">\u201dTitane\u201d<\/a> chockerade hon filmv\u00e4rlden med att vinna Guldpalmen p\u00e5 filmfestivalen i Cannes. <\/p>\n<p>F\u00f6rv\u00e4ntningarna var d\u00e4rf\u00f6r h\u00f6ga n\u00e4r hon skulle sl\u00e4ppa sin tredje film. Nu har <a href=\"https:\/\/www.moviezine.se\/movies\/alpha\" rel=\"nofollow noopener\" target=\"_blank\">\u201dAlpha\u201d<\/a> f\u00e5tt svensk premi\u00e4r p\u00e5 Stockholms filmfestival. Men h\u00e4r finns varken kannibaler eller seriem\u00f6rdare.<\/p>\n<p>I \u201dAlpha\u201d \u00e4r v\u00e4rlden drabbad av en pandemi, en sjukdom som sakta f\u00f6rvandlar de smittade till marmor. En natt kommer den 13-\u00e5riga flickan Alpha hem med en hemmagjord tatuering p\u00e5 armen, och hennes mamma och omgivning misst\u00e4nker genast att hon \u00e4r smittad.<\/p>\n<p>Vad som f\u00f6ljer \u00e4r i grund och botten ett familjedrama om trauma, r\u00e4dslor och k\u00e4rlek. Alpha blir utst\u00f6tt och misst\u00e4nkliggjord, samtidigt som hon formar ett band med sin missbrukande morbror.<\/p>\n<p>N\u00e4r jag m\u00f6ter Ducournau i samband med den svenska premi\u00e4ren, insisterar hon p\u00e5 att filmen egentligen inte skiljer sig s\u00e5 mycket fr\u00e5n hennes tidigare filmer. Medan tonen \u00e4r annorlunda, r\u00f6r hon sig kvar i samma sf\u00e4r.<\/p>\n<p>\u2013 Jag ser filmskapande som en kontinuerlig r\u00f6relse, s\u00e4ger regiss\u00f6ren. Det \u00e4r inte s\u00e5 att jag st\u00e4nger n\u00e5gon sida av mig sj\u00e4lv efter varje film. Tv\u00e4rtom f\u00f6rs\u00f6ker jag gr\u00e4va i samma besattheter, samma r\u00e4dslor, samma k\u00e4nslor som jag k\u00e4nner.<\/p>\n<p>\u2013 Jag \u00e4r n\u00e4stan som en arkeolog som gr\u00e4ver och f\u00f6rs\u00f6ker hitta ok\u00e4nda platser inom mig. Platser jag hade blockerat eller saker som \u00e4r osagda, eller saker som \u00e4r tabu inom mig.\u00a0<\/p>\n<p><strong>\u201dJag \u00e4lskar dig fr\u00e5n A till \u00d6\u201d<\/strong><\/p>\n<p><img loading=\"lazy\" height=\"365\" width=\"648\" class=\"wp-image-706215 sp-no-webp perfmatters-lazy\" alt=\"\" decoding=\"async\" src=\"https:\/\/www.europesays.com\/se\/wp-content\/uploads\/2025\/11\/75659767f2fbed2c057a62dd27ebaec321e543c7-648x365.jpg\"  data-\/> <\/p>\n<p>I \u201dAlpha\u201d ville regiss\u00f6ren n\u00e5 en s\u00e4rskilt sv\u00e5rtillg\u00e4nglig plats. Mot slutet av \u201dTitane\u201d s\u00e4ger huvudkarakt\u00e4rerna orden \u201djag \u00e4lskar dig\u201d till varandra. Ducournau ber\u00e4ttar att hon hade \u201denorma problem\u201d med repliken, och tyckte att det l\u00e4t som en klich\u00e9. Hon klippte flera g\u00e5nger bort orden fr\u00e5n filmen, f\u00f6r att sedan l\u00e4gga in dem igen.<\/p>\n<p>\u2013 S\u00e5 jag t\u00e4nkte: Okej, jag har uppenbarligen ett problem med de h\u00e4r orden. S\u00e5 i n\u00e4sta film ska vi f\u00f6rs\u00f6ka ta itu med det h\u00e4r problemet, eller den h\u00e4r g\u00e5tan inom mig, och f\u00f6rs\u00f6ka g\u00f6ra en film som \u00e4r ett \u201djag \u00e4lskar dig\u201d fr\u00e5n A till \u00d6, och verkligen konfrontera min r\u00e4dsla att uttrycka k\u00e4nslor med ord.<\/p>\n<p>I centrum av den h\u00e4r ber\u00e4ttelsen om k\u00e4rlek st\u00e5r Alpha, fantastiskt spelad av den unga <strong>M\u00e9lissa Boros<\/strong>. Hon vill komma ig\u00e5ng med sitt liv, men hindras av sin misst\u00e4nksamma cyniska omgivning. N\u00e5gonstans d\u00e4r finns \u00e4ven andemeningen av hennes ovanliga namn.<\/p>\n<p>\u2013 Jag har aldrig kallat henne n\u00e5got annat, ber\u00e4ttar Ducournau. Det var min f\u00f6rsta instinkt att kalla henne det, f\u00f6r hon \u00e4r en karakt\u00e4r som befinner sig i b\u00f6rjan av sitt liv och \u00e4r f\u00f6dd in i en v\u00e4rld d\u00e4r alla verkar d\u00f6.\u00a0<\/p>\n<p>\u2013 Det handlade om hur man kan vara en Alfa, n\u00e5gon som befinner sig i b\u00f6rjan av en ny cykel, vilket denna bokstav representerar, i en v\u00e4rld av Omegas, m\u00e4nniskor som befinner sig i slutet av en cykel, och hur man kan forts\u00e4tta att t\u00e4nka p\u00e5 framtiden under dessa f\u00f6rh\u00e5llanden.<\/p>\n<p><strong>\u201dVille g\u00f6ra dem till helgon\u201d<\/strong><\/p>\n<p><img loading=\"lazy\" height=\"329\" width=\"648\" class=\"wp-image-706228 sp-no-webp perfmatters-lazy\" alt=\"\" decoding=\"async\" src=\"https:\/\/www.europesays.com\/se\/wp-content\/uploads\/2025\/11\/alpha-julia-ducournau-cannes-2025-648x329.jpg\"  data-\/> <\/p>\n<p>Symptomen av sjukdomen i \u201dAlpha\u201d \u00e4r lika skr\u00e4mmande som vackra. De smittade m\u00e4nniskorna l\u00e4gger grunden f\u00f6r n\u00e5gra av de mest tilltalande bilder Ducournau har skapat i sin karri\u00e4r.<\/p>\n<p>Det b\u00f6rjar med ett gr\u00e5tt damm som sprider sig \u00f6ver ansiktet. S\u00e5 sm\u00e5ningom b\u00f6rjar ryggen och i slut\u00e4ndan hela kroppen f\u00f6rvandlas till marmor. Det hade varit l\u00e4tt att g\u00f6ra f\u00f6rvandlingen skr\u00e4ckinjagande, men regiss\u00f6ren g\u00e5r emot genrens f\u00f6rv\u00e4ntningar.<\/p>\n<p>\u2013 Med tanke p\u00e5 var jag kommer ifr\u00e5n med \u201dRaw\u201d och \u201dTitane\u201d visste jag att folk f\u00f6rv\u00e4ntade sig n\u00e5got som lutade mer mot ren skr\u00e4ck, n\u00e5got som handlade om obehag, oro, r\u00e4dsla och s\u00e5dant. N\u00e5got som var lite mer extremt. Och det hade varit motsatsen till min vilja.<\/p>\n<p>\u2013 Jag ville inte att folk skulle komma f\u00f6r att se en show eller en gore-fest, forts\u00e4tter hon. F\u00f6r mig handlade det om att genom genrens spr\u00e5k och grammatik omedelbart v\u00e4cka empati och k\u00e4rlek f\u00f6r karakt\u00e4rerna.<\/p>\n<p>Det var n\u00e5got hon hade i \u00e5tanke n\u00e4r hon designade sjukdomen som s\u00e4tter skr\u00e4ck i v\u00e4rlden i \u201dAlpha\u201d.<\/p>\n<p>\u2013 Marmor \u00e4r ett mycket \u00e4delt material, ber\u00e4ttar Julia Ducournau. Det \u00e4r ett material som vanligtvis anv\u00e4nds f\u00f6r att skulptera helgon eller Gudar eller helgade kungar. Det \u00e4r i allra h\u00f6gsta grad kopplat till det heliga, f\u00f6r vi ser hur marmor anv\u00e4nds i tempel hela tiden.<\/p>\n<p>Ducournau v\u00e4ljer att applicera det h\u00e4r \u00e4dla materialet p\u00e5 m\u00e4nniskor som \u00e4r utst\u00f6tta, isolerade och \u00f6vergivna av samh\u00e4llet. H\u00e4r finns en koppling till AIDS-epidemin, d\u00e5 samh\u00e4llet skambelade de smittade.<\/p>\n<p>\u2013 De fick h\u00f6ra att de f\u00f6rtj\u00e4nade att vara sjuka, och d\u00e4rf\u00f6r f\u00f6rtj\u00e4nade de att d\u00f6 p\u00e5 grund av sin livsstil. Och det \u00e4r n\u00e5got som \u00e4r s\u00e5 moraliskt oacceptabelt f\u00f6r mig.<\/p>\n<p>\u2013 F\u00f6r mig \u00e4r det ett s\u00e4tt att k\u00e4mpa f\u00f6r att ge dem den respekt och v\u00e4rdighet som de har f\u00f6rnekats genom att g\u00f6ra dem till helgon, genom att h\u00f6ja dem \u00f6ver oss. P\u00e5 samma s\u00e4tt som helgon \u00e4r i kyrkan eller katedralen.<\/p>\n<p><strong>\u201dHon tycker att han \u00e4r vacker\u201d<\/strong><\/p>\n<p><img loading=\"lazy\" height=\"368\" width=\"648\" class=\"wp-image-706217 sp-no-webp perfmatters-lazy\" alt=\"\" decoding=\"async\" src=\"https:\/\/www.europesays.com\/se\/wp-content\/uploads\/2025\/11\/Screenshot-2025-05-19-at-14.14.36-e1747660788775.png-648x368.jpg\"  data-\/> <\/p>\n<p>I \u201dAlpha\u201d finns en scen som p\u00e5 m\u00e5nga s\u00e4tt \u00e4r en nyckel till hela Ducournaus filosofi. Alpha sitter i ett v\u00e4ntrum f\u00f6r att testa sig f\u00f6r sjukdomen. D\u00e4r sitter ocks\u00e5 en smittad, vars hela kropp har blivit marmor. Alpha kan inte l\u00e5ta bli att stirra, och den smittade m\u00e5ste konfrontera henne. Men Alpha svarar helt \u00e4rligt \u2013 att hon tycker att han \u00e4r vacker.<\/p>\n<p>\u2013 N\u00e4r jag skrev repliken \u201dnej, du \u00e4r vacker\u201d, f\u00f6rest\u00e4llde jag mig hur jag skulle regissera sk\u00e5despelerskan som sedan blev M\u00e9lissa. Och jag gjorde en mental anteckning att jag m\u00e5ste s\u00e4ga till henne att hon verkligen menar det.\u00a0<\/p>\n<p>\u2013 Det \u00e4r inte av artighet, det \u00e4r inte av social obekv\u00e4mhet \u00f6ver huvud taget. Hon f\u00f6rs\u00f6ker inte fylla tomrummet. Hon tycker verkligen att han \u00e4r vacker.<\/p>\n<p>\u201dAlpha\u201d f\u00e5r svensk biopremi\u00e4r den 13 mars 2026<\/p>\n<p><img loading=\"lazy\" decoding=\"async\" alt=\"YouTube video\" width=\"480\" height=\"360\" data-pin-nopin=\"true\" nopin=\"nopin\" class=\"perfmatters-lazy\" src=\"https:\/\/www.europesays.com\/se\/wp-content\/uploads\/2025\/11\/1763334013_626_hqdefault.jpg\"\/><\/p>\n<p>L\u00e4s ocks\u00e5: <a href=\"https:\/\/www.moviezine.se\/nyheter\/alexander-skarsgard-pillion\" title=\"Alexander Skarsg\u00e5rd om sexscener, karri\u00e4ren och v\u00e5gade k\u00e4rleksfilmen \u201dPillion\u201d\" class=\"underline-custom !font-montserrat !font-bold !underline-offset-4 !decoration-4 !decoration-moviezine-green !text-md\" rel=\"nofollow noopener\" target=\"_blank\">Alexander Skarsg\u00e5rd om sexscener, karri\u00e4ren och v\u00e5gade k\u00e4rleksfilmen \u201dPillion\u201d<\/a><\/p>\n<p>L\u00e4s ocks\u00e5: <a href=\"https:\/\/www.moviezine.se\/nyheter\/moviezine-moter-ganget-bakom-arets-mest-flippade-svenska-film-det-ar-en-punkhistoria\" title=\"MovieZine m\u00f6ter g\u00e4nget bakom \u00e5rets mest flippade svenska film: \u201dDet \u00e4r en punkhistoria!\u201d\" class=\"underline-custom !font-montserrat !font-bold !underline-offset-4 !decoration-4 !decoration-moviezine-green !text-md\" rel=\"nofollow noopener\" target=\"_blank\">MovieZine m\u00f6ter g\u00e4nget bakom \u00e5rets mest flippade svenska film: \u201dDet \u00e4r en punkhistoria!\u201d<\/a><\/p>\n","protected":false},"excerpt":{"rendered":"Franska filmskaparen Julia Ducournau blev genast en kultregiss\u00f6r med debutfilmen \u201dRaw\u201d, om en ung vegetarian som dras till&hellip;\n","protected":false},"author":2,"featured_media":82425,"comment_status":"","ping_status":"","sticky":false,"template":"","format":"standard","meta":{"footnotes":""},"categories":[67],"tags":[104,2775,2292,2293,34,2998,31,33,32,30,105],"class_list":{"0":"post-82424","1":"post","2":"type-post","3":"status-publish","4":"format-standard","5":"has-post-thumbnail","7":"category-underhallning","8":"tag-entertainment","9":"tag-europeisk-film","10":"tag-exklusivt","11":"tag-intervjuer","12":"tag-se","13":"tag-stockholms-filmfestival","14":"tag-svenska","15":"tag-sverige","16":"tag-sweden","17":"tag-swedish","18":"tag-underhallning"},"share_on_mastodon":{"url":"https:\/\/pubeurope.com\/@se\/115561865305756584","error":""},"_links":{"self":[{"href":"https:\/\/www.europesays.com\/se\/wp-json\/wp\/v2\/posts\/82424","targetHints":{"allow":["GET"]}}],"collection":[{"href":"https:\/\/www.europesays.com\/se\/wp-json\/wp\/v2\/posts"}],"about":[{"href":"https:\/\/www.europesays.com\/se\/wp-json\/wp\/v2\/types\/post"}],"author":[{"embeddable":true,"href":"https:\/\/www.europesays.com\/se\/wp-json\/wp\/v2\/users\/2"}],"replies":[{"embeddable":true,"href":"https:\/\/www.europesays.com\/se\/wp-json\/wp\/v2\/comments?post=82424"}],"version-history":[{"count":0,"href":"https:\/\/www.europesays.com\/se\/wp-json\/wp\/v2\/posts\/82424\/revisions"}],"wp:featuredmedia":[{"embeddable":true,"href":"https:\/\/www.europesays.com\/se\/wp-json\/wp\/v2\/media\/82425"}],"wp:attachment":[{"href":"https:\/\/www.europesays.com\/se\/wp-json\/wp\/v2\/media?parent=82424"}],"wp:term":[{"taxonomy":"category","embeddable":true,"href":"https:\/\/www.europesays.com\/se\/wp-json\/wp\/v2\/categories?post=82424"},{"taxonomy":"post_tag","embeddable":true,"href":"https:\/\/www.europesays.com\/se\/wp-json\/wp\/v2\/tags?post=82424"}],"curies":[{"name":"wp","href":"https:\/\/api.w.org\/{rel}","templated":true}]}}