{"id":82442,"date":"2025-11-16T23:43:05","date_gmt":"2025-11-16T23:43:05","guid":{"rendered":"https:\/\/www.europesays.com\/se\/82442\/"},"modified":"2025-11-16T23:43:05","modified_gmt":"2025-11-16T23:43:05","slug":"ingen-uppdatering-av-mac-pro-vantas-inom-den-narmaste-tiden-eftersom-apple-enligt-uppgift-flyttar-fokus-till-mac-studio-notebookcheck-se","status":"publish","type":"post","link":"https:\/\/www.europesays.com\/se\/82442\/","title":{"rendered":"Ingen uppdatering av Mac Pro v\u00e4ntas inom den n\u00e4rmaste tiden, eftersom Apple enligt uppgift flyttar fokus till Mac Studio &#8211; notebookcheck.se"},"content":{"rendered":"<ol>\n<li><a href=\"https:\/\/news.google.com\/rss\/articles\/CBMi-AFBVV95cUxPeDdBeXc2UVZTeFA3WE14VFJhb2xMUXVOQXFlelM0MkVob19PTXJmN0dHX2dsWnV3OFp1eHpwNlViXzR3emZIRDllYnFJdFJFX0czSkVNalAyTnFmN1A0UDZFeFc2ZGxGRzFZQmxwWTZiQWZRT3o4cDFYS2xBRlRwMXdTY1VXTkhKcmtvSTRuMTFEVG9CeHBzTEdYZGI4bHRvUVRrTDlfM3B4OUhId2d3R3JoNHZjdDY0TnkwU2JYWGwwcXV4dnA4UnRXLUpnc2RfX1hMRWs1MzRqNS16T05KZ0gxTDl5R2oyTDF2VVpZX2NEZFJiVHpGag?oc=5\" target=\"_blank\" rel=\"nofollow noopener\">Ingen uppdatering av Mac Pro v\u00e4ntas inom den n\u00e4rmaste tiden, eftersom Apple enligt uppgift flyttar fokus till Mac Studio<\/a>&nbsp;&nbsp;notebookcheck.se<\/li>\n<li><a href=\"https:\/\/news.google.com\/rss\/articles\/CBMiogFBVV95cUxOLVhzUC1mVnJycmlHTE4yOGdhRzBxOE1UaDkxTm85c0hNS0FfVWxOanlmblJXNEZjWlhlT1JHVzdGT3Z0am5sMmVMVnpyOTJob3dXS2NsaFA0RlA4ajlmNHN2SXFOZ3Zha181ek9sTE15RkZTOTZrNWJ3b1hOVlhacnhGMnpnY0MwZF9QLXpROGs1MXFGNTBwZTh2MHgzX2tZVFE?oc=5\" target=\"_blank\" rel=\"nofollow noopener\">Vi vet n\u00e4r den nya kommer Mac mini a Mac Studio med M5-chips<\/a>&nbsp;&nbsp;Letem sv\u011btem Applem<\/li>\n<li><a href=\"https:\/\/news.google.com\/rss\/articles\/CBMizAFBVV95cUxQXzdhRXNGNXFSMHIxaWRPcUFweVp1VGJHSlNlN1ByVnZvOUdxZGVMQjJib0owcVR4U0dQbFJxTllTS25fWEJBd2t6LVFhX2pMMExmeVNuREh5N24wMnhsQTlUeUdpM3VJeVNwMUdQSDhkcnBycXFMMmc0cFhLN0pMelR5ZEh0b1QtZE1LNnJKYXFkNUZUNElCb29TdUp2NTFBMlVSak53WFRXdmdPOVF2MHdHVURIbXVYT1JPbHEwQVpURkxtT1NrVXJiZVg?oc=5\" target=\"_blank\" rel=\"nofollow noopener\">OLED-sk\u00e4rmar kan bli exklusiva f\u00f6r M6 Pro- och M6 Max-modellerna av MacBook Pro<\/a>&nbsp;&nbsp;TechRadar<\/li>\n<li><a href=\"https:\/\/news.google.com\/rss\/articles\/CBMikAFBVV95cUxPQVRPb1NLa1M2ZktTTEpnd29vaER0eks0UGVEbHM5UFdXMkxKaTgyYzUtRkxsUVF0SmxVX2NLdDRXYkRKUE5QSjNaLXFIT0dBSmJWRmJZc2FFUTY1dEtyRXpaNndnMWdPY2ItV1I4S0xiN09oT1JHN2RHdDFXOV9GeXY3dThVekEyazlmQks4RjHSAZQBQVVfeXFMTmpIMnZ6d1BOYzdYdWZrSFpIMXBQS2FteUIzazhsR0pzdlhDMldVVzZKSFBiNFBNSTJlT1REZkZUYTQ5UHExUThvckRlWXJZejJBN2JaUWFTYUlrbVhWLWNXXy1vOVVvcE5jeUhaZ3drdWVMWXhaaEhiOXcxOUpnSG4xUWRvdS1kbGRMV19VSi0tUlowLQ?oc=5\" target=\"_blank\" rel=\"nofollow noopener\">Apple 2026: M5 till n\u00e4stan alla Mac, M6 runt h\u00f6rnet<\/a>&nbsp;&nbsp;\u041f\u0435\u043f\u0435\u043b\u0430\u0446 \u041d\u044c\u044e\u0441<\/li>\n<li><a href=\"https:\/\/news.google.com\/rss\/articles\/CBMiiwFBVV95cUxQTkprdm5tMlVjSDRUQmJPQmdJMFFraXFaenl1S1lBNGNKU0V3WUx0VnZtRHdSUEtnUGEtaHNyTVBaRU10dnVjRmptYlNGeHdndEpPYTU5VnhRYmY1bm9XTWpJQWNiYlc3TER4V3N1SktWSE1MRE1BeUVTWXQtTVdSbTlvZDY1eVFIdUpz0gGTAUFVX3lxTE9XRXpnVkF6ZDB1Ml9YZVpqNHpaSGliWk55c2tiYVVfNER1MHJNYVg1TndFcHRpNjdwNnRMXzdTVDk2eTAzZ1puZl93SEpFWEtqamFLTTFMRnktWkJFbmVtZ2cySWhuWUE0SlFxLUlBb0t1WG9aQlhSSFdCWVR2ZFdHMU1Tb3EwVE5mZFNvNWRYb3ZESQ?oc=5\" target=\"_blank\" rel=\"nofollow noopener\">Macbook Pro f\u00e5r OLED-sk\u00e4rm och peksk\u00e4rm &#8211; Snart OLED-sk\u00e4rm f\u00f6r Macbook Pro<\/a>&nbsp;&nbsp;Ljud &amp; Bild<\/li>\n<\/ol>\n","protected":false},"excerpt":{"rendered":"Ingen uppdatering av Mac Pro v\u00e4ntas inom den n\u00e4rmaste tiden, eftersom Apple enligt uppgift flyttar fokus till Mac&hellip;\n","protected":false},"author":2,"featured_media":1096,"comment_status":"","ping_status":"","sticky":false,"template":"","format":"standard","meta":{"footnotes":""},"categories":[66],"tags":[80,78,79,34,31,33,32,30,81,84,83,82],"class_list":{"0":"post-82442","1":"post","2":"type-post","3":"status-publish","4":"format-standard","5":"has-post-thumbnail","7":"category-vetenskap-och-teknik","8":"tag-science","9":"tag-science-and-technology","10":"tag-scienceandtechnology","11":"tag-se","12":"tag-svenska","13":"tag-sverige","14":"tag-sweden","15":"tag-swedish","16":"tag-technology","17":"tag-teknik","18":"tag-vetenskap","19":"tag-vetenskapteknik"},"share_on_mastodon":{"url":"https:\/\/pubeurope.com\/@se\/115562034160803567","error":""},"_links":{"self":[{"href":"https:\/\/www.europesays.com\/se\/wp-json\/wp\/v2\/posts\/82442","targetHints":{"allow":["GET"]}}],"collection":[{"href":"https:\/\/www.europesays.com\/se\/wp-json\/wp\/v2\/posts"}],"about":[{"href":"https:\/\/www.europesays.com\/se\/wp-json\/wp\/v2\/types\/post"}],"author":[{"embeddable":true,"href":"https:\/\/www.europesays.com\/se\/wp-json\/wp\/v2\/users\/2"}],"replies":[{"embeddable":true,"href":"https:\/\/www.europesays.com\/se\/wp-json\/wp\/v2\/comments?post=82442"}],"version-history":[{"count":0,"href":"https:\/\/www.europesays.com\/se\/wp-json\/wp\/v2\/posts\/82442\/revisions"}],"wp:featuredmedia":[{"embeddable":true,"href":"https:\/\/www.europesays.com\/se\/wp-json\/wp\/v2\/media\/1096"}],"wp:attachment":[{"href":"https:\/\/www.europesays.com\/se\/wp-json\/wp\/v2\/media?parent=82442"}],"wp:term":[{"taxonomy":"category","embeddable":true,"href":"https:\/\/www.europesays.com\/se\/wp-json\/wp\/v2\/categories?post=82442"},{"taxonomy":"post_tag","embeddable":true,"href":"https:\/\/www.europesays.com\/se\/wp-json\/wp\/v2\/tags?post=82442"}],"curies":[{"name":"wp","href":"https:\/\/api.w.org\/{rel}","templated":true}]}}