{"id":82464,"date":"2025-11-17T00:11:32","date_gmt":"2025-11-17T00:11:32","guid":{"rendered":"https:\/\/www.europesays.com\/se\/82464\/"},"modified":"2025-11-17T00:11:32","modified_gmt":"2025-11-17T00:11:32","slug":"smhi-utfardar-gul-varning-for-snofall-byt-till-vinterdack-unt","status":"publish","type":"post","link":"https:\/\/www.europesays.com\/se\/82464\/","title":{"rendered":"SMHI utf\u00e4rdar gul varning f\u00f6r sn\u00f6fall: \u201dByt till vinterd\u00e4ck\u201d &#8211; UNT"},"content":{"rendered":"<ol>\n<li><a href=\"https:\/\/news.google.com\/rss\/articles\/CBMiggFBVV95cUxPV09fWFlQVXhsY1dvS0MyRS1teU11N2VYNXpfR3l6ZFZEaDRtZllwWVhzMGN0RUNhaEhXTndJaTlJYzM3LW53TnBTeUYySjRTai1aSGViZHJqMnVKVHBycTlselhLTnoyTVJtMjc1MGE4M2p0XzFCZXVNWkcyN3JTT29n?oc=5\" target=\"_blank\" rel=\"nofollow noopener\">SMHI utf\u00e4rdar gul varning f\u00f6r sn\u00f6fall: \u201dByt till vinterd\u00e4ck\u201d<\/a>&nbsp;&nbsp;UNT<\/li>\n<li><a href=\"https:\/\/news.google.com\/rss\/articles\/CBMilgFBVV95cUxOdm12UHNXVlRnVFNFSGU0UlFxN2NTQW41OVA2SjVYR05WQy1Bb0I5elFodVFnYjFieUhiX1RkWFNjTzRDOUh0ZS1rYmlJazBNWklWNXZiYlFYQmpVRWJCVkhuOXdwdS1nZWxGR05ncWxyc3NJWXNtYklCTGxaWFVheEFyeDkyc2wyWHJtT2RhaXRmQnBLbWc?oc=5\" target=\"_blank\" rel=\"nofollow noopener\">Sverige ligger i k\u00f6ldbalja: \u201dKastats in i vintern\u201d<\/a>&nbsp;&nbsp;Aftonbladet<\/li>\n<li><a href=\"https:\/\/news.google.com\/rss\/articles\/CBMimgFBVV95cUxORTJfZmZkMWN3aXBnc2ZRTDJDaDBmMTNUSE84bXFaenVYendLb1VDRlhqTUJhcHFJUDhGSVFKcW1ySlU5ZExQNGRlVDZtblNZeUIxaWxZMVI0NDdqZXh1XzRvSnQtZUlCVnRHZHdrM01HMk84Mkh0S3FTaDJyX294VHlmd1pTUXZNMmNrU2U1ZC0yTWxCc28tbm5R?oc=5\" target=\"_blank\" rel=\"nofollow noopener\">Sn\u00f6 v\u00e4ntas i Uppsala och \u00f6stra Stockholm \u2013 SMHI varnar<\/a>&nbsp;&nbsp;SVT Nyheter<\/li>\n<li><a href=\"https:\/\/news.google.com\/rss\/articles\/CBMimAFBVV95cUxQU3IyM2pXdWRBM2xTQ2N4UUJ1aEdvSFhiMXRTRmtERkxsRUFzNlczWE1LUWdlY0l1LWdZQk12SDJDMVFlYW5GNkVTd0hIQlFLeUFmeEtNcEU3TXkwVF91bENFaGxfNHdvMVFlTldNQ0tmZjZ3bWRUaU9UdExKeVQ3dS1fNjc3cVJYOFpIdVNHOVdRYWpOXzlNdA?oc=5\" target=\"_blank\" rel=\"nofollow noopener\">Sn\u00f6n p\u00e5 ing\u00e5ng \u2013 risk f\u00f6r kaostrafik<\/a>&nbsp;&nbsp;Expressen<\/li>\n<li><a href=\"https:\/\/news.google.com\/rss\/articles\/CBMimwFBVV95cUxPSnBFUVhZb3FLX0d4bU5PazNVNkI1LV9zM0RReUljUTgwUnJjUlBWT0txdTVueDBEaGhuTk9Fc0g1dGR1c0NyMkN1Q0xxT2pzZzk0QnpCR0p5ZVFKbHQwTk5VTG02cmNfeWRVTkZjMEJBM2JlLWduUGJWby1xQUVnZmdkZE90NEtIOVNnYk1uaHY5NGNJZnBGbE9ETQ?oc=5\" target=\"_blank\" rel=\"nofollow noopener\">SMHI varnar f\u00f6r sn\u00f6 och halka: \u201dDags att t\u00e4nka p\u00e5 vinterd\u00e4ck\u201d<\/a>&nbsp;&nbsp;Sveriges Radio<\/li>\n<\/ol>\n","protected":false},"excerpt":{"rendered":"SMHI utf\u00e4rdar gul varning f\u00f6r sn\u00f6fall: \u201dByt till vinterd\u00e4ck\u201d&nbsp;&nbsp;UNT Sverige ligger i k\u00f6ldbalja: \u201dKastats in i vintern\u201d&nbsp;&nbsp;Aftonbladet Sn\u00f6&hellip;\n","protected":false},"author":2,"featured_media":82465,"comment_status":"","ping_status":"","sticky":false,"template":"","format":"standard","meta":{"footnotes":""},"categories":[5],"tags":[22,23,26,27,17,21,24,25,28,29,15,16,18,34,31,33,32,30,19,20],"class_list":{"0":"post-82464","1":"post","2":"type-post","3":"status-publish","4":"format-standard","5":"has-post-thumbnail","7":"category-rubriker","8":"tag-breaking-news","9":"tag-breakingnews","10":"tag-featured-news","11":"tag-featurednews","12":"tag-headlines","13":"tag-huvudnyheter","14":"tag-latest-news","15":"tag-latestnews","16":"tag-main-news","17":"tag-mainnews","18":"tag-news","19":"tag-nyheter","20":"tag-rubriker","21":"tag-se","22":"tag-svenska","23":"tag-sverige","24":"tag-sweden","25":"tag-swedish","26":"tag-top-stories","27":"tag-topstories"},"share_on_mastodon":{"url":"https:\/\/pubeurope.com\/@se\/115562144277569699","error":""},"_links":{"self":[{"href":"https:\/\/www.europesays.com\/se\/wp-json\/wp\/v2\/posts\/82464","targetHints":{"allow":["GET"]}}],"collection":[{"href":"https:\/\/www.europesays.com\/se\/wp-json\/wp\/v2\/posts"}],"about":[{"href":"https:\/\/www.europesays.com\/se\/wp-json\/wp\/v2\/types\/post"}],"author":[{"embeddable":true,"href":"https:\/\/www.europesays.com\/se\/wp-json\/wp\/v2\/users\/2"}],"replies":[{"embeddable":true,"href":"https:\/\/www.europesays.com\/se\/wp-json\/wp\/v2\/comments?post=82464"}],"version-history":[{"count":0,"href":"https:\/\/www.europesays.com\/se\/wp-json\/wp\/v2\/posts\/82464\/revisions"}],"wp:featuredmedia":[{"embeddable":true,"href":"https:\/\/www.europesays.com\/se\/wp-json\/wp\/v2\/media\/82465"}],"wp:attachment":[{"href":"https:\/\/www.europesays.com\/se\/wp-json\/wp\/v2\/media?parent=82464"}],"wp:term":[{"taxonomy":"category","embeddable":true,"href":"https:\/\/www.europesays.com\/se\/wp-json\/wp\/v2\/categories?post=82464"},{"taxonomy":"post_tag","embeddable":true,"href":"https:\/\/www.europesays.com\/se\/wp-json\/wp\/v2\/tags?post=82464"}],"curies":[{"name":"wp","href":"https:\/\/api.w.org\/{rel}","templated":true}]}}