{"id":82481,"date":"2025-11-17T00:39:10","date_gmt":"2025-11-17T00:39:10","guid":{"rendered":"https:\/\/www.europesays.com\/se\/82481\/"},"modified":"2025-11-17T00:39:10","modified_gmt":"2025-11-17T00:39:10","slug":"budget-hp-17t-serien-saljs-nu-for-over-halften-av-priset-fran-bara-420","status":"publish","type":"post","link":"https:\/\/www.europesays.com\/se\/82481\/","title":{"rendered":"Budget HP 17t-serien s\u00e4ljs nu f\u00f6r \u00f6ver h\u00e4lften av priset fr\u00e5n bara $ 420"},"content":{"rendered":"<p>\t\t<a href=\"https:\/\/www.notebookcheck.se\/fileadmin\/_processed_\/7\/2\/csm_hp17tfeature2_0c32abcd9c.jpg\" data-caption=\"HP 17t \u00e4r nu en av de mest prisv\u00e4rda b\u00e4rbara datorerna i sin storleksklass (Bildk\u00e4lla: Notebookcheck)\" rel=\"nofollow noopener\" target=\"_blank\"><img decoding=\"async\" src=\"https:\/\/www.europesays.com\/se\/wp-content\/uploads\/2025\/11\/csm_hp17tfeature2_1ec1811a6f.jpg\" loading=\"lazy\" fetchpriority=\"high\" width=\"240\" height=\"181\" alt=\"HP 17t \u00e4r nu en av de mest prisv\u00e4rda b\u00e4rbara datorerna i sin storleksklass (Bildk\u00e4lla: Notebookcheck)\"\/><\/a>HP 17t \u00e4r nu en av de mest prisv\u00e4rda b\u00e4rbara datorerna i sin storleksklass (Bildk\u00e4lla: Notebookcheck)<\/p>\n<p>Det ursprungliga lanseringspriset p\u00e5 n\u00e4stan 1000 dollar var l\u00f6jligt med tanke p\u00e5 de relativt l\u00e5ga specifikationerna f\u00f6r HP 17t, men det nya f\u00f6rs\u00e4ljningspriset \u00e4r nu mycket mer acceptabelt f\u00f6r kr\u00e4vande anv\u00e4ndare som bara vill ha en stor 17,3-tums 1080p-sk\u00e4rm.<\/p>\n<p class=\"bodytext\">Den senaste HP 17t levereras nu f\u00f6r att vara ett \u00e4nnu billigare alternativ till den redan billiga Pavilion -serien. Modellen b\u00f6rjade ursprungligen p\u00e5 strax under $ 1000 och b\u00f6rjar nu f\u00f6r betydligt mindre p\u00e5 $ 420 f\u00f6r basen <a href=\"http:\/\/www.notebookcheck.net\/Intel-Core-Ultra-5-225U-Processor-Benchmarks-and-Specs.943067.0.html\" target=\"_self\" class=\"internal-link\" rel=\"nofollow noopener\">Core Ultra 5 225U<\/a> upp till bara $770 n\u00e4r den \u00e4r fullt konfigurerad med <a href=\"http:\/\/www.notebookcheck.net\/Intel-Core-Ultra-7-255U-Processor-Benchmarks-and-Specs.943065.0.html\" target=\"_self\" class=\"internal-link\" rel=\"nofollow noopener\">Core Ultra 7 255U<\/a> och 1080p-sk\u00e4rm. HP har inte angett hur l\u00e4nge f\u00f6rs\u00e4ljningen kommer att p\u00e5g\u00e5. 17t-serien \u00e4r k\u00e4nd f\u00f6r att ha n\u00e5gra av de billigaste b\u00e4rbara 17,3-tums 16:9-datorerna p\u00e5 marknaden. &#13;<\/p>\n<p class=\"bodytext\">Observera att den valfria peksk\u00e4rmsfunktionen kommer med vissa f\u00f6rbeh\u00e5ll. Till skillnad fr\u00e5n de flesta andra b\u00e4rbara datorer begr\u00e4nsar tillvalet av peksk\u00e4rm p\u00e5 17t anv\u00e4ndarna till panelen med uppl\u00f6sningen 1600 x 900 medan anv\u00e4ndare som inte anv\u00e4nder peksk\u00e4rm kan uppgradera till den mer standardiserade panelen 1920 x 1080. Vi rekommenderar starkt att konfigurera med den senare eftersom 900p f\u00f6r en s\u00e5 stor 17,3-tums sk\u00e4rmstorlek kan verka kornig och m\u00f6rk.&#13;<\/p>\n<p class=\"bodytext\">Anv\u00e4ndare som vill ha b\u00e5de peksk\u00e4rm och inbyggd 1080p m\u00e5ste flytta ett steg upp till den dyrare OmniBook 7- eller X-serien. Med andra ord verkar HP avsiktligt begr\u00e4nsa peksk\u00e4rmsalternativen f\u00f6r 17t f\u00f6r att uppmuntra k\u00f6pare att \u00f6verv\u00e4ga den dyrare OmniBook-serien.&#13;<\/p>\n<p class=\"bodytext\">Enligt <a href=\"http:\/\/www.notebookcheck.net\/HP-17t-cn500-laptop-review-Big-screen-for-basic-multimedia.1161194.0.html\" target=\"_self\" class=\"internal-link\" rel=\"nofollow noopener\">v\u00e5r recension av 17t<\/a>erbjuder modellen hyfsad batteritid och prestanda tack vare sin moderna Arrow Lake-U CPU. Den lider dock av d\u00e5lig grafikprestanda och ett begr\u00e4nsat f\u00e4rgomf\u00e5ng, vilket \u00e4r vanliga nackdelar med de flesta b\u00e4rbara budgetdatorer.<\/p>\n<p class=\"bodytext\">Friskrivningsklausul: Notebookcheck ansvarar inte f\u00f6r pris\u00e4ndringar som utf\u00f6rs av \u00e5terf\u00f6rs\u00e4ljare. Det rabatterade priset eller erbjudandet som n\u00e4mns i denna artikel var tillg\u00e4ngligt vid tidpunkten f\u00f6r skrivandet och kan vara f\u00f6rem\u00e5l f\u00f6r tidsbegr\u00e4nsningar och\/eller begr\u00e4nsad tillg\u00e4nglighet av enheter.<\/p>\n<p><a href=\"\"><img decoding=\"async\" src=\"https:\/\/www.europesays.com\/se\/wp-content\/uploads\/2025\/11\/csm_allen_f86567444b.png\" loading=\"lazy\" width=\"120\" height=\"120\" alt=\"Allen Ngo\"\/><\/a><a href=\"\"><img decoding=\"async\" src=\"https:\/\/www.europesays.com\/se\/wp-content\/uploads\/2025\/11\/1763336113_814_csm_ninh_duy_ee54bf9777.jpg\" loading=\"lazy\" width=\"120\" height=\"120\" alt=\"Ninh Duy\"\/><\/a>Translator: <a href=\"\" class=\"j_name\">Ninh Ngoc Duy<\/a> &#8211; Editorial Assistant  &#8211; 657702 articles published on Notebookcheck since 2008<\/p>\n","protected":false},"excerpt":{"rendered":"HP 17t \u00e4r nu en av de mest prisv\u00e4rda b\u00e4rbara datorerna i sin storleksklass (Bildk\u00e4lla: Notebookcheck) Det ursprungliga&hellip;\n","protected":false},"author":2,"featured_media":82482,"comment_status":"","ping_status":"","sticky":false,"template":"","format":"standard","meta":{"footnotes":""},"categories":[66],"tags":[7531,7526,7083,3008,8009,8007,8008,7530,7084,8005,8006,7085,7204,8004,80,78,79,34,31,33,32,30,81,84,83,82],"class_list":{"0":"post-82481","1":"post","2":"type-post","3":"status-publish","4":"format-standard","5":"has-post-thumbnail","7":"category-vetenskap-och-teknik","8":"tag-17t","9":"tag-arrow-lake","10":"tag-barbar-dator","11":"tag-budget","12":"tag-erbjudande","13":"tag-grundlaggande","14":"tag-hem","15":"tag-hp","16":"tag-laptop","17":"tag-mainstream","18":"tag-multimedia","19":"tag-notebook","20":"tag-prestanda","21":"tag-rea","22":"tag-science","23":"tag-science-and-technology","24":"tag-scienceandtechnology","25":"tag-se","26":"tag-svenska","27":"tag-sverige","28":"tag-sweden","29":"tag-swedish","30":"tag-technology","31":"tag-teknik","32":"tag-vetenskap","33":"tag-vetenskapteknik"},"share_on_mastodon":{"url":"https:\/\/pubeurope.com\/@se\/115562254637865270","error":""},"_links":{"self":[{"href":"https:\/\/www.europesays.com\/se\/wp-json\/wp\/v2\/posts\/82481","targetHints":{"allow":["GET"]}}],"collection":[{"href":"https:\/\/www.europesays.com\/se\/wp-json\/wp\/v2\/posts"}],"about":[{"href":"https:\/\/www.europesays.com\/se\/wp-json\/wp\/v2\/types\/post"}],"author":[{"embeddable":true,"href":"https:\/\/www.europesays.com\/se\/wp-json\/wp\/v2\/users\/2"}],"replies":[{"embeddable":true,"href":"https:\/\/www.europesays.com\/se\/wp-json\/wp\/v2\/comments?post=82481"}],"version-history":[{"count":0,"href":"https:\/\/www.europesays.com\/se\/wp-json\/wp\/v2\/posts\/82481\/revisions"}],"wp:featuredmedia":[{"embeddable":true,"href":"https:\/\/www.europesays.com\/se\/wp-json\/wp\/v2\/media\/82482"}],"wp:attachment":[{"href":"https:\/\/www.europesays.com\/se\/wp-json\/wp\/v2\/media?parent=82481"}],"wp:term":[{"taxonomy":"category","embeddable":true,"href":"https:\/\/www.europesays.com\/se\/wp-json\/wp\/v2\/categories?post=82481"},{"taxonomy":"post_tag","embeddable":true,"href":"https:\/\/www.europesays.com\/se\/wp-json\/wp\/v2\/tags?post=82481"}],"curies":[{"name":"wp","href":"https:\/\/api.w.org\/{rel}","templated":true}]}}