{"id":82487,"date":"2025-11-17T00:51:27","date_gmt":"2025-11-17T00:51:27","guid":{"rendered":"https:\/\/www.europesays.com\/se\/82487\/"},"modified":"2025-11-17T00:51:27","modified_gmt":"2025-11-17T00:51:27","slug":"snofall-vantas-i-sigtuna-var-beredd-pa-halkrisk-och-forseningar","status":"publish","type":"post","link":"https:\/\/www.europesays.com\/se\/82487\/","title":{"rendered":"Sn\u00f6fall v\u00e4ntas i Sigtuna \u2013 var beredd p\u00e5 halkrisk och f\u00f6rseningar"},"content":{"rendered":"<p> <strong>Extra<\/strong><a href=\"https:\/\/www.marsta.nu\/startsidan\/skottlossning-i-marsta-en-person-anhallen\/\" rel=\"nofollow noopener\" target=\"_blank\"><img loading=\"lazy\" decoding=\"async\" class=\"media-file__image\" src=\"https:\/\/www.europesays.com\/se\/wp-content\/uploads\/2025\/11\/IMG_0109.jpeg\" width=\"584\" height=\"640\"\/><\/a><\/p>\n<p class=\"article-meta\"> 16 nov kl. 06:45<\/p>\n<p class=\"article-lead\"> <a href=\"https:\/\/www.marsta.nu\/category\/nyheter\/blaljus\/\" class=\"label\" title=\"Visa alla artiklar i Bl\u00e5ljus\" rel=\"nofollow noopener\" target=\"_blank\">Bl\u00e5ljus<\/a> Strax f\u00f6re midnatt larmades polis till S\u00e4tunaomr\u00e5det med anledning av skottlossning mot en bil. En man har gripits misst\u00e4nkt f\u00f6r bland annat mordf\u00f6rs\u00f6k.<\/p>\n<p><a href=\"https:\/\/www.marsta.nu\/nyheter\/morgonkollen-2934\/\" rel=\"nofollow noopener\" target=\"_blank\"><img loading=\"lazy\" decoding=\"async\" class=\"media-file__image\" src=\"https:\/\/www.europesays.com\/se\/wp-content\/uploads\/2025\/11\/sov2.jpeg\" width=\"700\" height=\"525\"\/><\/a><\/p>\n<p class=\"article-meta\"> 16 nov kl. 06:07<\/p>\n<p class=\"article-lead\"> <a href=\"https:\/\/www.marsta.nu\/category\/nyheter\/notiser\/\" class=\"label\" title=\"Visa alla artiklar i Notiser\" rel=\"nofollow noopener\" target=\"_blank\">Notiser<\/a> Morgonkollen &#8211; 16 november!<\/p>\n<p><a href=\"https:\/\/www.marsta.nu\/startsidan\/snorojning-och-halkbekampning-infor-nasta-veckas-vintervader\/\" rel=\"nofollow noopener\" target=\"_blank\"><img loading=\"lazy\" decoding=\"async\" class=\"media-file__image\" src=\"https:\/\/www.europesays.com\/se\/wp-content\/uploads\/2025\/11\/snofall_plog-1.jpg\" width=\"700\" height=\"523\"\/><\/a><\/p>\n<p class=\"article-meta\"> 15 nov kl. 13:09<\/p>\n<p class=\"article-lead\"> <a href=\"https:\/\/www.marsta.nu\/category\/nyheter\/\" class=\"label\" title=\"Visa alla artiklar i Nyheter\" rel=\"nofollow noopener\" target=\"_blank\">Nyheter<\/a> N\u00e4sta vecka v\u00e4ntas minusgrader och sn\u00f6 i l\u00e4net. Trafikverket f\u00f6rbereder d\u00e4rf\u00f6r intensifierad sn\u00f6r\u00f6jning och halkbek\u00e4mpning p\u00e5 de st\u00f6rre v\u00e4garna i kommunen. V\u00e4gar med mycket trafik prioriteras f\u00f6rst, bland annat E4\/Uppsalav\u00e4gen, E20, E18 samt viktiga bussstr\u00e5k och v\u00e4gar till industriomr\u00e5den.<\/p>\n<p> <strong>Extra<\/strong><a href=\"https:\/\/www.marsta.nu\/startsidan\/uppdrag-granskning-atervander-till-sigtuna\/\" rel=\"nofollow noopener\" target=\"_blank\"><img loading=\"lazy\" decoding=\"async\" class=\"media-file__image\" src=\"https:\/\/www.europesays.com\/se\/wp-content\/uploads\/2025\/11\/kommunhus-580x387.jpg\" width=\"580\" height=\"387\"\/><\/a><\/p>\n<p class=\"article-meta\"> 15 nov kl. 08:08<\/p>\n<p class=\"article-lead\"> <a href=\"https:\/\/www.marsta.nu\/category\/nyheter\/\" class=\"label\" title=\"Visa alla artiklar i Nyheter\" rel=\"nofollow noopener\" target=\"_blank\">Nyheter<\/a> Nu p\u00e5 onsdag 19\/11 s\u00e4nds Uppdrag granskning i SVT. Samh\u00e4llsprogrammet bes\u00f6ker Sigtuna kommun igen.<\/p>\n<p><a href=\"https:\/\/www.marsta.nu\/nyheter\/morgonkollen-2933\/\" rel=\"nofollow noopener\" target=\"_blank\"><img loading=\"lazy\" decoding=\"async\" class=\"media-file__image\" src=\"https:\/\/www.europesays.com\/se\/wp-content\/uploads\/2025\/11\/nardusov_sigtuna-e1446444132248.jpg\" width=\"600\" height=\"362\"\/><\/a><\/p>\n<p class=\"article-meta\"> 15 nov kl. 06:10<\/p>\n<p class=\"article-lead\"> <a href=\"https:\/\/www.marsta.nu\/category\/nyheter\/notiser\/\" class=\"label\" title=\"Visa alla artiklar i Notiser\" rel=\"nofollow noopener\" target=\"_blank\">Notiser<\/a> Morgonkollen &#8211; 15 november!<\/p>\n<p><a href=\"https:\/\/www.marsta.nu\/startsidan\/normalt-antal-brandlarm-i-sigtuna-i-oktober\/\" rel=\"nofollow noopener\" target=\"_blank\"><img loading=\"lazy\" decoding=\"async\" class=\"media-file__image\" src=\"https:\/\/www.europesays.com\/se\/wp-content\/uploads\/2025\/08\/brand_genre-580x289.jpeg\" width=\"580\" height=\"289\"\/><\/a><\/p>\n<p class=\"article-meta\"> 14 nov kl. 15:38<\/p>\n<p class=\"article-lead\"> <a href=\"https:\/\/www.marsta.nu\/category\/nyheter\/notiser\/\" class=\"label\" title=\"Visa alla artiklar i Notiser\" rel=\"nofollow noopener\" target=\"_blank\">Notiser<\/a> Under oktober tog SOS Alarm emot 23 samtal om br\u00e4nder i Sigtuna kommun \u2013 en niv\u00e5 som ligger i linje med det historiska snittet f\u00f6r m\u00e5naden.<\/p>\n<p><a href=\"https:\/\/www.marsta.nu\/startsidan\/nya-bygglovsregler-forenklar-ansokan\/\" rel=\"nofollow noopener\" target=\"_blank\"><img loading=\"lazy\" decoding=\"async\" class=\"media-file__image\" src=\"https:\/\/www.europesays.com\/se\/wp-content\/uploads\/2025\/09\/spade.jpg\" width=\"550\" height=\"328\"\/><\/a><\/p>\n<p class=\"article-meta\"> 14 nov kl. 14:06<\/p>\n<p class=\"article-lead\"> <a href=\"https:\/\/www.marsta.nu\/category\/nyheter\/\" class=\"label\" title=\"Visa alla artiklar i Nyheter\" rel=\"nofollow noopener\" target=\"_blank\">Nyheter<\/a> Fr\u00e5n den 1 december 2025 tr\u00e4der nya regler f\u00f6r bygglov i kraft. Syftet \u00e4r att g\u00f6ra det enklare och tydligare f\u00f6r dig som ska bygga eller g\u00f6ra f\u00f6r\u00e4ndringar p\u00e5 din fastighet.<\/p>\n<p><a href=\"https:\/\/www.marsta.nu\/startsidan\/farre-varnpliktiga-fran-kommunen-i-ar-trots-okning-i-landet\/\" rel=\"nofollow noopener\" target=\"_blank\"><img loading=\"lazy\" decoding=\"async\" class=\"media-file__image\" src=\"https:\/\/www.europesays.com\/se\/wp-content\/uploads\/2025\/11\/forsvar_aurora.jpg\" width=\"700\" height=\"467\"\/><\/a><\/p>\n<p class=\"article-meta\"> 14 nov kl. 09:15<\/p>\n<p class=\"article-lead\"> <a href=\"https:\/\/www.marsta.nu\/category\/nyheter\/\" class=\"label\" title=\"Visa alla artiklar i Nyheter\" rel=\"nofollow noopener\" target=\"_blank\">Nyheter<\/a> Allt fler ungdomar i Sverige g\u00f6r v\u00e4rnplikt. Under 2025 p\u00e5b\u00f6rjar 8 250 personer sin grundutbildning, vilket \u00e4r 830 fler \u00e4n \u00e5ret innan. \u00d6kningen f\u00f6ljer riksdagens beslut om att successivt st\u00e4rka f\u00f6rsvaret de kommande \u00e5ren.<\/p>\n<p><a href=\"https:\/\/www.marsta.nu\/nyheter\/morgonkollen-2932\/\" rel=\"nofollow noopener\" target=\"_blank\"><img loading=\"lazy\" decoding=\"async\" class=\"media-file__image\" src=\"https:\/\/www.europesays.com\/se\/wp-content\/uploads\/2025\/11\/3CD90AF3-CE7F-46B5-8334-236EBEE60006.jpeg\" width=\"306\" height=\"320\"\/><\/a><\/p>\n<p class=\"article-meta\"> 14 nov kl. 05:58<\/p>\n<p class=\"article-lead\"> <a href=\"https:\/\/www.marsta.nu\/category\/nyheter\/notiser\/\" class=\"label\" title=\"Visa alla artiklar i Notiser\" rel=\"nofollow noopener\" target=\"_blank\">Notiser<\/a> Morgonkollen 14 november!<\/p>\n<p> <strong>arkitekturpriset 2025<\/strong><a href=\"https:\/\/www.marsta.nu\/startsidan\/klart-badhusbryggan-far-arkitekturpriset\/\" rel=\"nofollow noopener\" target=\"_blank\"><img loading=\"lazy\" decoding=\"async\" class=\"media-file__image\" src=\"https:\/\/www.europesays.com\/se\/wp-content\/uploads\/2025\/11\/badhusbrygga-580x313.png\" width=\"580\" height=\"313\"\/><\/a><\/p>\n<p class=\"article-meta\"> 13 nov kl. 15:38<\/p>\n<p class=\"article-lead\"> <a href=\"https:\/\/www.marsta.nu\/category\/nyheter\/\" class=\"label\" title=\"Visa alla artiklar i Nyheter\" rel=\"nofollow noopener\" target=\"_blank\">Nyheter<\/a> Badhusbryggan i Sigtuna har utsetts till vinnare av \u00e5rets Arkitekturpris.<\/p>\n<p><a href=\"https:\/\/www.marsta.nu\/nyheter\/morgonkollen-2931\/\" rel=\"nofollow noopener\" target=\"_blank\"><img loading=\"lazy\" decoding=\"async\" class=\"media-file__image\" src=\"https:\/\/www.europesays.com\/se\/wp-content\/uploads\/2025\/11\/sov_host.jpeg\" width=\"600\" height=\"800\"\/><\/a><\/p>\n<p class=\"article-meta\"> 13 nov kl. 06:10<\/p>\n<p class=\"article-lead\"> <a href=\"https:\/\/www.marsta.nu\/category\/nyheter\/notiser\/\" class=\"label\" title=\"Visa alla artiklar i Notiser\" rel=\"nofollow noopener\" target=\"_blank\">Notiser<\/a> Morgonkollen 13 november!<\/p>\n<p><a href=\"https:\/\/www.marsta.nu\/startsidan\/sigtuna-klarar-eus-nya-krav-pa-luftkvalitet\/\" rel=\"nofollow noopener\" target=\"_blank\"><img loading=\"lazy\" decoding=\"async\" class=\"media-file__image\" src=\"https:\/\/www.europesays.com\/se\/wp-content\/uploads\/2025\/11\/brista-580x315.png\" width=\"580\" height=\"315\"\/><\/a><\/p>\n<p class=\"article-meta\"> 12 nov kl. 06:51<\/p>\n<p class=\"article-lead\"> <a href=\"https:\/\/www.marsta.nu\/category\/nyheter\/\" class=\"label\" title=\"Visa alla artiklar i Nyheter\" rel=\"nofollow noopener\" target=\"_blank\">Nyheter<\/a> Sigtuna kommun ligger under de nya gr\u00e4nsv\u00e4rdena f\u00f6r luftf\u00f6roreningar enligt EU:s kommande luftkvalitetsdirektiv. En analys fr\u00e5n Hj\u00e4rt-Lungfonden visar att halterna av partiklar och kv\u00e4vedioxid i kommunen h\u00e5ller sig p\u00e5 godk\u00e4nda niv\u00e5er, vilket bidrar till b\u00e4ttre folkh\u00e4lsa.<\/p>\n<p><a href=\"https:\/\/www.marsta.nu\/nyheter\/morgonkollen-2930\/\" rel=\"nofollow noopener\" target=\"_blank\"><img loading=\"lazy\" decoding=\"async\" class=\"media-file__image\" src=\"https:\/\/www.europesays.com\/se\/wp-content\/uploads\/2025\/11\/sov_host2-580x587.jpeg\" width=\"580\" height=\"587\"\/><\/a><\/p>\n<p class=\"article-meta\"> 12 nov kl. 06:01<\/p>\n<p class=\"article-lead\"> <a href=\"https:\/\/www.marsta.nu\/category\/nyheter\/notiser\/\" class=\"label\" title=\"Visa alla artiklar i Notiser\" rel=\"nofollow noopener\" target=\"_blank\">Notiser<\/a> Morgonkollen 12 november!<\/p>\n<p><a href=\"https:\/\/www.marsta.nu\/startsidan\/trafikolycka-i-arlandastad-ett-korfalt-avstangt\/\" rel=\"nofollow noopener\" target=\"_blank\"><img loading=\"lazy\" decoding=\"async\" class=\"media-file__image\" src=\"https:\/\/www.europesays.com\/se\/wp-content\/uploads\/2025\/11\/olycka_genre.jpg\" width=\"700\" height=\"467\"\/><\/a><\/p>\n<p class=\"article-meta\"> 11 nov kl. 20:30<\/p>\n<p class=\"article-lead\"> <a href=\"https:\/\/www.marsta.nu\/category\/nyheter\/blaljus\/\" class=\"label\" title=\"Visa alla artiklar i Bl\u00e5ljus\" rel=\"nofollow noopener\" target=\"_blank\">Bl\u00e5ljus<\/a> En singelolycka intr\u00e4ffade p\u00e5 Pionj\u00e4rv\u00e4gen i Arlandastad under tisdagskv\u00e4llen. En personbil \u00e4r inblandad och r\u00e4ddningstj\u00e4nsten finns p\u00e5 plats.<\/p>\n<p><a href=\"https:\/\/www.marsta.nu\/startsidan\/korning-i-fel-riktning-pa-e4-utanfor-marsta\/\" rel=\"nofollow noopener\" target=\"_blank\"><img loading=\"lazy\" decoding=\"async\" class=\"media-file__image\" src=\"https:\/\/www.europesays.com\/se\/wp-content\/uploads\/2025\/08\/sov_morgon_e4-1-580x376.jpg\" width=\"580\" height=\"376\"\/><\/a><\/p>\n<p class=\"article-meta\"> 11 nov kl. 12:27<\/p>\n<p class=\"article-lead\"> <a href=\"https:\/\/www.marsta.nu\/category\/nyheter\/blaljus\/\" class=\"label\" title=\"Visa alla artiklar i Bl\u00e5ljus\" rel=\"nofollow noopener\" target=\"_blank\">Bl\u00e5ljus<\/a> Polisen larmades vid fyratiden p\u00e5 tisdagsmorgonen om en bil som k\u00f6rde i fel riktning p\u00e5 E4 i h\u00f6jd med Arlanda.<\/p>\n<p><a href=\"https:\/\/www.marsta.nu\/nyheter\/morgonkollen-2929\/\" rel=\"nofollow noopener\" target=\"_blank\"><img loading=\"lazy\" decoding=\"async\" class=\"media-file__image\" src=\"https:\/\/www.europesays.com\/se\/wp-content\/uploads\/2025\/11\/61B224B7-2FC4-4B61-B43F-926431423EB7-e1635954944790.jpeg\" width=\"240\" height=\"320\"\/><\/a><\/p>\n<p class=\"article-meta\"> 11 nov kl. 06:32<\/p>\n<p class=\"article-lead\"> <a href=\"https:\/\/www.marsta.nu\/category\/nyheter\/notiser\/\" class=\"label\" title=\"Visa alla artiklar i Notiser\" rel=\"nofollow noopener\" target=\"_blank\">Notiser<\/a> Morgonkollen 11 november!<\/p>\n<p> <strong>Extra<\/strong><a href=\"https:\/\/www.marsta.nu\/nyheter\/vattenlacka-pa-norrbacka-stora-mangder-vatten-i-omradet\/\" rel=\"nofollow noopener\" target=\"_blank\"><img loading=\"lazy\" decoding=\"async\" class=\"media-file__image\" src=\"https:\/\/www.europesays.com\/se\/wp-content\/uploads\/2025\/11\/IMG_0075.jpeg\" width=\"640\" height=\"554\"\/><\/a><\/p>\n<p class=\"article-meta\"> 11 nov kl. 04:33<\/p>\n<p class=\"article-lead\"> <a href=\"https:\/\/www.marsta.nu\/category\/nyheter\/\" class=\"label\" title=\"Visa alla artiklar i Nyheter\" rel=\"nofollow noopener\" target=\"_blank\">Nyheter<\/a> En omfattande vattenl\u00e4cka har drabbat Norrbacka under natten.<\/p>\n<p> <strong>EXTRA<\/strong><a href=\"https:\/\/www.marsta.nu\/startsidan\/omfattande-tillslag-mot-sexkopare-insatser-aven-i-marsta\/\" rel=\"nofollow noopener\" target=\"_blank\"><img loading=\"lazy\" decoding=\"async\" class=\"media-file__image\" src=\"https:\/\/www.europesays.com\/se\/wp-content\/uploads\/2025\/11\/JamshidJamshidi-1262.jpg\" width=\"700\" height=\"525\"\/><\/a><\/p>\n<p class=\"article-meta\"> 10 nov kl. 16:51<\/p>\n<p class=\"article-lead\"> <a href=\"https:\/\/www.marsta.nu\/category\/nyheter\/blaljus\/\" class=\"label\" title=\"Visa alla artiklar i Bl\u00e5ljus\" rel=\"nofollow noopener\" target=\"_blank\">Bl\u00e5ljus<\/a> Polisens omfattande insats mot sexualbrott renderade i tillslag \u00e4ven i M\u00e4rsta.<\/p>\n<p><a href=\"https:\/\/www.marsta.nu\/nyheter\/morgonkollen-2928\/\" rel=\"nofollow noopener\" target=\"_blank\"><img loading=\"lazy\" decoding=\"async\" class=\"media-file__image\" src=\"https:\/\/www.europesays.com\/se\/wp-content\/uploads\/2025\/11\/3CD90AF3-CE7F-46B5-8334-236EBEE60006.jpeg\" width=\"306\" height=\"320\"\/><\/a><\/p>\n<p class=\"article-meta\"> 10 nov kl. 06:19<\/p>\n<p class=\"article-lead\"> <a href=\"https:\/\/www.marsta.nu\/category\/nyheter\/notiser\/\" class=\"label\" title=\"Visa alla artiklar i Notiser\" rel=\"nofollow noopener\" target=\"_blank\">Notiser<\/a> Morgonkollen 10 november!<\/p>\n<p> <strong>EXTRA<\/strong><a href=\"https:\/\/www.marsta.nu\/startsidan\/misstankt-farligt-foremal-pa-atervinningsanlaggning\/\" rel=\"nofollow noopener\" target=\"_blank\"><img loading=\"lazy\" decoding=\"async\" class=\"media-file__image\" src=\"https:\/\/www.europesays.com\/se\/wp-content\/uploads\/2025\/08\/1755065661_456_polis_genre-1.jpg\" width=\"700\" height=\"336\"\/><\/a><\/p>\n<p class=\"article-meta\"> 9 nov kl. 15:36<\/p>\n<p class=\"article-lead\"> <a href=\"https:\/\/www.marsta.nu\/category\/nyheter\/blaljus\/\" class=\"label\" title=\"Visa alla artiklar i Bl\u00e5ljus\" rel=\"nofollow noopener\" target=\"_blank\">Bl\u00e5ljus<\/a> Tidigt p\u00e5 morgonen larmades polisen efter att personal p\u00e5 en \u00e5tervinningsanl\u00e4ggning i M\u00e4rsta uppt\u00e4ckt ett misst\u00e4nkt farligt f\u00f6rem\u00e5l.<\/p>\n<p><a href=\"https:\/\/www.marsta.nu\/startsidan\/fortsatt-klar-majoritet-kvinnor-som-vabbar\/\" rel=\"nofollow noopener\" target=\"_blank\"><img loading=\"lazy\" decoding=\"async\" class=\"media-file__image\" src=\"https:\/\/www.europesays.com\/se\/wp-content\/uploads\/2025\/11\/kraksjuka-1.jpg\" width=\"700\" height=\"596\"\/><\/a><\/p>\n<p class=\"article-meta\"> 9 nov kl. 12:43<\/p>\n<p class=\"article-lead\"> <a href=\"https:\/\/www.marsta.nu\/category\/nyheter\/\" class=\"label\" title=\"Visa alla artiklar i Nyheter\" rel=\"nofollow noopener\" target=\"_blank\">Nyheter<\/a> F\u00f6r\u00e4ldrar i Sigtuna forts\u00e4tter att dela vabben oj\u00e4mst\u00e4llt. Under de senaste tolv m\u00e5naderna stod m\u00e4nnen f\u00f6r 38 procent av alla vabbdagar i kommunen \u2013 den l\u00e4gsta andelen p\u00e5 \u00f6ver tio \u00e5r, enligt F\u00f6rs\u00e4kringskassan.<\/p>\n<p> <strong>EXTRA<\/strong><a href=\"https:\/\/www.marsta.nu\/startsidan\/misstankta-for-lordagens-valdsdad-har-anhallits\/\" rel=\"nofollow noopener\" target=\"_blank\"><img loading=\"lazy\" decoding=\"async\" class=\"media-file__image\" src=\"https:\/\/www.europesays.com\/se\/wp-content\/uploads\/2025\/11\/aklagarmyndigheten-580x392.png\" width=\"580\" height=\"392\"\/><\/a><\/p>\n<p class=\"article-meta\"> 9 nov kl. 07:02<\/p>\n<p class=\"article-lead\"> <a href=\"https:\/\/www.marsta.nu\/category\/nyheter\/blaljus\/\" class=\"label\" title=\"Visa alla artiklar i Bl\u00e5ljus\" rel=\"nofollow noopener\" target=\"_blank\">Bl\u00e5ljus<\/a> Tv\u00e5 m\u00e4n anh\u00f6lls under l\u00f6rdagen misst\u00e4nkta f\u00f6r separata v\u00e5ldsd\u00e5d i M\u00e4rsta.<\/p>\n<p><a href=\"https:\/\/www.marsta.nu\/nyheter\/morgonkollen-2927\/\" rel=\"nofollow noopener\" target=\"_blank\"><img loading=\"lazy\" decoding=\"async\" class=\"media-file__image\" src=\"https:\/\/www.europesays.com\/se\/wp-content\/uploads\/2025\/11\/61B224B7-2FC4-4B61-B43F-926431423EB7-e1635954944790.jpeg\" width=\"240\" height=\"320\"\/><\/a><\/p>\n<p class=\"article-meta\"> 9 nov kl. 06:42<\/p>\n<p class=\"article-lead\"> <a href=\"https:\/\/www.marsta.nu\/category\/nyheter\/notiser\/\" class=\"label\" title=\"Visa alla artiklar i Notiser\" rel=\"nofollow noopener\" target=\"_blank\">Notiser<\/a> Morgonkollen &#8211; 9 november!<\/p>\n","protected":false},"excerpt":{"rendered":"Extra 16 nov kl. 06:45 Bl\u00e5ljus Strax f\u00f6re midnatt larmades polis till S\u00e4tunaomr\u00e5det med anledning av skottlossning mot&hellip;\n","protected":false},"author":2,"featured_media":82488,"comment_status":"","ping_status":"","sticky":false,"template":"","format":"standard","meta":{"footnotes":""},"categories":[5],"tags":[22,23,26,27,17,21,24,25,28,29,15,16,18,34,31,33,32,30,19,20],"class_list":{"0":"post-82487","1":"post","2":"type-post","3":"status-publish","4":"format-standard","5":"has-post-thumbnail","7":"category-rubriker","8":"tag-breaking-news","9":"tag-breakingnews","10":"tag-featured-news","11":"tag-featurednews","12":"tag-headlines","13":"tag-huvudnyheter","14":"tag-latest-news","15":"tag-latestnews","16":"tag-main-news","17":"tag-mainnews","18":"tag-news","19":"tag-nyheter","20":"tag-rubriker","21":"tag-se","22":"tag-svenska","23":"tag-sverige","24":"tag-sweden","25":"tag-swedish","26":"tag-top-stories","27":"tag-topstories"},"share_on_mastodon":{"url":"https:\/\/pubeurope.com\/@se\/115562301902878656","error":""},"_links":{"self":[{"href":"https:\/\/www.europesays.com\/se\/wp-json\/wp\/v2\/posts\/82487","targetHints":{"allow":["GET"]}}],"collection":[{"href":"https:\/\/www.europesays.com\/se\/wp-json\/wp\/v2\/posts"}],"about":[{"href":"https:\/\/www.europesays.com\/se\/wp-json\/wp\/v2\/types\/post"}],"author":[{"embeddable":true,"href":"https:\/\/www.europesays.com\/se\/wp-json\/wp\/v2\/users\/2"}],"replies":[{"embeddable":true,"href":"https:\/\/www.europesays.com\/se\/wp-json\/wp\/v2\/comments?post=82487"}],"version-history":[{"count":0,"href":"https:\/\/www.europesays.com\/se\/wp-json\/wp\/v2\/posts\/82487\/revisions"}],"wp:featuredmedia":[{"embeddable":true,"href":"https:\/\/www.europesays.com\/se\/wp-json\/wp\/v2\/media\/82488"}],"wp:attachment":[{"href":"https:\/\/www.europesays.com\/se\/wp-json\/wp\/v2\/media?parent=82487"}],"wp:term":[{"taxonomy":"category","embeddable":true,"href":"https:\/\/www.europesays.com\/se\/wp-json\/wp\/v2\/categories?post=82487"},{"taxonomy":"post_tag","embeddable":true,"href":"https:\/\/www.europesays.com\/se\/wp-json\/wp\/v2\/tags?post=82487"}],"curies":[{"name":"wp","href":"https:\/\/api.w.org\/{rel}","templated":true}]}}