{"id":82512,"date":"2025-11-17T03:32:15","date_gmt":"2025-11-17T03:32:15","guid":{"rendered":"https:\/\/www.europesays.com\/se\/82512\/"},"modified":"2025-11-17T03:32:15","modified_gmt":"2025-11-17T03:32:15","slug":"moras-hellgren-smed-sparkade-ner-motstandare-angerfull","status":"publish","type":"post","link":"https:\/\/www.europesays.com\/se\/82512\/","title":{"rendered":"Moras Hellgren-Smed sparkade ner motst\u00e5ndare: \u201d\u00c5ngerfull\u201d"},"content":{"rendered":"<p>Publicerad 16 nov 2025 kl 22.12Uppdaterad kl 22.18<\/p>\n<p>Efter slutsignal rann b\u00e4garen \u00f6ver f\u00f6r Moras Marcus Hellgren Smed.\u00a0<\/p>\n<p>D\u00e5 sparkade han ner Modos Hugo Hallin, 18.\u00a0<\/p>\n<p>\u2013 Han skriker saker till mig, s\u00e4ger 31-\u00e5ringen.\u00a0<\/p>\n<p>Crosby fick Foppas klubba: \u201dBeundrar honom\u201d<img loading=\"lazy\"   alt=\"\"\/><\/p>\n<p>Moras Hellgren-Smed sparkade ner Hugo Hallin.<\/p>\n<p>Foto: Modo Hockey.<\/p>\n<p>\u00d6ppna bild i helsk\u00e4rm<img loading=\"lazy\"   alt=\"\"\/>\u00d6ppna bild i helsk\u00e4rm<img loading=\"lazy\"   alt=\"\"\/><\/p>\n<p>Moras Hellgren-Smed var \u00e5ngerfull.<\/p>\n<p>Foto: JONAS FORSBERG \/ BILDBYR\u00c5N<\/p>\n<p>\u00d6ppna bild i helsk\u00e4rm<\/p>\n<p>Mora kollapsade och tappade ledning till f\u00f6rlust med 3\u20134 p\u00e5 \u00f6vertid mot <a href=\"https:\/\/www.expressen.se\/tagg\/organization\/modo\/\" class=\"\" rel=\"nofollow noopener\" target=\"_blank\">Modo<\/a>.\u00a0<\/p>\n<p>Efter slutsignal var Moras m\u00e5lvakt Marcus Hellgren Smed minst sagt frustrerad. N\u00e4r \u00d6-vikslaget \u00e5kte f\u00f6r att fira sparkade 31-\u00e5ringen ner Hugo Hallin \u2013 och fick matchstraff.\u00a0<\/p>\n<p>Artikeln i korthet<\/p>\n<p> Moras m\u00e5lvakt Marcus Hellgren Smed sparkade ner Modos Hugo Hallin efter slutsignalen.<\/p>\n<p> Hellgren Smed uttrycker \u00e5nger och f\u00f6rklarar att han blev provocerad av Hallin, men Modospelaren f\u00f6rnekar att han sagt n\u00e5got provocerande.<\/p>\n<p> Moras m\u00e5lvakt har blivit anm\u00e4ld och riskerar avst\u00e4ngning.\u00a0<\/p>\n<p>Visa mer<\/p>\n<p>\u2013 Jag \u00e4r s\u00e5 klart v\u00e4ldigt \u00e5ngerfull. S\u00e5 d\u00e4r ska man inte g\u00f6ra. Det blir helt enkelt s\u00e5 att det rinner \u00f6ver. Han provocerar mig och jag tar ut benet. Jag vill inte skada honom utan bara markera, s\u00e4ger Hellgren Smed.\u00a0<\/p>\n<p>\u201dHan skriker saker\u201d<\/p>\n<p>Han ber\u00e4ttar att det var en reaktion som provocerades fram.\u00a0<\/p>\n<p>\u2013 Det \u00e4r inte s\u00e5 att jag vill g\u00f6ra det hursomhelst. Dels \u00e4r jag grymt besviken \u00f6ver att vi f\u00f6rlorar och sedan skriker han saker till mig som g\u00f6r att jag g\u00f6r n\u00e5got v\u00e4ldigt dumt som man inte ska g\u00f6ra.<\/p>\n<p><strong>Vad sade han?<\/strong><\/p>\n<p>\u2013 Det vill jag inte g\u00e5 in p\u00e5. Det \u00e4r inte det viktiga utan det \u00e4r mer att jag inte ska hamna i den situationen. Oavsett vad n\u00e5gon skriker s\u00e5 ska jag inte nappa p\u00e5 det och det brukar jag inte g\u00f6ra. Det blev lite mycket k\u00e4nslor efter slutsignalen.\u00a0<\/p>\n<p>F\u00f6rnekar ord<\/p>\n<p>Efter matchen s\u00f6kte Hellgren Smed upp Hallin och bad om urs\u00e4kt. De b\u00e5da skildes p\u00e5 god fot.<\/p>\n<p>Modospelaren menar dock att han inte sade n\u00e5got till Hellgren Smed.\u00a0<\/p>\n<p>\u2013 Jag s\u00e4tter upp handen f\u00f6r att visa att jag inte vill \u00e5ka in i honom. Jag vet inte om han tolkar det som att jag ska g\u00f6ra n\u00e5gonting och d\u00e5 sparkar han mig. Jag gjorde ingenting medvetet. Han kanske trodde det n\u00e4r jag jublade, men jag gjorde inget med flit f\u00f6r att h\u00e5na honom, s\u00e4ger 18-\u00e5ringen.\u00a0<\/p>\n<p><strong>S\u00e5 du sade inget?\u00a0<\/strong><\/p>\n<p>\u2013 Nej, det gjorde jag inte.\u00a0<\/p>\n<p>\u00c4r anm\u00e4ld \u2013 kan st\u00e4ngas av<\/p>\n<p>Moram\u00e5lvakten bekr\u00e4ftar sj\u00e4lv f\u00f6r Expressen att han blivit anm\u00e4ld efter situationen. Nu riskerar han avst\u00e4ngning.\u00a0<\/p>\n<p>\u2013 Ja, vi f\u00e5r se vad de kommer fram till. Det \u00e4r inte s\u00e5 mycket att s\u00e4ga om. Det \u00e4r mitt ansvar att h\u00e5lla mig kall \u00e4ven om jag blir provocerad.\u00a0<\/p>\n","protected":false},"excerpt":{"rendered":"Publicerad 16 nov 2025 kl 22.12Uppdaterad kl 22.18 Efter slutsignal rann b\u00e4garen \u00f6ver f\u00f6r Moras Marcus Hellgren Smed.\u00a0&hellip;\n","protected":false},"author":2,"featured_media":82513,"comment_status":"","ping_status":"","sticky":false,"template":"","format":"standard","meta":{"footnotes":""},"categories":[5],"tags":[22,23,26,27,17,21,24,25,28,29,15,16,936,1895,18,34,130,255,31,33,32,30,19,20],"class_list":{"0":"post-82512","1":"post","2":"type-post","3":"status-publish","4":"format-standard","5":"has-post-thumbnail","7":"category-rubriker","8":"tag-breaking-news","9":"tag-breakingnews","10":"tag-featured-news","11":"tag-featurednews","12":"tag-headlines","13":"tag-huvudnyheter","14":"tag-latest-news","15":"tag-latestnews","16":"tag-main-news","17":"tag-mainnews","18":"tag-news","19":"tag-nyheter","20":"tag-organization-modo","21":"tag-organization-mora-ik","22":"tag-rubriker","23":"tag-se","24":"tag-sections-allsvenskan","25":"tag-sections-ishockey","26":"tag-svenska","27":"tag-sverige","28":"tag-sweden","29":"tag-swedish","30":"tag-top-stories","31":"tag-topstories"},"share_on_mastodon":{"url":"https:\/\/pubeurope.com\/@se\/115562934677733343","error":""},"_links":{"self":[{"href":"https:\/\/www.europesays.com\/se\/wp-json\/wp\/v2\/posts\/82512","targetHints":{"allow":["GET"]}}],"collection":[{"href":"https:\/\/www.europesays.com\/se\/wp-json\/wp\/v2\/posts"}],"about":[{"href":"https:\/\/www.europesays.com\/se\/wp-json\/wp\/v2\/types\/post"}],"author":[{"embeddable":true,"href":"https:\/\/www.europesays.com\/se\/wp-json\/wp\/v2\/users\/2"}],"replies":[{"embeddable":true,"href":"https:\/\/www.europesays.com\/se\/wp-json\/wp\/v2\/comments?post=82512"}],"version-history":[{"count":0,"href":"https:\/\/www.europesays.com\/se\/wp-json\/wp\/v2\/posts\/82512\/revisions"}],"wp:featuredmedia":[{"embeddable":true,"href":"https:\/\/www.europesays.com\/se\/wp-json\/wp\/v2\/media\/82513"}],"wp:attachment":[{"href":"https:\/\/www.europesays.com\/se\/wp-json\/wp\/v2\/media?parent=82512"}],"wp:term":[{"taxonomy":"category","embeddable":true,"href":"https:\/\/www.europesays.com\/se\/wp-json\/wp\/v2\/categories?post=82512"},{"taxonomy":"post_tag","embeddable":true,"href":"https:\/\/www.europesays.com\/se\/wp-json\/wp\/v2\/tags?post=82512"}],"curies":[{"name":"wp","href":"https:\/\/api.w.org\/{rel}","templated":true}]}}