{"id":82518,"date":"2025-11-17T04:00:07","date_gmt":"2025-11-17T04:00:07","guid":{"rendered":"https:\/\/www.europesays.com\/se\/82518\/"},"modified":"2025-11-17T04:00:07","modified_gmt":"2025-11-17T04:00:07","slug":"apple-bloomberg-avslojar-vad-som-verkligen-hander-med-iphone-air-2-och-detaljer-om-iphone-18-lanseringen","status":"publish","type":"post","link":"https:\/\/www.europesays.com\/se\/82518\/","title":{"rendered":"Apple: Bloomberg avsl\u00f6jar vad som verkligen h\u00e4nder med iPhone Air 2 och detaljer om iPhone 18-lanseringen"},"content":{"rendered":"<p class=\"bodytext\">IPhone Air br\u00f6t inte den negativa trenden f\u00f6r <a href=\"http:\/\/www.notebookcheck.net\/Apple-iPhone-13-mini-in-review-Powerful-and-ultracompact.575013.0.html\" target=\"_self\" class=\"internal-link\" rel=\"nofollow noopener\">iPhone Mini<\/a> och <a href=\"http:\/\/www.notebookcheck.net\/Apple-iPhone-16-Plus-smartphone-review-The-big-one-with-a-new-design-and-lots-of-buttons.895629.0.html\" target=\"_self\" class=\"internal-link\" rel=\"nofollow noopener\">iPhone Plus<\/a> modellerna och har inte varit n\u00e5gon st\u00f6rre kommersiell framg\u00e5ng, enligt m\u00e5nga rapporter fr\u00e5n de senaste veckorna. Bloombergs analytiker Mark Gurman ( Apple ) ser dock den tunnaste iPhone n\u00e5gonsin fr\u00e4mst som ett test f\u00f6r iPhone Fold, som f\u00f6rv\u00e4ntas lanseras 2026 tillsammans med iPhone 18 Pro och iPhone 18 Pro Max och som kommer att f\u00f6rlita sig p\u00e5 m\u00e5nga av dessa tekniker och komponenter. <a href=\"https:\/\/www.bloomberg.com\/news\/newsletters\/2025-11-16\/apple-s-iphone-road-map-iphone-air-2-iphone-18-mac-pro-future-tesla-carplay-mi1q4l2o\" target=\"_blank\" class=\"external-link-new-window\" rel=\"nofollow noopener\">Gurman anser att<\/a> iPhone Air \u00e4r mycket viktig f\u00f6r Apple&#8217;s leveranskedja, och att l\u00e5ga f\u00f6rs\u00e4ljningssiffror bara \u00e4r en sekund\u00e4r fr\u00e5ga. Detta f\u00f6rklarar ocks\u00e5 varf\u00f6r handenheten inte prissattes s\u00e4rskilt aggressivt j\u00e4mf\u00f6rt med iPhone 17 Pro.&#13;<\/p>\n<p class=\"bodytext\">Mervoer, Gurman avf\u00e4rdar rykten om att en eftertr\u00e4dare kan f\u00e5 en dubbel kamera. Enligt hans information kommer den st\u00f6rsta uppgraderingen av iPhone Air 2 att vara den mer effektiva <a href=\"http:\/\/www.notebookcheck.net\/Apple-A20-to-miss-out-on-TSMC-s-cutting-edge-2-nm-node-in-2026.980793.0.html\" target=\"_self\" class=\"internal-link\" rel=\"nofollow noopener\">Apple A20<\/a> chipset som \u00e4r byggt p\u00e5 2nm-processen och b\u00f6r resultera i l\u00e4ngre batteritid. Analytikern f\u00f6rv\u00e4ntar sig inte en dubbelkamera p\u00e5 Air f\u00f6rr\u00e4n den kan antas fr\u00e5n iPhone Fold. \u00c5terigen upprepar Gurman att vi kommer att se iPhone 18 lanseras i tv\u00e5 v\u00e5gor. Den f\u00f6rsta inneh\u00e5ller iPhone 18 Pro, iPhone 18 Pro Max och <a href=\"http:\/\/www.notebookcheck.net\/iPhone-18-Pro-and-iPhone-Fold-rumored-to-get-performance-boost-from-2nm-Apple-A20-SoC-with-integrated-RAM.1029811.0.html\" target=\"_self\" class=\"internal-link\" rel=\"nofollow noopener\">iPhone 18 Vik<\/a>, som alla f\u00f6rv\u00e4ntas komma som vanligt i september 2026. Den andra v\u00e5gen inneh\u00e5ller iPhone 18, iPhone 18e och iPhone Air 2, som kommer att f\u00f6lja senare under v\u00e5ren 2027.<\/p>\n<p class=\"bodytext\">Det faktum att Apple inte namngav <a href=\"http:\/\/www.notebookcheck.net\/Apple-iPhone-Air-review-The-thinnest-smartphone-packs-a-ton-of-power.1152091.0.html\" target=\"_self\" class=\"internal-link\" rel=\"nofollow noopener\">iPhone Air<\/a> iPhone 17 Air ger f\u00f6retaget mer frihet att sl\u00e4ppa en eftertr\u00e4dare enligt ett annat schema, och den andra generationen kan sannolikt komma ut p\u00e5 marknaden ett och ett halvt \u00e5r efter originalet. Gurman betonar att detta inte orsakades av nedsl\u00e5ende f\u00f6rs\u00e4ljningssiffror utan var planerat redan fr\u00e5n b\u00f6rjan. Denna f\u00f6rskjutna iPhone-lansering f\u00f6rv\u00e4ntas forts\u00e4tta under flera \u00e5r, inklusive jubileums\u00e5ret 2027, d\u00e5 den omdesignade iPhone (eventuellt kallad iPhone 20) med b\u00f6jt glas och en kamera under sk\u00e4rmen f\u00f6rv\u00e4ntas debutera.<\/p>\n","protected":false},"excerpt":{"rendered":"IPhone Air br\u00f6t inte den negativa trenden f\u00f6r iPhone Mini och iPhone Plus modellerna och har inte varit&hellip;\n","protected":false},"author":2,"featured_media":82519,"comment_status":"","ping_status":"","sticky":false,"template":"","format":"standard","meta":{"footnotes":""},"categories":[66],"tags":[8029,391,7083,7018,8028,8023,8026,8024,8025,8035,8036,8027,8038,8037,7362,8031,7084,8030,7085,8032,80,78,79,34,8033,31,33,32,30,81,84,8034,83,82],"class_list":{"0":"post-82518","1":"post","2":"type-post","3":"status-publish","4":"format-standard","5":"has-post-thumbnail","7":"category-vetenskap-och-teknik","8":"tag-analyse","9":"tag-apple","10":"tag-barbar-dator","11":"tag-bloomberg","12":"tag-gerucht","13":"tag-iphone-18","14":"tag-iphone-18-air","15":"tag-iphone-18-pro","16":"tag-iphone-18-pro-max","17":"tag-iphone-19","18":"tag-iphone-20","19":"tag-iphone-air-2","20":"tag-iphone-fold","21":"tag-jubilaums-iphone","22":"tag-lacka","23":"tag-lanseringsplan","24":"tag-laptop","25":"tag-mark-gurman","26":"tag-notebook","27":"tag-release-plan","28":"tag-science","29":"tag-science-and-technology","30":"tag-scienceandtechnology","31":"tag-se","32":"tag-specifikationer","33":"tag-svenska","34":"tag-sverige","35":"tag-sweden","36":"tag-swedish","37":"tag-technology","38":"tag-teknik","39":"tag-tekniska-data","40":"tag-vetenskap","41":"tag-vetenskapteknik"},"share_on_mastodon":{"url":"","error":"Validation failed: Text character limit of 500 exceeded"},"_links":{"self":[{"href":"https:\/\/www.europesays.com\/se\/wp-json\/wp\/v2\/posts\/82518","targetHints":{"allow":["GET"]}}],"collection":[{"href":"https:\/\/www.europesays.com\/se\/wp-json\/wp\/v2\/posts"}],"about":[{"href":"https:\/\/www.europesays.com\/se\/wp-json\/wp\/v2\/types\/post"}],"author":[{"embeddable":true,"href":"https:\/\/www.europesays.com\/se\/wp-json\/wp\/v2\/users\/2"}],"replies":[{"embeddable":true,"href":"https:\/\/www.europesays.com\/se\/wp-json\/wp\/v2\/comments?post=82518"}],"version-history":[{"count":0,"href":"https:\/\/www.europesays.com\/se\/wp-json\/wp\/v2\/posts\/82518\/revisions"}],"wp:featuredmedia":[{"embeddable":true,"href":"https:\/\/www.europesays.com\/se\/wp-json\/wp\/v2\/media\/82519"}],"wp:attachment":[{"href":"https:\/\/www.europesays.com\/se\/wp-json\/wp\/v2\/media?parent=82518"}],"wp:term":[{"taxonomy":"category","embeddable":true,"href":"https:\/\/www.europesays.com\/se\/wp-json\/wp\/v2\/categories?post=82518"},{"taxonomy":"post_tag","embeddable":true,"href":"https:\/\/www.europesays.com\/se\/wp-json\/wp\/v2\/tags?post=82518"}],"curies":[{"name":"wp","href":"https:\/\/api.w.org\/{rel}","templated":true}]}}