{"id":82551,"date":"2025-11-17T05:50:11","date_gmt":"2025-11-17T05:50:11","guid":{"rendered":"https:\/\/www.europesays.com\/se\/82551\/"},"modified":"2025-11-17T05:50:11","modified_gmt":"2025-11-17T05:50:11","slug":"colombias-presidentfru-veronica-alcocer-lever-lyxliv-i-stockholm","status":"publish","type":"post","link":"https:\/\/www.europesays.com\/se\/82551\/","title":{"rendered":"Colombias presidentfru Veronica Alcocer lever lyxliv i Stockholm"},"content":{"rendered":"<p>ARTIKELN I KORTHET <\/p>\n<p>\u2022 Colombias president Gustavo Petro och hans hustru Ver\u00f3nica Alcocer hamnade i oktober p\u00e5 USA:s sanktionslista efter ett h\u00e5rt ordkrig mellan Petro och Donald Trump. USA anklagar Petro f\u00f6r att ha l\u00e5tit kokainproduktionen i Colombia \u00f6ka kraftigt och f\u00f6r att inte stoppa drogkartellerna.<\/p>\n<p>\u2022 Expressen kan nu avsl\u00f6ja att Ver\u00f3nica Alcocer l\u00e4mnat Colombia och bor i Stockholm d\u00e4r hon lever lyxliv och umg\u00e5s med k\u00e4ndisar och aff\u00e4rsm\u00e4n.<\/p>\n<p>\u2022 Samtidigt, natten mot l\u00f6rdagen, befann sig Sveriges bist\u00e5nds- och utrikeshandelsminister Benjamin Dousa (M) i Colombia med president Gustavo Petro. De b\u00e5da bevittnade n\u00e4r kontraktet skrevs under om att Saab s\u00e4ljer 17 Jas-flygplan till Colombia.\u00a0<\/p>\n<p>Visa mer<\/p>\n<p>Konflikten mellan Donald Trump och <a href=\"https:\/\/www.expressen.se\/tagg\/location\/colombia\/\" class=\"\" rel=\"nofollow noopener\" target=\"_blank\">Colombias<\/a> president Gustavo Petro blev akut f\u00f6r n\u00e5gra veckor sedan.<\/p>\n<p>USA h\u00e4vdar att sedan Petro kom till makten har kokainproduktionen i Colombia exploderat och n\u00e5tt rekordniv\u00e5er, vilket drabbat USA.<\/p>\n<p>\u201dDet \u00f6versv\u00e4mmar USA och f\u00f6rgiftar amerikaner. President Petro har l\u00e5tit drogkarteller blomstra och v\u00e4grat att stoppa denna verksamhet\u201d, s\u00e4ger den amerikanske finansministern Scott Bessent i ett uttalande.<\/p>\n<p><img loading=\"lazy\"   alt=\"\"\/><\/p>\n<p>President Donald Trump och finansminister Scott Bessent.Trump har kallat Colombias president Gustavo Petro f\u00f6r \u201dknarkledare\u201d och finansminister Bessent  s\u00e4ger att Petro har l\u00e5tit drogkarteller blomstra. Nu har Petro och hans hustru Ver\u00f3nica Alcocer hamnat p\u00e5 USA:s sanktionslista.<\/p>\n<p>Foto: Alex Brandon\/AP\/TT<\/p>\n<p>\u00d6ppna bild i helsk\u00e4rm<\/p>\n<p>Donald Trump har i sin kamp mot drogsmugglingen riktat in sig p\u00e5 sj\u00f6transporter fr\u00e5n Colombia och Venezuela. Amerikanska trupper har attackerat flera fartyg i regionen, vilket lett till m\u00e5nga d\u00f6dsfall.<\/p>\n<p>Den amerikanska regeringen har beg\u00e5tt mord och kr\u00e4nkt v\u00e5r suver\u00e4nitet i v\u00e5ra territorialvatten\u201d, skriver Petro i ett inl\u00e4gg p\u00e5 X.<\/p>\n<p>En colombiansk fiskare utan n\u00e5gra kopplingar till narkotikasmuggling d\u00f6dades enligt colombianska myndigheter i en av USA:s attacker.<\/p>\n<p>Trump: \u201dEn knarkledare\u201d<\/p>\n<p>Trump svarar i ett inl\u00e4gg p\u00e5 Truth Social att Petro \u00e4r en \u201dknarkledare\u201d som \u00e4r \u201dv\u00e4ldigt impopul\u00e4r\u201d. Trump kr\u00e4ver att Colombias president ska \u201dsluta upp\u201d med att till\u00e5ta drogverksamhet i landet \u2013 annars kommer \u201dUSA att avsluta verksamheten \u00e5t honom, och det kommer inte att ske p\u00e5 ett trevligt s\u00e4tt\u201d.<\/p>\n<p>Samtidigt st\u00e4rker nu Colombia sitt f\u00f6rsvar och i g\u00e5r, p\u00e5 l\u00f6rdagen, blev det klart att landet k\u00f6per 17 Jas Gripen E\/F av Saab. Aff\u00e4ren \u00e4r v\u00e4rd cirka 34 miljarder kronor.<\/p>\n<p>Natten mot l\u00f6rdagen var Sveriges bist\u00e5nds- och utrikeshandelsminister Benjamin Dousa (M) p\u00e5 den colombianska flygbasen i Cali, sydv\u00e4st om huvudstaden Bogot\u00e1 med Colombias president, Gustavo Petro. De b\u00e5da bevittnade n\u00e4r kontraktet skrevs under om att Saab s\u00e4ljer 17 Jas-flygplan till Colombia.<\/p>\n<p><img loading=\"lazy\"   alt=\"\"\/><\/p>\n<p>Benjamin Dousa p\u00e5 plats vid signeringsceremonin i Cali.<\/p>\n<p>Foto: Santiago Saldarriaga \/ TT NYHETSBYR\u00c5N<\/p>\n<p>\u00d6ppna bild i helsk\u00e4rm<\/p>\n<p>Den 24 oktober sattes Gustav Petro, hans hustru Ver\u00f3nica Alcocer och sonen Nicolas Petro upp p\u00e5 det amerikanska finansdepartementets sanktionslista SDN, Specially Designated Nationals. Personerna p\u00e5 listan f\u00e5r sina tillg\u00e5ngar frysta och det \u00e4r f\u00f6rbjudet att g\u00f6ra aff\u00e4rer med dem.<\/p>\n<p>Det colombianska presidentparet riskerar ocks\u00e5 att f\u00e5 sina tillg\u00e5ngar i hemlandet frysta d\u00e5 bankerna d\u00e4r annars riskerar att sj\u00e4lva hamna p\u00e5 sanktionslistan.<\/p>\n<p><img loading=\"lazy\"   alt=\"\"\/><\/p>\n<p>Colombias president Gustavo Petro och hans hustru Ver\u00f3nica Alcocer.<\/p>\n<p>Foto: Fernando Vergara\/AP\/TT<\/p>\n<p>\u00d6ppna bild i helsk\u00e4rm<\/p>\n<p>Expressen kan nu avsl\u00f6ja att den colombianska presidenthustrun Ver\u00f3nica Alcocer har l\u00e4mnat Colombia och tagit sin tillflykt till Sverige och till Stockholm, d\u00e4r hon varit flera g\u00e5nger tidigare.\u00a0<\/p>\n<p>Denna g\u00e5ng landade Alcocer h\u00e4r i oktober, ungef\u00e4r samtidigt som hon och maken hamnade p\u00e5 USA:s sanktionslista.<\/p>\n<p>Annons<\/p>\n<p>Enligt k\u00e4llor till Expressen ska hon f\u00f6rst ha bott n\u00e5gra dygn p\u00e5 Strand Hotel vid Nybrokajen i Stockholm. D\u00e4rifr\u00e5n flyttade hon in i en l\u00e4genhet i centrala Stockholm.<\/p>\n<p>Har levt i lyx \u2013 trots \u00e5tstramningarna<\/p>\n<p>Ver\u00f3nica Alcocer \u00e4r i Colombia k\u00e4nd f\u00f6r sitt lyxliv. Enligt en granskning som den colombianska nyhetssajten La Silla Vac\u00eda gjort har presidenthustrun spenderat oerh\u00f6rda summor samtidigt som hennes make uppmanat till ekonomisk \u00e5tstramning i landet.<\/p>\n<p>Presidenthustrun har bland annat p\u00e5 resor haft med sig en personlig makeupartist, en stylist och en fotograf. Hon har ocks\u00e5 anlitat sin b\u00e4sta v\u00e4n som r\u00e5dgivare och avl\u00f6nar henne med motsvarande en ministerl\u00f6n, enligt La Silla Vac\u00eda. Enligt colombianska medier ska ett av hennes favoritm\u00e4rken vara Cartier och hon \u00e4r k\u00e4nd f\u00f6r sina stora ink\u00f6p av dyra m\u00e4rkeskl\u00e4der.\u00a0<\/p>\n<p>Ver\u00f3nica Alcocer och hennes make lever \u00e5tskilda enligt medierna i Colombia, men de \u00e4r fortfarande gifta och hon \u00e4r nationens f\u00f6rsta dam.<\/p>\n<p>I Sverige lever Alcocer ocks\u00e5 ett exklusivt liv, enligt uppgifter till Expressen. Hon \u00e4ter p\u00e5 restauranger runt Stureplan, g\u00e5r p\u00e5 privata fester och har setts dansa p\u00e5 bland annat Noppes, en medlemsklubb som grundades av kungav\u00e4nnen greve Carl Adam \u201dNoppe\u201d Lewenhaupt. Klubben togs, n\u00e4r Lewenhaupt gick bort 2017, \u00f6ver av styvsonen Leonard Taube.<\/p>\n<p><img loading=\"lazy\"   alt=\"\"\/><\/p>\n<p>H\u00e4r p\u00e5 den privata medlemsklubben Noppes i centrala Stockholm festar presidenthustrun Ver\u00f3nica Alcocer med sina svenska v\u00e4nner.<\/p>\n<p>Foto: MICHAELA HASANOVIC<\/p>\n<p>\u00d6ppna bild i helsk\u00e4rm<\/p>\n<p>Bland de personer som ing\u00e5r i Ver\u00f3nica Alcocers svenska umg\u00e4nge m\u00e4rks, enligt uppgifter till Expressen, Kristofer Ruscon, grundare och \u00e4gare till det svenska champagnem\u00e4rket Hatt et S\u00f6ner, dennes sambo Sofia Strand som \u00e4r grundare till sminkf\u00f6retaget Pixi, klockkungen och m\u00e5ngmiljon\u00e4ren Olof Larsson, \u00e4gare till Nymans Ur med butik p\u00e5 Biblioteksgatan i Stockholm samt dennes hustru Danielle Larsson.\u00a0<\/p>\n<p>\u2013 Hon \u00e4r kund till oss och har ocks\u00e5 varit i Frankrike n\u00e5gra g\u00e5nger, s\u00e4ger Kristofer Ruscon.<\/p>\n<p><strong>Men ni umg\u00e5s ocks\u00e5 privat.<\/strong><\/p>\n<p>\u2013 Jag f\u00f6rst\u00e5r inte varf\u00f6r det skulle vara relevant.<\/p>\n<p><img loading=\"lazy\"   alt=\"\"\/><\/p>\n<p>Kristofer Ruscon, \u00e4gare till champagnem\u00e4rket Hatt et S\u00f6ner. Till h\u00f6ger om Ruscon st\u00e5r hans sambo Sofia Strand och bredvid henne presidenthustrun Ver\u00f3nica Alcocer.<\/p>\n<p>Foto: Privat<\/p>\n<p>\u00d6ppna bild i helsk\u00e4rm<\/p>\n<p>N\u00e4r Expressen f\u00e5r kontakt med klockkungen Olof Larssons hustru Danielle Larsson, som ocks\u00e5 syns p\u00e5 festbilder med Alcocer, vill hon att vi ska ringa tillbaka en timma senare. Men n\u00e4r vi g\u00f6r det svarar hon inte.<\/p>\n<p>I st\u00e4llet blir vi kontaktade av Stephanie Bonn som via sin PR firma Zap PR arbetar f\u00f6r Nymans Ur. Bland hennes kunder finns \u00e4ven Lacoste, Karl Lagerfeld och champagnem\u00e4rket Taittinger.\u00a0<\/p>\n<p>\u2013 N\u00e4r det g\u00e4ller Olof och Danielles privatliv \u00e4r det n\u00e5got som de aldrig pratar eller skyltar med, s\u00e4ger Stephanie Bonn.<\/p>\n<p><img loading=\"lazy\"   alt=\"\"\/><\/p>\n<p>Klockdirekt\u00f6ren och m\u00e5ngmiljon\u00e4ren Olof Larsson \u00e4r en av de personer som umg\u00e5s med presidenthustrun Ver\u00f3nica Alcocer. Olof Larsson \u00e4r ocks\u00e5 del\u00e4gare i champagnef\u00f6retaget Hatt et S\u00f6ner.<\/p>\n<p>Foto: NYMANS UR<\/p>\n<p>\u00d6ppna bild i helsk\u00e4rm<\/p>\n<p>P\u00e5 bilder fr\u00e5n sociala medier syns Veronica Alcocer ocks\u00e5 med Noppe Lewenhaupts \u00e4nka Lee Lewenhaupt, Kishti Tomita, f\u00f6re detta domare i tv-programmet \u201dIdol\u201d. och journalisten och programledaren Alexandra Pascalidou\u00a0<\/p>\n<p>\u2013 Jag var p\u00e5 Noppes sommarfest och n\u00e5gon sa att Colombias f\u00f6rsta dam ocks\u00e5 var d\u00e4r och \u00e4ven bodde i Sverige. Jag pratade med henne och sa att jag inte f\u00f6rstod att hon inte var hemma med sin make. Hon svarade mig att det var lugnare f\u00f6r henne h\u00e4r i Sverige och mer ordning och reda. Jag tycker fortfarande att det \u00e4r konstigt att hon \u00e4r h\u00e4r, s\u00e4ger Alexandra Pascalidou.<\/p>\n<p>Annons<\/p>\n<p><img loading=\"lazy\"   alt=\"\"\/><\/p>\n<p>Presidenthustrun Veronica Alcocer (i ljustonade solglas\u00f6gon) p\u00e5 fest i somras i Stockholm med sina svenska v\u00e4nner. Fr\u00e5n v\u00e4nster \u2013 klockdirekt\u00f6ren Olof Larssons hustru Danielle Larsson, Lee Lewenhaupt &#8211; greve Noppe Lewenhaupt \u00e4nka, programledaren och journalisten Alexandra Pascalidou. I f\u00f6rgrunden Sofia Strand, grundare av makeup- f\u00f6retaget Pixi och gift med Kristofer Ruscon, \u00e4gare till champagnef\u00f6retaget Hatt et S\u00f6ner.<\/p>\n<p>Foto: Privat<\/p>\n<p>\u00d6ppna bild i helsk\u00e4rm<img loading=\"lazy\"   alt=\"\"\/><\/p>\n<p>Colombias f\u00f6rste dam Ver\u00f3nica Alcocer p\u00e5 fest med flera svenska v\u00e4nner.<\/p>\n<p>Foto: Privat<\/p>\n<p>\u00d6ppna bild i helsk\u00e4rm<img loading=\"lazy\"   alt=\"\"\/><\/p>\n<p>Veronica Alcocer (th) med v\u00e4ninnan Sofia Strand. H\u00e4r p\u00e5 Hatt et S\u00f6ners ving\u00e5rd i Champagne i Frankrike.Strand \u00e4r sambo med \u00e4garen till Hatt et S\u00f6ner, Kristofer Ruscon.<\/p>\n<p>Foto: Privat<\/p>\n<p>\u00d6ppna bild i helsk\u00e4rm<\/p>\n<p>En annan v\u00e4n till Ver\u00f3nica Alcocer \u00e4r den internationella Dj:n Gunn Lundemo, som tidigare jobbade p\u00e5 Noppes.<\/p>\n<p>\u2013 Gunn har hj\u00e4lpt Veronica med att ordna bost\u00e4der och introducerat henne f\u00f6r m\u00e5nga personer i Stockholm, s\u00e4ger en k\u00e4lla till Expressen.<\/p>\n<p>\u2013 Inga kommentarer svarar Gunn Lundemo n\u00e4r Expressen ringer till henne.<\/p>\n<p><img loading=\"lazy\"   alt=\"\"\/><\/p>\n<p>Presidenthustrun Ver\u00f3nica Alcocer umg\u00e5s ocks\u00e5 med den internationella Dj:n Gunn Lundemo som tidigare hj\u00e4lpt Alcocer med bostad i Stockholm. Lundemo ska ocks\u00e5 ha introducerat presidenthustrun till nya v\u00e4nner.<\/p>\n<p>Foto: Erik Simander \/ TT NYHETSBYR\u00c5N<\/p>\n<p>\u00d6ppna bild i helsk\u00e4rm<img loading=\"lazy\"   alt=\"\"\/><\/p>\n<p>Ver\u00f3nica Alcocer, hustru till Colombias president, p\u00e5 fest i Stockholm med f\u00f6retagaren Sofia Strand och Kishti Tomita, f\u00f6re detta jurymedlem i tv-programmet \u201dIdol\u201d.<\/p>\n<p>Foto: Privat<\/p>\n<p>\u00d6ppna bild i helsk\u00e4rm<img loading=\"lazy\"   alt=\"\"\/><\/p>\n<p>Ver\u00f3nica Alcocer p\u00e5 fest i Stockholm. H\u00e4r med v\u00e4ninnan Sofia Strand.<\/p>\n<p>Foto: Privat<\/p>\n<p>\u00d6ppna bild i helsk\u00e4rm<\/p>\n<p>\u00c4ven Jonathan Rex, styrelseordf\u00f6rande i Hatt et S\u00f6ner och tidigare valgeneral f\u00f6r det nu nedlagda partiet Folklistan, st\u00e5r n\u00e4ra Ver\u00f3nica Alcocer.\u00a0<\/p>\n<p>De b\u00e5da har ocks\u00e5 tillsammans med flera andra personer varit p\u00e5 resor till Frankrike, visar bilder i sociala medier. Han vill heller inte kommentera sin v\u00e4nskap med Alcocers.<\/p>\n<p>\u2013 Det \u00e4r privat, s\u00e4ger Jonathan Rex.<\/p>\n<p><img loading=\"lazy\"   alt=\"\"\/><\/p>\n<p>Jonathan Rex \u00e4r v\u00e4n till presidenthustrun Ver\u00f3nica Alcocer. Rex \u00e4r styrelseordf\u00f6rande i Hatt et S\u00f6ner och tidigare valgeneral f\u00f6r det politiska partiet Folklistan som bildades av Jan Emanuel och Sara Skyttedal.<\/p>\n<p>Foto: Jean-Baptiste Delerue \/ Hatt et S\u00f6ner<\/p>\n<p>\u00d6ppna bild i helsk\u00e4rm<img loading=\"lazy\"   alt=\"\"\/><\/p>\n<p>Ver\u00f3nica Alcocer, tredje fr\u00e5n v\u00e4nster, med v\u00e4nner i Frankrike. H\u00e4r ocks\u00e5 med det svenska champagnef\u00f6retagets styrelseordf\u00f6rande Jonathan Rex som hon umg\u00e5s med i Stockholm.Rex sitter bredvid Alcocer p\u00e5 hennes v\u00e4nstersida.<\/p>\n<p>Foto: Privat<\/p>\n<p>\u00d6ppna bild i helsk\u00e4rm<\/p>\n<p>Folklistan lanserades av Jan Emanuel och den f\u00f6re detta KD-politikern Sara Skyttedal.<\/p>\n<p>2024 d\u00f6k Ver\u00f3nica Alcocer utan en inbjudan upp p\u00e5 Folklistans stora fest inf\u00f6r EU-valet p\u00e5 Hallwylska i centrala Stockholm \u2013 n\u00e5got som d\u00e5 v\u00e4ckte stor uppm\u00e4rksamhet och f\u00f6rv\u00e5ning.<\/p>\n<p><img loading=\"lazy\"   alt=\"\"\/><\/p>\n<p>Presidenthustrun Ver\u00f3nica Alcocer d\u00f6k 2024 oanm\u00e4ld upp Folklistans valvaka i Stockholm. Valgeneral f\u00f6r Folklistan var d\u00e5 Jonathan Rex som Alcocer tr\u00e4ffat i Stockholm.<\/p>\n<p>Foto: ANNA-KARIN NILSSON<\/p>\n<p>\u00d6ppna bild i helsk\u00e4rm<\/p>\n<p>\u2013 Vi har g\u00e5tt vilse. Vi \u00e4r inte ens bjudna. Vi r\u00e5kade bara g\u00e5 f\u00f6rbi och s\u00e5g att det verkade vara en bra fest h\u00e4r, f\u00f6rklarade Ver\u00f3nica Alcocers v\u00e4ninna.<\/p>\n<p>Alcocer sj\u00e4lv v\u00e4grade d\u00e5 att svara p\u00e5 fr\u00e5gor.\u00a0<\/p>\n<p>Tr\u00e4ffade kungaparet<\/p>\n<p>Senare framkom att Ver\u00f3nica Alcocer och hennes make president Gustavo Petro var p\u00e5 statsbes\u00f6k i Sverige. Presidentparet tr\u00e4ffade f\u00f6rst riksdagens talman Andreas Norl\u00e9n som v\u00e4rd f\u00f6r en middag med presidentparet. Dagen efter tr\u00e4ffade presidentparet kung Carl Gustaf och drottning Silvia f\u00f6r en lunch. P\u00e5 schemat stod ocks\u00e5 en tr\u00e4ff med statsminister Ulf Kristersson.<\/p>\n<p>Enligt sydamerikansk press och k\u00e4llor till Expressen ska Ver\u00f3nica Alcocer i somras ocks\u00e5 ha varit i Sverige f\u00f6r att studera engelska.<\/p>\n<p>Expressen s\u00f6ker Ver\u00f3nica Alcocer f\u00f6r en kommentar. Vi har ocks\u00e5 s\u00f6kt Lee Lewenhaupt, Kishti Tomita och Sofia Strand.<\/p>\n","protected":false},"excerpt":{"rendered":"ARTIKELN I KORTHET \u2022 Colombias president Gustavo Petro och hans hustru Ver\u00f3nica Alcocer hamnade i oktober p\u00e5 USA:s&hellip;\n","protected":false},"author":2,"featured_media":82552,"comment_status":"","ping_status":"","sticky":false,"template":"","format":"standard","meta":{"footnotes":""},"categories":[12],"tags":[22,23,26,27,17,21,24,25,1519,28,29,15,16,18,34,154,31,33,32,30,19,20],"class_list":{"0":"post-82551","1":"post","2":"type-post","3":"status-publish","4":"format-standard","5":"has-post-thumbnail","7":"category-sverige","8":"tag-breaking-news","9":"tag-breakingnews","10":"tag-featured-news","11":"tag-featurednews","12":"tag-headlines","13":"tag-huvudnyheter","14":"tag-latest-news","15":"tag-latestnews","16":"tag-location-colombia","17":"tag-main-news","18":"tag-mainnews","19":"tag-news","20":"tag-nyheter","21":"tag-rubriker","22":"tag-se","23":"tag-sections-sverige","24":"tag-svenska","25":"tag-sverige","26":"tag-sweden","27":"tag-swedish","28":"tag-top-stories","29":"tag-topstories"},"share_on_mastodon":{"url":"https:\/\/pubeurope.com\/@se\/115563477311791201","error":""},"_links":{"self":[{"href":"https:\/\/www.europesays.com\/se\/wp-json\/wp\/v2\/posts\/82551","targetHints":{"allow":["GET"]}}],"collection":[{"href":"https:\/\/www.europesays.com\/se\/wp-json\/wp\/v2\/posts"}],"about":[{"href":"https:\/\/www.europesays.com\/se\/wp-json\/wp\/v2\/types\/post"}],"author":[{"embeddable":true,"href":"https:\/\/www.europesays.com\/se\/wp-json\/wp\/v2\/users\/2"}],"replies":[{"embeddable":true,"href":"https:\/\/www.europesays.com\/se\/wp-json\/wp\/v2\/comments?post=82551"}],"version-history":[{"count":0,"href":"https:\/\/www.europesays.com\/se\/wp-json\/wp\/v2\/posts\/82551\/revisions"}],"wp:featuredmedia":[{"embeddable":true,"href":"https:\/\/www.europesays.com\/se\/wp-json\/wp\/v2\/media\/82552"}],"wp:attachment":[{"href":"https:\/\/www.europesays.com\/se\/wp-json\/wp\/v2\/media?parent=82551"}],"wp:term":[{"taxonomy":"category","embeddable":true,"href":"https:\/\/www.europesays.com\/se\/wp-json\/wp\/v2\/categories?post=82551"},{"taxonomy":"post_tag","embeddable":true,"href":"https:\/\/www.europesays.com\/se\/wp-json\/wp\/v2\/tags?post=82551"}],"curies":[{"name":"wp","href":"https:\/\/api.w.org\/{rel}","templated":true}]}}