{"id":82557,"date":"2025-11-17T05:56:14","date_gmt":"2025-11-17T05:56:14","guid":{"rendered":"https:\/\/www.europesays.com\/se\/82557\/"},"modified":"2025-11-17T05:56:14","modified_gmt":"2025-11-17T05:56:14","slug":"trendbrott-nar-bnp-tillvaxten-faller-i-japan","status":"publish","type":"post","link":"https:\/\/www.europesays.com\/se\/82557\/","title":{"rendered":"Trendbrott n\u00e4r BNP-tillv\u00e4xten faller i Japan\u00a0"},"content":{"rendered":"<p>Japan, som \u00e4r v\u00e4rldens tredje st\u00f6rsta ekonomi, fick uppleva en sjunkande privat efterfr\u00e5gan i \u00e5rets tredje kvartal.<\/p>\n<p>Det bidrog mest till att BNP-tillv\u00e4xten krympte under perioden, samtidigt hj\u00e4lpte den inhemska konsumtionen till att bromsa nedg\u00e5ngen, b\u00e5de den offentliga och privata. Just den offentliga efterfr\u00e5gan var enligt CNBC \u201den ljuspunkt\u201d under det inrapporterade kvartalet och v\u00e4xte enligt rapporten med 0,5 procent.<\/p>\n<p>Tidigare kvartal har Japans ekonomi v\u00e4xt<\/p>\n<p>Totalt krympte Japans ekonomi med 1,8 procent i \u00e5rstakt i Q3, vilket uppges vara mindre \u00e4n v\u00e4ntat.<\/p>\n<p>Det var f\u00f6rsta g\u00e5ngen p\u00e5 sex kvartal som tillv\u00e4xten i den japanska ekonomin minskade. Nedg\u00e5ngen var 0,4 procent.<\/p>\n<p>\u201dTillv\u00e4xtfallet var dock svagare \u00e4n Reuters opinionsunders\u00f6kningars uppskattningar om en \u00e5rlig nedg\u00e5ng p\u00e5 2,5 % och en sekventiell minskning p\u00e5 0,6 %\u201d, uppger CNBC och konstaterar att den offentliga efterfr\u00e5gan \u00f6kade med 2,2 procent p\u00e5 \u00e5rsbasis.<\/p>\n<p>Den privata efterfr\u00e5gan i landet minskade med 1,8 procent, detta m\u00e4rktes mest n\u00e4r det g\u00e4ller bostadsinvesteringar som backade med \u00f6ver kraftiga 32 procent.<\/p>\n","protected":false},"excerpt":{"rendered":"Japan, som \u00e4r v\u00e4rldens tredje st\u00f6rsta ekonomi, fick uppleva en sjunkande privat efterfr\u00e5gan i \u00e5rets tredje kvartal. Det&hellip;\n","protected":false},"author":2,"featured_media":82558,"comment_status":"","ping_status":"","sticky":false,"template":"","format":"standard","meta":{"footnotes":""},"categories":[65],"tags":[302,72,70,8039,71,1679,2865,626,34,31,33,32,30],"class_list":{"0":"post-82557","1":"post","2":"type-post","3":"status-publish","4":"format-standard","5":"has-post-thumbnail","7":"category-ekonomi","8":"tag-bnp","9":"tag-business","10":"tag-economy","11":"tag-efterfragan","12":"tag-ekonomi","13":"tag-export","14":"tag-japan","15":"tag-konsumtion","16":"tag-se","17":"tag-svenska","18":"tag-sverige","19":"tag-sweden","20":"tag-swedish"},"share_on_mastodon":{"url":"https:\/\/pubeurope.com\/@se\/115563500870316044","error":""},"_links":{"self":[{"href":"https:\/\/www.europesays.com\/se\/wp-json\/wp\/v2\/posts\/82557","targetHints":{"allow":["GET"]}}],"collection":[{"href":"https:\/\/www.europesays.com\/se\/wp-json\/wp\/v2\/posts"}],"about":[{"href":"https:\/\/www.europesays.com\/se\/wp-json\/wp\/v2\/types\/post"}],"author":[{"embeddable":true,"href":"https:\/\/www.europesays.com\/se\/wp-json\/wp\/v2\/users\/2"}],"replies":[{"embeddable":true,"href":"https:\/\/www.europesays.com\/se\/wp-json\/wp\/v2\/comments?post=82557"}],"version-history":[{"count":0,"href":"https:\/\/www.europesays.com\/se\/wp-json\/wp\/v2\/posts\/82557\/revisions"}],"wp:featuredmedia":[{"embeddable":true,"href":"https:\/\/www.europesays.com\/se\/wp-json\/wp\/v2\/media\/82558"}],"wp:attachment":[{"href":"https:\/\/www.europesays.com\/se\/wp-json\/wp\/v2\/media?parent=82557"}],"wp:term":[{"taxonomy":"category","embeddable":true,"href":"https:\/\/www.europesays.com\/se\/wp-json\/wp\/v2\/categories?post=82557"},{"taxonomy":"post_tag","embeddable":true,"href":"https:\/\/www.europesays.com\/se\/wp-json\/wp\/v2\/tags?post=82557"}],"curies":[{"name":"wp","href":"https:\/\/api.w.org\/{rel}","templated":true}]}}