{"id":82597,"date":"2025-11-17T06:58:24","date_gmt":"2025-11-17T06:58:24","guid":{"rendered":"https:\/\/www.europesays.com\/se\/82597\/"},"modified":"2025-11-17T06:58:24","modified_gmt":"2025-11-17T06:58:24","slug":"efter-trump-braketjag-ber-om-ursakt","status":"publish","type":"post","link":"https:\/\/www.europesays.com\/se\/82597\/","title":{"rendered":"Efter Trump-br\u00e5ket:\n\u201dJag ber om urs\u00e4kt\u201d"},"content":{"rendered":"<p>Publicerad 17 nov 2025 kl 04.03<\/p>\n<p>Tidigare Trump-lojale Marjorie Taylor Greene har hamnat i ett ordbr\u00e5k med presidenten p\u00e5 senare tid. Nu h\u00e4vdar dock kongressledamoten att hon slutar med \u201dtoxisk politik\u201d.<\/p>\n<p>\u2013 Jag ber \u00f6dmjukt om urs\u00e4kt, s\u00e4ger Greene till <a href=\"https:\/\/edition.cnn.com\/2025\/11\/16\/politics\/marjorie-taylor-greene-interview-apologizes?utm_source=sdrn%3Avg%3Aarticle%3AQMp1bQ\" rel=\"nofollow noopener\" target=\"_blank\">CNN<\/a>.<\/p>\n<p>Men i natt gick Trump till f\u00f6rnyad attack mot henne.<\/p>\n<p>Senaste klippen om Trump-administrationen.<img   alt=\"\"\/><\/p>\n<p>Marjorie Taylor Greene.<\/p>\n<p>Foto: AARON SCHWARTZ \/ CNP \/ POLARIS POLARIS IMAGES<\/p>\n<p>\u00d6ppna bild i helsk\u00e4rm<img loading=\"lazy\"   alt=\"\"\/><\/p>\n<p>Donald Trump.<\/p>\n<p>Foto: MANUEL BALCE CENETA \/ AP TT NYHETSBYR\u00c5N<\/p>\n<p>\u00d6ppna bild i helsk\u00e4rm<\/p>\n<p>Representanthusledamoten <a href=\"https:\/\/www.expressen.se\/tagg\/person\/marjorie-taylor-greene\/\" class=\"\" rel=\"nofollow noopener\" target=\"_blank\">Marjorie Taylor Greene<\/a> har l\u00e4nge varit en av Donald Trumps lojala allierade. Men under fredagen kritiserade hon Trump f\u00f6r \u201dden aldrig sinande str\u00f6mmen av utl\u00e4ndska ledare som kommer till Vita huset varje vecka\u201d och menade att USA \u201dinte valde presidenten f\u00f6r att han skulle resa runt i v\u00e4rlden och avsluta utl\u00e4ndska krig\u201d.<\/p>\n<p>Efter hennes uttalanden har Trump dragit tillbaka sitt st\u00f6d f\u00f6r Greene och kallat henne \u201dsvamlande galning\u201d, \u201df\u00f6rr\u00e4dare\u201d och \u201den skam f\u00f6r det republikanska partiet\u201d.<\/p>\n<p>\u2013 Det mest s\u00e5rande han sade, vilket \u00e4r helt osant, \u00e4r att han kallade mig f\u00f6rr\u00e4dare. Det \u00e4r s\u00e5 extremt fel. Det \u00e4r den sortens ord som kan radikalisera m\u00e4nniskor och uts\u00e4tta mig f\u00f6r livsfara, s\u00e4ger Greene i en intervju med CNN p\u00e5 s\u00f6ndagen.<\/p>\n<p>Vill \u201dl\u00e4gga ner knivarna\u201d<\/p>\n<p>Trots att hon \u00e4r k\u00e4nd f\u00f6r sina kontroversiella uttalanden h\u00e4vdade Greene att hon h\u00e4danefter kommer att sluta anv\u00e4nda sig av kr\u00e4nkande retorik.<\/p>\n<p>\u2013 Jag ber \u00f6dmjukt om urs\u00e4kt f\u00f6r att ha deltagit i den toxiska politiken. Det \u00e4r v\u00e4ldigt d\u00e5ligt f\u00f6r v\u00e5rt land. Det \u00e4r n\u00e5got jag har t\u00e4nkt mycket p\u00e5, s\u00e4rskilt sedan Charlie Kirk d\u00f6dades, s\u00e4ger Greene \u2013 en h\u00e4nvisning till h\u00f6gerdebatt\u00f6ren som sk\u00f6ts ihj\u00e4l vid ett evenemang f\u00f6r tv\u00e5 m\u00e5nader sedan.<\/p>\n<p>Hon uppgav att hon nu vill \u201dl\u00e4gga ner knivarna i politiken\u201d och \u201dbara se m\u00e4nniskor vara v\u00e4nliga mot varandra\u201d.<\/p>\n<p>\u201dIngen bryr sig om denna landsf\u00f6rr\u00e4dare\u201d<\/p>\n<p>Hennes uttalanden f\u00f6ll dock f\u00f6r d\u00f6va \u00f6ron vad g\u00e4ller Trump.<\/p>\n<p>Natten mot m\u00e5ndag gick presidenten till f\u00f6rnyad attack mot Greene.<\/p>\n<p>\u201dHon jobbar \u00f6vertid f\u00f6r att f\u00f6rs\u00f6ka framst\u00e4lla sig sj\u00e4lv som ett offer n\u00e4r hon i sj\u00e4lva verket \u00e4r orsaken till alla sina problem. Faktum \u00e4r att ingen bryr sig om denna landsf\u00f6rr\u00e4dare\u201d, skriver Trump.<\/p>\n","protected":false},"excerpt":{"rendered":"Publicerad 17 nov 2025 kl 04.03 Tidigare Trump-lojale Marjorie Taylor Greene har hamnat i ett ordbr\u00e5k med presidenten&hellip;\n","protected":false},"author":2,"featured_media":82598,"comment_status":"","ping_status":"","sticky":false,"template":"","format":"standard","meta":{"footnotes":""},"categories":[5],"tags":[22,23,26,27,17,21,24,25,28,29,15,16,198,8040,18,34,55,31,33,32,30,19,204,20],"class_list":{"0":"post-82597","1":"post","2":"type-post","3":"status-publish","4":"format-standard","5":"has-post-thumbnail","7":"category-rubriker","8":"tag-breaking-news","9":"tag-breakingnews","10":"tag-featured-news","11":"tag-featurednews","12":"tag-headlines","13":"tag-huvudnyheter","14":"tag-latest-news","15":"tag-latestnews","16":"tag-main-news","17":"tag-mainnews","18":"tag-news","19":"tag-nyheter","20":"tag-person-donald-trump","21":"tag-person-marjorie-taylor-greene","22":"tag-rubriker","23":"tag-se","24":"tag-sections-varlden","25":"tag-svenska","26":"tag-sverige","27":"tag-sweden","28":"tag-swedish","29":"tag-top-stories","30":"tag-topic-amerikansk-politik","31":"tag-topstories"},"share_on_mastodon":{"url":"https:\/\/pubeurope.com\/@se\/115563744660877586","error":""},"_links":{"self":[{"href":"https:\/\/www.europesays.com\/se\/wp-json\/wp\/v2\/posts\/82597","targetHints":{"allow":["GET"]}}],"collection":[{"href":"https:\/\/www.europesays.com\/se\/wp-json\/wp\/v2\/posts"}],"about":[{"href":"https:\/\/www.europesays.com\/se\/wp-json\/wp\/v2\/types\/post"}],"author":[{"embeddable":true,"href":"https:\/\/www.europesays.com\/se\/wp-json\/wp\/v2\/users\/2"}],"replies":[{"embeddable":true,"href":"https:\/\/www.europesays.com\/se\/wp-json\/wp\/v2\/comments?post=82597"}],"version-history":[{"count":0,"href":"https:\/\/www.europesays.com\/se\/wp-json\/wp\/v2\/posts\/82597\/revisions"}],"wp:featuredmedia":[{"embeddable":true,"href":"https:\/\/www.europesays.com\/se\/wp-json\/wp\/v2\/media\/82598"}],"wp:attachment":[{"href":"https:\/\/www.europesays.com\/se\/wp-json\/wp\/v2\/media?parent=82597"}],"wp:term":[{"taxonomy":"category","embeddable":true,"href":"https:\/\/www.europesays.com\/se\/wp-json\/wp\/v2\/categories?post=82597"},{"taxonomy":"post_tag","embeddable":true,"href":"https:\/\/www.europesays.com\/se\/wp-json\/wp\/v2\/tags?post=82597"}],"curies":[{"name":"wp","href":"https:\/\/api.w.org\/{rel}","templated":true}]}}