{"id":82624,"date":"2025-11-17T07:34:08","date_gmt":"2025-11-17T07:34:08","guid":{"rendered":"https:\/\/www.europesays.com\/se\/82624\/"},"modified":"2025-11-17T07:34:08","modified_gmt":"2025-11-17T07:34:08","slug":"mia-parneviks-morker-var-nara-att-kosta-henne-livet","status":"publish","type":"post","link":"https:\/\/www.europesays.com\/se\/82624\/","title":{"rendered":"Mia Parneviks m\u00f6rker var n\u00e4ra att kosta henne livet"},"content":{"rendered":"<p><a href=\"https:\/\/www.expressen.se\/tagg\/person\/mia-parnevik\/\" class=\"\" rel=\"nofollow noopener\" target=\"_blank\">Mia Parnevik<\/a> har bara varit i Sverige i tre dagar, men \u00e4nd\u00e5 hunnit med att Halloweenmysa med barnbarnen, samt att gr\u00e5ta bara vid \u00e5synen av sin sj\u00e4lvbiografi \u201dLeka livet\u201d.\u00a0<\/p>\n<p>Har man l\u00e4st den, s\u00e5 \u00e4r det l\u00e4tt att f\u00f6rst\u00e5 varf\u00f6r. H\u00e4r finns ett m\u00f6rker. Redan p\u00e5 f\u00f6rsta sidan ber\u00e4ttar hon, som alltid sagt att \u201deveryday is happy day\u201d, om hur hon dunkar sin egen panna blodig i duschen.\u00a0<\/p>\n<p>Men ocks\u00e5 ett envist ljus.\u00a0<\/p>\n<p>Bokreleasen blev \u201dett rum fullt av familj, v\u00e4nner och k\u00e4rlek\u201d. En lycka som kom med en viss nervositet. Inte minst eftersom ingen i familjen f\u00e5tt l\u00e4sa p\u00e5 f\u00f6rhand.<\/p>\n<p>\u2013 Jag tror faktiskt att Jesper h\u00e5ller p\u00e5 att lyssna p\u00e5 ljudboken just nu, s\u00e4ger hon efter att vi plockat p\u00e5 oss kaffekoppar uppe p\u00e5 det f\u00e4rgstarka och hemtrevliga f\u00f6rlaget.<\/p>\n<p><img loading=\"lazy\"   alt=\"\"\/><\/p>\n<p>Ingen i Mia Parneviks familj hade f\u00e5tt l\u00e4sa boken p\u00e5 f\u00f6rhand.<\/p>\n<p>Foto: OLLE SPORRONG<\/p>\n<p><strong>Hur k\u00e4nns det?<\/strong><\/p>\n<p>\u2013 Ja, vi f\u00e5r v\u00e4l se om jag f\u00e5r komma hem. Hahaha.<\/p>\n<p>\u2013 Nej, min man \u00e4r den coolaste m\u00e4nniska jag k\u00e4nner i v\u00e4rlden, och inte bara f\u00f6r att han \u00e4r min man, utan f\u00f6r att han verkligen \u00e4r det. Att ha den tilliten till sin partner\u2026 Det \u00e4r s\u00e5 fint av honom. \u00c4ven om jag tror att han nu hade mer tillit till min v\u00e4ninna (Annelie Engblom) som jag skrivit med. Hon \u00e4r ordning och reda.<\/p>\n<p>H\u00e4mtade Bill Murray i h\u00e4ktet<\/p>\n<p>\u2022 F\u00f6dd: 20 februari 1968.<\/p>\n<p>\u2022 \u00c4r sen 1994 gift med golfproffset Jesper Parnevik, och har tillsammans med honom barnen Peg, Penny, Philippa och Phoenix. \u00c4r dessutom mormor till Atticus, Pebble och Achilles.<\/p>\n<p>\u2022 Var fr\u00e5n 2015 och i fyra s\u00e4songer navet i den Kristallenbel\u00f6nade \u201dParneviks\u201d.<\/p>\n<p>\u2022 Realityserien spelades in i familjens spati\u00f6sa Floridavilla om 1300 kvadratmeter. Till den h\u00f6rde \u00e4ven egen strand med brygga. Pool, bio, gym och vink\u00e4llare. Men sen 2022 har paret downsizat till ett \u201dCasa Mia 2.0\u201d p\u00e5 blygsammare 200 kvadrat.<\/p>\n<p>\u2022 Det var Mia Parnevik som h\u00e4mtade Bill Murray i h\u00e4ktet 2007 efter hans nattliga tur p\u00e5 Stureplan med golfbil.<\/p>\n<p>Visa mer<\/p>\n<p><strong>Varf\u00f6r har du h\u00e5llit texten hemlig?<\/strong><\/p>\n<p>\u2013 F\u00f6r att inte bli p\u00e5verkad av andras tankar. Jag ville att det skulle vara jag, att det skulle vara \u00e4kta.<\/p>\n<p>\u2013 Jag har heller inte velat skriva hemma, utan p\u00e5 en neutral plats. S\u00e5 vi best\u00e4mde oss r\u00e4tt tidigt f\u00f6r att skriva p\u00e5 olika slott runtom i Sverige.\u00a0<\/p>\n<p><strong>Du har ber\u00e4ttat tidigare om din depression efter att ha tvingats operera bort livmoder och \u00e4ggstockar, s\u00e5 att du hamnade i ett tidigt klimakterium. Men inte s\u00e5 h\u00e4r n\u00e4ra och naket?<\/strong><\/p>\n<p>\u2013 Ja, som du m\u00e4rker blir jag t\u00e5r\u00f6gd bara vi pratar om det.\u00a0<\/p>\n<p>\u2013 P\u00e5 24 timmar gick jag fr\u00e5n att aldrig ha m\u00e5tt d\u00e5ligt, till att inte alls k\u00e4nna igen mig sj\u00e4lv. Allt det d\u00e4r har varit som en dimma, som man bara vill f\u00f6rtr\u00e4nga. Inte prata om eller g\u00e5 igenom igen. P\u00e5 det s\u00e4ttet har boken varit terapeutisk. Jag vet inte hur m\u00e5nga g\u00e5nger jag ringde Jesper fr\u00e5n n\u00e5got slott och fr\u00e5gade hur han st\u00e5tt ut?<\/p>\n<p><strong>Den dagen d\u00e5 du dunkar huvudet mot duschkaklet\u2026 Varf\u00f6r g\u00f6r du s\u00e5?<\/strong><\/p>\n<p>\u2013 Jag tror faktiskt att jag beh\u00f6vde f\u00e5 \u00e4ga en k\u00e4nsla. I och med att inga k\u00e4nslor st\u00e4mde \u00f6verens i mitt huvud. S\u00e5 kan man v\u00e4l s\u00e4ga.<\/p>\n<p>Men Mias k\u00e4nslor faller inte p\u00e5 plats. Ist\u00e4llet f\u00e5r hon tankar om att familjen skulle f\u00e5 det b\u00e4ttre utan henne. Sorgen v\u00e4xer, s\u00e5 att hon en dag tar bilen till havet och b\u00f6rjar simma r\u00e4tt ut: \u201dOm jag inte kan vara den jag vet att jag \u00e4r och leva med den livslust som fyllt mina andetag fram tills nu \u2013 d\u00e5 vill jag inte leva\u201d, skriver hon i boken.<\/p>\n<p><img loading=\"lazy\"   alt=\"\"\/><\/p>\n<p>Mia Parnevik \u00e4r aktuell med boken \u201dLeka livet\u201d.<\/p>\n<p>Foto: OLLE SPORRONG<\/p>\n<p><strong>De f\u00f6rsta simtagen beskriver du som en l\u00e4ttnad. Men l\u00e4ngre ut kommer tvivlet, och du kippar efter luft. Vad \u00e4r det som g\u00f6r att du tar dig tillbaka?<\/strong><\/p>\n<p>\u2013 Jag vill tro p\u00e5 ljuset man har inom sig. P\u00e5 viljan att leva och \u00e4ndra sig. P\u00e5 att k\u00e4rleken vinner.<\/p>\n<p>\u2013 Sen fick jag nog en insikt. Jag s\u00e5g mig sj\u00e4lv, hur vansinnigt det var.\u00a0<\/p>\n<p><strong>N\u00e4r fick familjen veta? F\u00f6r jag antar att de inte f\u00e5r l\u00e4sa om simturen f\u00f6rst i boken.\u00a0<\/strong><\/p>\n<p>\u2013 Jo, det kommer de att g\u00f6ra.\u00a0<\/p>\n<p><strong>Varf\u00f6r?<\/strong><\/p>\n<p>\u2013 Jag tycker att det finns en tid f\u00f6r att ber\u00e4tta allting. Samtidigt som jag faktiskt vill kunna s\u00e4ga precis som det var.<\/p>\n<p>\u2013 Jag hoppas att min \u00f6ppenhet ska kunna hj\u00e4lpa n\u00e5gon som l\u00e4ser boken. F\u00f6r det finns s\u00e5 mycket b\u00e4ttre hj\u00e4lp nu, och vi har ocks\u00e5 blivit b\u00e4ttre p\u00e5 att \u00f6verhuvudtaget prata om hormoner eller psykisk oh\u00e4lsa. Klimakteriet \u00e4r ju \u00e4nd\u00e5 n\u00e5got som halva befolkningen kommer att g\u00e5 igenom.<\/p>\n<p><strong>Ni f\u00e5r hj\u00e4lp n\u00e4r Elin Nordegren skickar sin terapeut till er fr\u00e5n Chicago\u2026<\/strong><\/p>\n<p>\u2013 Ja, det var fantastiskt.<\/p>\n<p><strong>\u00c4r det h\u00e4r m\u00f6rkret \u00e4nnu en del av dig p\u00e5 n\u00e5got s\u00e4tt?<\/strong><\/p>\n<p>\u2013 Jag tror ju p\u00e5 att \u00e4ven i de v\u00e4rsta stunderna s\u00e5 m\u00e5ste man kunna skratta, g\u00e5 vidare och l\u00e4ra sig n\u00e5got. Jag hade ju aldrig m\u00e5tt d\u00e5ligt, s\u00e5 jag hade ju inte haft empati p\u00e5 samma s\u00e4tt.<\/p>\n<p><strong>Du tyckte att Jesper skulle sk\u00e4rpa sig n\u00e4r han hade panik\u00e5ngest?<\/strong><\/p>\n<p>\u2013 Ja! Tidigare tyckte jag bara allt vara s\u00e5 j\u00e4vla bra och kul hela tiden. Men efter att sj\u00e4lv ha sjunkit s\u00e5 djupt, kan jag ta med mig den k\u00e4nslan och g\u00f6ra n\u00e5got bra av det: Ha medk\u00e4nsla. Kanske kunna hj\u00e4lpa p\u00e5 n\u00e5got s\u00e4tt.<\/p>\n<blockquote><p>Jag \u00e4r ju professionell tourhora!<\/p><\/blockquote>\n<p><strong>Det k\u00e4nns som att du delvis anv\u00e4nt skrivandet f\u00f6r att processa saker? Som aborten du och Jesper gick igenom tidigt i relationen.<\/strong><\/p>\n<p>\u2013 Ja. Den vet inte heller n\u00e5gon annan om. Men det \u00e4r ocks\u00e5 en sak som m\u00e5nga g\u00e5r igenom, men inte pratar om.<\/p>\n<p>\u2013 Det var mitt beslut. Jag och Jesper var f\u00f6r unga d\u00e5. Man ska hinna leka och leva livet ocks\u00e5.<\/p>\n<p><strong>Du verkar ha sv\u00e5rt f\u00f6r halvsanningar?<\/strong><\/p>\n<p>\u2013 Exakt! Halvsanningar \u00e4r inte jag. Sen f\u00e5r man tycka att det \u00e4r r\u00e4tt eller fel. Men det h\u00e4r \u00e4r min ber\u00e4ttelse, mitt liv.<\/p>\n<p><img loading=\"lazy\"   alt=\"\"\/><\/p>\n<p>\u201dVi levde ganska rock\u2019n\u2019roll. Reste med fyra barn och tv\u00e5 barnflickor\u201d, ber\u00e4ttar Mia Parnevik.<\/p>\n<p>Foto: OLLE SPORRONG<\/p>\n<p><strong>Din text pr\u00e4glas mycket av sj\u00e4lvdistans. Som att du kallar dig sj\u00e4lv \u201dprofessionell tourhora\u201d.<\/strong><\/p>\n<p>\u2013 Men jag \u00e4r ju professionell tourhora! Det st\u00e5r till och med \u201dthe bitch\u201d i min ring.<\/p>\n<p>\u2013 D\u00e5 fanns det ju ingen i min v\u00e4nskapskrets som h\u00e4ngde upp livet p\u00e5 en kille.\u00a0<\/p>\n<p>Annons<\/p>\n<p><strong>Har du kunnat \u00f6verdriva den sidan? F\u00f6r att f\u00e5 en effekt?<\/strong><\/p>\n<p>\u2013 Ja, jag kunde s\u00e4ga saker som \u201djag g\u00f6r allt f\u00f6r honom\u201d. F\u00f6r att leka av det faktiskt. Samtidigt som jag \u00e4nd\u00e5 hade den d\u00e4r otroliga sj\u00e4lvk\u00e4nslan.<\/p>\n<p><strong>Det har ofta maxat saker: Best\u00e4llt strippor som presenter, bokat privatjet och er gigantiska tomt k\u00f6pte du utan att ens fr\u00e5ga Jesper?<\/strong><\/p>\n<p>\u2013 Ja, jag vet, och mina barn skrattar ju \u00e5t allt. Vi levde ganska rock\u2019n\u2019roll. Reste med fyra barn och tv\u00e5 barnflickor, 26 veckor om \u00e5ret, p\u00e5 olika hotell.<\/p>\n<p>\u2013 Men jag gjorde livet stort, fullt av v\u00e4nner och familj, f\u00f6r att Jesper skulle kunna ta del av det s\u00e5 mycket som m\u00f6jligt.<\/p>\n<p><strong>Samtidigt s\u00e5 verkar du ha en k\u00e4rna av f\u00f6rnuft. Tydligen var hela bilen, hela b\u00e5ten, och halva \u201dCasa Mia 1.0\u201d skrivna p\u00e5 dig?<\/strong><\/p>\n<p>\u2013 Jag tror att huset stod p\u00e5 mig ocks\u00e5.<\/p>\n<p><strong>Det l\u00e5ter som om att du haft en feministiskt orienterad id\u00e9 om att se om ditt hus?<\/strong><\/p>\n<p>\u2013 Om jag ska vara \u00e4rlig s\u00e5 tror jag att det var min sv\u00e4rmor som redan tidigt sa: \u201dDu har v\u00e4l ett eget konto, s\u00e5 att du kan ta hand om dig?\u201d Allts\u00e5 hon \u00e4r v\u00e4rldens coolaste kvinna. Men \u00e4rligt talat \u00e4r det nog mer andra som ville att man skulle se till saker. Jag och Jeppe, vi \u00e4r ju ett. Han kommer f\u00e5 st\u00e5 ut med mig resten av livet.<\/p>\n<p><img loading=\"lazy\"   alt=\"\"\/><\/p>\n<p>Mia och Jesper Parnevik har varit gifta i \u00f6ver 30 \u00e5r.<\/p>\n<p>Foto: OLLE SPORRONG<\/p>\n<p><strong>Ni \u00e4r f\u00f6red\u00f6mligt bra p\u00e5 att njuta av livet ihop! Det \u00e4r f\u00f6rresten ocks\u00e5 lite ovanligt med din biografi att du skriver s\u00e5 mycket om sex?<\/strong><\/p>\n<p>\u2013 Jag f\u00f6rst\u00e5r det, och mina barn kommer tycka att jag \u00e4r cringe. Men jag tycker ocks\u00e5 att det \u00e4r en sj\u00e4lvklarhet. Speciellt om man \u00e4r \u00e4ldre, s\u00e5 f\u00e5r man inte tappa den d\u00e4r kramen, och att ta p\u00e5 varandra. Det \u00e4r livsviktigt, och det beh\u00f6ver inte vara galen, Cirque du soleil-sex.<\/p>\n<p><strong>Men du verkar ocks\u00e5 ha en tanke om att man ska kunna prata om s\u00e5nt h\u00e4r \u00e4ven om man \u00e4r 50+ och har kr\u00e4mpor och h\u00f6ftledsoperationer i bagaget?<\/strong><\/p>\n<p>\u2013 Ja, det handlar dels om att m\u00e5nga kvinnor faktiskt inte blir frigjorda f\u00f6rr\u00e4n efter en viss \u00e5lder, d\u00e5 man b\u00f6rjar tycka om sin kropp lite mer.\u00a0<\/p>\n<p>\u2013 Men ocks\u00e5 om att det \u00e4r ett jobb att h\u00e5lla allt vid liv. Det handlar om en f\u00f6rst\u00e5else. Men om man till\u00e5ter sig sj\u00e4lv det, s\u00e5 blir allt bara b\u00e4ttre, eftersom man har levt och lekt s\u00e5 mycket ihop.<\/p>\n<blockquote><p>Det k\u00e4nns som att jag p\u00e5 riktigt redan levt hundra liv<\/p><\/blockquote>\n<p><strong>Det finns en scen i boken d\u00e4r Jesper ska kolla hj\u00e4rtrytmen hos l\u00e4karen, och ringer till dig i panik eftersom han inte vet n\u00e4r han tog Viagra sist. Det \u00e4r som taget ur en komedi!<\/strong><\/p>\n<p>\u2013 Ja, min medf\u00f6rfattare Annelie tyckte att det h\u00e4r var j\u00e4tteroligt. Jag sj\u00e4lv tyckte inte alls att det var n\u00e5got konstigt. Men d\u00e4r \u00e4r jag v\u00e4l bjussig. Men allt \u00e4r sant. Tyv\u00e4rr. Haha.<\/p>\n<p><strong>Avslutningsvis s\u00e5 skriver du att det sista du ser p\u00e5 din d\u00f6dsb\u00e4dd kan bli ett av dina klassiska pranks \u2013 en gorilla i sexiga underkl\u00e4der! Men ocks\u00e5 att du alltid trott att du ska d\u00f6 ung. Varf\u00f6r?<\/strong><\/p>\n<p>\u2013 Min farmor dog ung. Min mormor dog j\u00e4tteung. Jag har alltid haft den d\u00e4r k\u00e4nslan av att \u201dI might die young, so let\u2019s go\u201d. Nu \u00e4r ju min pappa och mamma i livet, och jag har hunnit bli 57. Men det k\u00e4nns som att jag p\u00e5 riktigt redan levt hundra liv, och att f\u00e5 g\u00f6ra det s\u00e5 fullt ut tillsammans med dem man \u00e4lskar, det \u00e4r helt otroligt.<\/p>\n<p><img loading=\"lazy\"   alt=\"\"\/><\/p>\n<p>Mia Parnevik och Expressens reporter Maria Brander.<\/p>\n<p>Foto: OLLE SPORRONG<\/p>\n","protected":false},"excerpt":{"rendered":"Mia Parnevik har bara varit i Sverige i tre dagar, men \u00e4nd\u00e5 hunnit med att Halloweenmysa med barnbarnen,&hellip;\n","protected":false},"author":2,"featured_media":82625,"comment_status":"","ping_status":"","sticky":false,"template":"","format":"standard","meta":{"footnotes":""},"categories":[67],"tags":[104,1414,4453,4621,34,31,33,32,30,105],"class_list":{"0":"post-82624","1":"post","2":"type-post","3":"status-publish","4":"format-standard","5":"has-post-thumbnail","7":"category-underhallning","8":"tag-entertainment","9":"tag-newsstory-maria-brander-moter","10":"tag-person-jesper-parnevik","11":"tag-person-mia-parnevik","12":"tag-se","13":"tag-svenska","14":"tag-sverige","15":"tag-sweden","16":"tag-swedish","17":"tag-underhallning"},"share_on_mastodon":{"url":"https:\/\/pubeurope.com\/@se\/115563886258653409","error":""},"_links":{"self":[{"href":"https:\/\/www.europesays.com\/se\/wp-json\/wp\/v2\/posts\/82624","targetHints":{"allow":["GET"]}}],"collection":[{"href":"https:\/\/www.europesays.com\/se\/wp-json\/wp\/v2\/posts"}],"about":[{"href":"https:\/\/www.europesays.com\/se\/wp-json\/wp\/v2\/types\/post"}],"author":[{"embeddable":true,"href":"https:\/\/www.europesays.com\/se\/wp-json\/wp\/v2\/users\/2"}],"replies":[{"embeddable":true,"href":"https:\/\/www.europesays.com\/se\/wp-json\/wp\/v2\/comments?post=82624"}],"version-history":[{"count":0,"href":"https:\/\/www.europesays.com\/se\/wp-json\/wp\/v2\/posts\/82624\/revisions"}],"wp:featuredmedia":[{"embeddable":true,"href":"https:\/\/www.europesays.com\/se\/wp-json\/wp\/v2\/media\/82625"}],"wp:attachment":[{"href":"https:\/\/www.europesays.com\/se\/wp-json\/wp\/v2\/media?parent=82624"}],"wp:term":[{"taxonomy":"category","embeddable":true,"href":"https:\/\/www.europesays.com\/se\/wp-json\/wp\/v2\/categories?post=82624"},{"taxonomy":"post_tag","embeddable":true,"href":"https:\/\/www.europesays.com\/se\/wp-json\/wp\/v2\/tags?post=82624"}],"curies":[{"name":"wp","href":"https:\/\/api.w.org\/{rel}","templated":true}]}}