{"id":82681,"date":"2025-11-17T08:37:14","date_gmt":"2025-11-17T08:37:14","guid":{"rendered":"https:\/\/www.europesays.com\/se\/82681\/"},"modified":"2025-11-17T08:37:14","modified_gmt":"2025-11-17T08:37:14","slug":"chrippa-atalad-for-grova-ekobrott-nu-borjar-rattegangen","status":"publish","type":"post","link":"https:\/\/www.europesays.com\/se\/82681\/","title":{"rendered":"Chrippa \u00e5talad f\u00f6r grova ekobrott \u2013 nu b\u00f6rjar r\u00e4tteg\u00e5ngen"},"content":{"rendered":"<p>Publicerad 17 nov 2025 kl 06.28<\/p>\n<p>Nu st\u00e4lls Christofer \u201dChrippa\u201d Lundstr\u00f6m inf\u00f6r r\u00e4tta f\u00f6r flera grova ekobrott.<\/p>\n<p>\u2013 Jag st\u00e5r fast vid och h\u00e4vdar att jag inte har gjort de h\u00e4r sakerna, s\u00e4ger influencern i en video p\u00e5 <a href=\"https:\/\/www.youtube.com\/watch?v=isoDpMMOYbY\" rel=\"nofollow noopener\" target=\"_blank\">Youtube<\/a>.<\/p>\n<p><img   alt=\"\"\/><\/p>\n<p>Nu st\u00e4lls \u201dChrippa\u201d inf\u00f6r r\u00e4tta.<\/p>\n<p>Foto: Polisen<\/p>\n<p>\u00d6ppna bild i helsk\u00e4rm<img loading=\"lazy\"   alt=\"\"\/><\/p>\n<p>Lundstr\u00f6m st\u00e5r \u00e5talad f\u00f6r en rad ekobrott.<\/p>\n<p>Foto: Youtube<\/p>\n<p>\u00d6ppna bild i helsk\u00e4rm<\/p>\n<p>Christofer Lundstr\u00f6m, 36 \u2013 tidigare Berg \u2013 \u00e4r en uppm\u00e4rksammad profil i sociala medier och bror till influencern och tv-profilen <a href=\"https:\/\/www.expressen.se\/tagg\/person\/joakim-lundell\/\" class=\"\" rel=\"nofollow noopener\" target=\"_blank\">Joakim Lundell<\/a>, 40.<\/p>\n<p>Han st\u00e5r nu \u00e5talad f\u00f6r en rad ekobrott och riskerar s\u00e5v\u00e4l f\u00e4ngelse som fem \u00e5rs n\u00e4ringsf\u00f6rbud och miljonb\u00f6ter.<\/p>\n<p>\u2013 Jag har suttit h\u00e4ktat en v\u00e4ldigt stor del av \u00e5ret och det har varit en begr\u00e4nsning i livet s\u00e5 det k\u00e4nns sk\u00f6nt att det b\u00f6rjar komma mot slutet, har Christofer Lundstr\u00f6m sagt p\u00e5 Youtube.<\/p>\n<p>R\u00e4tteg\u00e5ngen b\u00f6rjar p\u00e5 m\u00e5ndagen i Link\u00f6pings tingsr\u00e4tt och sista dagen \u00e4r 5 december.<\/p>\n<p>Inkomsterna som Christofer Lundstr\u00f6m inte deklarerat<\/p>\n<p>2021: 488 278 kronor<\/p>\n<p>2022: 476 008 kronor<\/p>\n<p>2023: 875 837 kronor\u00a0<\/p>\n<p>2024: 1 871 959 kronor<\/p>\n<p>Visa mer<\/p>\n","protected":false},"excerpt":{"rendered":"Publicerad 17 nov 2025 kl 06.28 Nu st\u00e4lls Christofer \u201dChrippa\u201d Lundstr\u00f6m inf\u00f6r r\u00e4tta f\u00f6r flera grova ekobrott. \u2013&hellip;\n","protected":false},"author":2,"featured_media":82682,"comment_status":"","ping_status":"","sticky":false,"template":"","format":"standard","meta":{"footnotes":""},"categories":[5],"tags":[22,23,26,27,17,21,24,25,28,29,15,16,8046,2470,18,34,31,33,32,30,19,310,136,20],"class_list":{"0":"post-82681","1":"post","2":"type-post","3":"status-publish","4":"format-standard","5":"has-post-thumbnail","7":"category-rubriker","8":"tag-breaking-news","9":"tag-breakingnews","10":"tag-featured-news","11":"tag-featurednews","12":"tag-headlines","13":"tag-huvudnyheter","14":"tag-latest-news","15":"tag-latestnews","16":"tag-main-news","17":"tag-mainnews","18":"tag-news","19":"tag-nyheter","20":"tag-organization-linkopings-tingsratt","21":"tag-person-joakim-lundell","22":"tag-rubriker","23":"tag-se","24":"tag-svenska","25":"tag-sverige","26":"tag-sweden","27":"tag-swedish","28":"tag-top-stories","29":"tag-topic-kandisar","30":"tag-topic-rattegangar-domar","31":"tag-topstories"},"share_on_mastodon":{"url":"https:\/\/pubeurope.com\/@se\/115564134058938275","error":""},"_links":{"self":[{"href":"https:\/\/www.europesays.com\/se\/wp-json\/wp\/v2\/posts\/82681","targetHints":{"allow":["GET"]}}],"collection":[{"href":"https:\/\/www.europesays.com\/se\/wp-json\/wp\/v2\/posts"}],"about":[{"href":"https:\/\/www.europesays.com\/se\/wp-json\/wp\/v2\/types\/post"}],"author":[{"embeddable":true,"href":"https:\/\/www.europesays.com\/se\/wp-json\/wp\/v2\/users\/2"}],"replies":[{"embeddable":true,"href":"https:\/\/www.europesays.com\/se\/wp-json\/wp\/v2\/comments?post=82681"}],"version-history":[{"count":0,"href":"https:\/\/www.europesays.com\/se\/wp-json\/wp\/v2\/posts\/82681\/revisions"}],"wp:featuredmedia":[{"embeddable":true,"href":"https:\/\/www.europesays.com\/se\/wp-json\/wp\/v2\/media\/82682"}],"wp:attachment":[{"href":"https:\/\/www.europesays.com\/se\/wp-json\/wp\/v2\/media?parent=82681"}],"wp:term":[{"taxonomy":"category","embeddable":true,"href":"https:\/\/www.europesays.com\/se\/wp-json\/wp\/v2\/categories?post=82681"},{"taxonomy":"post_tag","embeddable":true,"href":"https:\/\/www.europesays.com\/se\/wp-json\/wp\/v2\/tags?post=82681"}],"curies":[{"name":"wp","href":"https:\/\/api.w.org\/{rel}","templated":true}]}}