{"id":82699,"date":"2025-11-17T08:50:08","date_gmt":"2025-11-17T08:50:08","guid":{"rendered":"https:\/\/www.europesays.com\/se\/82699\/"},"modified":"2025-11-17T08:50:08","modified_gmt":"2025-11-17T08:50:08","slug":"apotea-vaxte-langsammare-an-marknaden-i-q3","status":"publish","type":"post","link":"https:\/\/www.europesays.com\/se\/82699\/","title":{"rendered":"Apotea v\u00e4xte l\u00e5ngsammare \u00e4n marknaden i Q3"},"content":{"rendered":"<p>N\u00e4tapoteket Apotea v\u00e4xte l\u00e5ngsammare \u00e4n marknaden under det tredje kvartalet. Det rapporterar Di Digital som h\u00e4nvisar till data fr\u00e5n Postnords E-barometer, som officiellt sl\u00e4pps den 25 november.<\/p>\n<p>            den 17 november 2025 09:32<\/p>\n<p>N\u00e4tf\u00f6rs\u00e4ljningen av apoteksvaror v\u00e4xte enligt den rapporten med 18 procent under det tredje kvartalet, vilket kan j\u00e4mf\u00f6ras med Apoteas tillv\u00e4xt som var 9 procent under kvartalet, skriver Di Digital.<\/p>\n<p>Meds plockade dock marknadsandelar genom att v\u00e4xa snabbare \u00e4n marknaden i stort.<\/p>\n<p>\u201dVi ser en branschglidning mot sk\u00f6nhet och h\u00e4lsa som leder till ett breddat sortiment och st\u00e4rker tillv\u00e4xten totalt. Generellt \u00e4r n\u00e4tapoteken duktiga p\u00e5 logistik, de har n\u00e4stan inga returer, inga internationella konkurrenter och transparenta priser. Jag tror tillv\u00e4xten kommer att forts\u00e4tta\u201d, s\u00e4ger Postnords e-handelsexpert Jan Jakobsson till aff\u00e4rstidningen.<\/p>\n<p>\n                        Prova p\u00e5-Prenumeration\n                    <\/p>\n<p>\n                    F\u00e5 tillg\u00e5ng till allt inneh\u00e5ll p\u00e5 RT-Forum\n                <\/p>\n<p>\n                    Ingen bindningstid eller kortinformation kr\u00e4vs\n                <\/p>\n<p>\n                        G\u00e4ller endast personlig prenumeration.\n                    <\/p>\n<p>                                            <a v-for=\"(project, index) in projects\" v-show=\"index &lt; max || showAll\" v-bind:href=\"'https:\/\/www.projektagenten.se\/project\/' + project.id\" target=\"_blank\" class=\"article-project\"><\/p>\n<p>                                                {{ project.name }}<br \/>\n                                                L\u00e4s om projektet<br \/>\n                                            <\/a><\/p>\n<p>                                                Alla relaterade projekt<\/p>\n","protected":false},"excerpt":{"rendered":"N\u00e4tapoteket Apotea v\u00e4xte l\u00e5ngsammare \u00e4n marknaden under det tredje kvartalet. Det rapporterar Di Digital som h\u00e4nvisar till data&hellip;\n","protected":false},"author":2,"featured_media":82700,"comment_status":"","ping_status":"","sticky":false,"template":"","format":"standard","meta":{"footnotes":""},"categories":[65],"tags":[72,70,71,34,31,33,32,30],"class_list":{"0":"post-82699","1":"post","2":"type-post","3":"status-publish","4":"format-standard","5":"has-post-thumbnail","7":"category-ekonomi","8":"tag-business","9":"tag-economy","10":"tag-ekonomi","11":"tag-se","12":"tag-svenska","13":"tag-sverige","14":"tag-sweden","15":"tag-swedish"},"share_on_mastodon":{"url":"https:\/\/pubeurope.com\/@se\/115564185135420111","error":""},"_links":{"self":[{"href":"https:\/\/www.europesays.com\/se\/wp-json\/wp\/v2\/posts\/82699","targetHints":{"allow":["GET"]}}],"collection":[{"href":"https:\/\/www.europesays.com\/se\/wp-json\/wp\/v2\/posts"}],"about":[{"href":"https:\/\/www.europesays.com\/se\/wp-json\/wp\/v2\/types\/post"}],"author":[{"embeddable":true,"href":"https:\/\/www.europesays.com\/se\/wp-json\/wp\/v2\/users\/2"}],"replies":[{"embeddable":true,"href":"https:\/\/www.europesays.com\/se\/wp-json\/wp\/v2\/comments?post=82699"}],"version-history":[{"count":0,"href":"https:\/\/www.europesays.com\/se\/wp-json\/wp\/v2\/posts\/82699\/revisions"}],"wp:featuredmedia":[{"embeddable":true,"href":"https:\/\/www.europesays.com\/se\/wp-json\/wp\/v2\/media\/82700"}],"wp:attachment":[{"href":"https:\/\/www.europesays.com\/se\/wp-json\/wp\/v2\/media?parent=82699"}],"wp:term":[{"taxonomy":"category","embeddable":true,"href":"https:\/\/www.europesays.com\/se\/wp-json\/wp\/v2\/categories?post=82699"},{"taxonomy":"post_tag","embeddable":true,"href":"https:\/\/www.europesays.com\/se\/wp-json\/wp\/v2\/tags?post=82699"}],"curies":[{"name":"wp","href":"https:\/\/api.w.org\/{rel}","templated":true}]}}