{"id":82710,"date":"2025-11-17T08:58:13","date_gmt":"2025-11-17T08:58:13","guid":{"rendered":"https:\/\/www.europesays.com\/se\/82710\/"},"modified":"2025-11-17T08:58:13","modified_gmt":"2025-11-17T08:58:13","slug":"thomas-betong-ncc-och-uppsalahem-far-arets-miljopris-pa-betonggalan","status":"publish","type":"post","link":"https:\/\/www.europesays.com\/se\/82710\/","title":{"rendered":"Thomas Betong, NCC och Uppsalahem f\u00e5r \u00c5rets Milj\u00f6pris p\u00e5 Betonggalan"},"content":{"rendered":"<p><strong>P\u00e5 Betonggalan i Stockholm har Thomas Betong, NCC och Uppsalahem f\u00e5tt priset \u00c5rets Milj\u00f6pris f\u00f6r bostadsprojektet Takryttaren i Uppsala. Projektet har arbetat f\u00f6r att minska klimatp\u00e5verkan fr\u00e5n betongprodukterna med upp till 60 procent.<\/strong><\/p>\n<p>Takryttaren omfattar 174 hyresl\u00e4genheter, ett LSS-boende och 70 delningsbost\u00e4der. Redan i upphandlingen inf\u00f6rde Uppsalahem en klimatbudget, vilket st\u00e4llde tydliga krav p\u00e5 b\u00e5de entrepren\u00f6r och leverant\u00f6r. F\u00f6r att m\u00f6ta dessa krav har Thomas Betong tagit fram nya betongprodukter med l\u00e5gt CO\u2082-avtryck, samtidigt som konstruktionen anpassats f\u00f6r att anv\u00e4nda mindre material.<\/p>\n<p>I projektet anv\u00e4nds klimatf\u00f6rb\u00e4ttrade produkter som plattb\u00e4rlag i niv\u00e5 5, skalv\u00e4gg i niv\u00e5 6 och fabriksbetong i niv\u00e5 6, niv\u00e5er som \u00e4nnu inte finns med i Svensk Betongs v\u00e4gledning. Detta ger upp till 60 procent l\u00e4gre klimatp\u00e5verkan fr\u00e5n betongprodukterna j\u00e4mf\u00f6rt med branschreferensen.<\/p>\n<p>\u2013 \u201dJag \u00e4r oerh\u00f6rt stolt \u00f6ver vinsten p\u00e5 Betonggalan men precis lika stolt \u00f6ver hur vi arbetar tillsammans i det h\u00e4r projektet. Takryttaren visar att det \u00e4r genom samarbete vi kan n\u00e5 och \u00f6vertr\u00e4ffa klimatm\u00e5len och skapa framtidens h\u00e5llbara byggprojekt\u201d, avslutar Carina Edblad, vd Thomas Betong.<\/p>\n<p><strong>Juryns motivering<\/strong><br \/>\u201dKvarteret Takryttaren utm\u00e4rker sig genom sitt breda h\u00e5llbarhets- och klimatarbete som resulterat i halverad klimatp\u00e5verkan j\u00e4mf\u00f6rt med referensprojekt \u2013 utan \u00f6kade kostnader. Uppsalahem, NCC och Thomas Betong visar vikten av att samverka och jobba med alla delar av projektet f\u00f6r att uppn\u00e5 b\u00e4sta resultat. Projektet genomsyras av mod och innovationslust och blir en inspirerande v\u00e4gvisare f\u00f6r branschen.\u201d<\/p>\n","protected":false},"excerpt":{"rendered":"P\u00e5 Betonggalan i Stockholm har Thomas Betong, NCC och Uppsalahem f\u00e5tt priset \u00c5rets Milj\u00f6pris f\u00f6r bostadsprojektet Takryttaren i&hellip;\n","protected":false},"author":2,"featured_media":82711,"comment_status":"","ping_status":"","sticky":false,"template":"","format":"standard","meta":{"footnotes":""},"categories":[65],"tags":[72,70,71,34,31,33,32,30],"class_list":{"0":"post-82710","1":"post","2":"type-post","3":"status-publish","4":"format-standard","5":"has-post-thumbnail","7":"category-ekonomi","8":"tag-business","9":"tag-economy","10":"tag-ekonomi","11":"tag-se","12":"tag-svenska","13":"tag-sverige","14":"tag-sweden","15":"tag-swedish"},"share_on_mastodon":{"url":"https:\/\/pubeurope.com\/@se\/115564216591293962","error":""},"_links":{"self":[{"href":"https:\/\/www.europesays.com\/se\/wp-json\/wp\/v2\/posts\/82710","targetHints":{"allow":["GET"]}}],"collection":[{"href":"https:\/\/www.europesays.com\/se\/wp-json\/wp\/v2\/posts"}],"about":[{"href":"https:\/\/www.europesays.com\/se\/wp-json\/wp\/v2\/types\/post"}],"author":[{"embeddable":true,"href":"https:\/\/www.europesays.com\/se\/wp-json\/wp\/v2\/users\/2"}],"replies":[{"embeddable":true,"href":"https:\/\/www.europesays.com\/se\/wp-json\/wp\/v2\/comments?post=82710"}],"version-history":[{"count":0,"href":"https:\/\/www.europesays.com\/se\/wp-json\/wp\/v2\/posts\/82710\/revisions"}],"wp:featuredmedia":[{"embeddable":true,"href":"https:\/\/www.europesays.com\/se\/wp-json\/wp\/v2\/media\/82711"}],"wp:attachment":[{"href":"https:\/\/www.europesays.com\/se\/wp-json\/wp\/v2\/media?parent=82710"}],"wp:term":[{"taxonomy":"category","embeddable":true,"href":"https:\/\/www.europesays.com\/se\/wp-json\/wp\/v2\/categories?post=82710"},{"taxonomy":"post_tag","embeddable":true,"href":"https:\/\/www.europesays.com\/se\/wp-json\/wp\/v2\/tags?post=82710"}],"curies":[{"name":"wp","href":"https:\/\/api.w.org\/{rel}","templated":true}]}}