{"id":82712,"date":"2025-11-17T08:59:09","date_gmt":"2025-11-17T08:59:09","guid":{"rendered":"https:\/\/www.europesays.com\/se\/82712\/"},"modified":"2025-11-17T08:59:09","modified_gmt":"2025-11-17T08:59:09","slug":"bengt-g-nilsson-fred-i-vastsahara-efter-50-ar","status":"publish","type":"post","link":"https:\/\/www.europesays.com\/se\/82712\/","title":{"rendered":"Bengt G Nilsson: Fred i V\u00e4stsahara efter 50 \u00e5r"},"content":{"rendered":"<p class=\"has-drop-cap\">\u00c4ntligen, efter 50 \u00e5r, kan nu den sista koloniala surdegen i Afrika f\u00e5 sjunka ihop, om liknelsen till\u00e5ts. FN ger Marocko r\u00e4tt att administrera V\u00e4stsahara, med villkoret att omr\u00e5det ska ges en viss form av autonomi. Hur det ska g\u00e5 med den saken \u00e5terst\u00e5r att se. V\u00e4stsahara \u00e4r ett av v\u00e4rldens mest infekterade konfliktomr\u00e5den.\u00a0<\/p>\n<p>Elva l\u00e4nder r\u00f6stade f\u00f6r resolutionen i s\u00e4kerhetsr\u00e5det den 31 oktober. Inget veto lades in fr\u00e5n n\u00e5gon permanent medlem och d\u00e4rmed var saken klar. Hela proceduren var en avancerad kohandel styrd av USA under president Donald Trump fr\u00e5n 2020. Han erk\u00e4nde Marockos \u00f6verh\u00f6ghet \u00f6ver V\u00e4stsahara p\u00e5 villkor att Marocko etablerade fredliga och diplomatiska f\u00f6rbindelser med Israel. S\u00e5 skedde, de b\u00e5da l\u00e4nderna inledde relationer som efter 7 oktober 2023 har blivit allt mer anstr\u00e4ngda. Men de h\u00e5ller fortfarande och som bel\u00f6ning f\u00e5r nu allts\u00e5 Marocko r\u00e4tten att styra V\u00e4stsahara.\u00a0\u00a0\u00a0\u00a0\u00a0<\/p>\n<p>V\u00e4stsahara var l\u00e4nge en spansk koloni men annekterades av Marocko 1975. Allt sedan dess har omr\u00e5det utgjort en st\u00f6testen f\u00f6r fredliga relationer mellan Marocko och Algeriet, som suktar efter m\u00f6jligheten att f\u00e5 tillg\u00e5ng till hamnar vid Atlanten. V\u00e4stsahara \u00e4r ocks\u00e5 mycket rikt p\u00e5 fosfat som bland annat ing\u00e5r i konstg\u00f6dsel av olika slag. F\u00f6r att komma \u00e5t b\u00e5de hamnar och fosfat beslutade Algeriet tidigt att st\u00f6dja den v\u00e4stsahariska motst\u00e5ndsfronten Polisario, som sedan 1975 har f\u00f6rt en fruktl\u00f6s kamp mot det marockanska styret.<\/p>\n<p>Det finns m\u00e5nga intressanta likheter mellan V\u00e4stsahara och Palestina, mellan Polisario och PLO. En betydande del av \u00f6kenlandets befolkning tog sin tillflykt till Algeriet d\u00e4r de inrymdes i tr\u00f6stl\u00f6sa flyktingl\u00e4ger i staden Tindouf. D\u00e4r har de tvingats stanna sedan dess, i praktiken ett slags gisslan f\u00f6r att pressa omv\u00e4rlden till en l\u00f6sning till Polisarios f\u00f6rdel.\u00a0<\/p>\n<p>Flyktingarna i Tindouf f\u00f6rv\u00e4gras algeriskt medborgarskap, de kan i b\u00e4sta fall f\u00e5 ett slags provisoriskt pass som m\u00f6jligg\u00f6r resor till l\u00e4nder som erk\u00e4nt Polisario, men de saknar medborgerliga r\u00e4ttigheter i Algeriet. Notera de stora likheterna med Palestinafr\u00e5gan.\u00a0<\/p>\n<p>De har under hela sin existens i flyktingl\u00e4gren varit beroende av n\u00f6dhj\u00e4lp, d\u00e4r EU med tiden blev den viktigaste bidragaren. Otaliga skandaler har avsl\u00f6jats n\u00e4r det har uppdagats att de donerade ransonerna inte har st\u00e4mt med det uppgivna antalet mottagare i l\u00e4gren.\u00a0<\/p>\n<p>Det m\u00e5ste betraktas som en skam f\u00f6r v\u00e4rldssamfundet att Algeriet under s\u00e5 l\u00e5ng tid har till\u00e5tits hantera flyktingarna p\u00e5 det h\u00e4r s\u00e4ttet. Omv\u00e4rlden, bland annat Sverige, har med br\u00f6sttoner f\u00f6rsvarat Polisarios p\u00e5st\u00e5dda r\u00e4ttigheter utan att vilja se de grova manipulationerna fr\u00e5n Algeriets sida.\u00a0<\/p>\n<p>Som alltid i s\u00e5dana h\u00e4r l\u00e4gen hoppas man p\u00e5 en \u00f6kad klarsyn hos dem som tror att alla \u201dmotst\u00e5ndsr\u00f6relser\u201d automatiskt f\u00f6rtj\u00e4nar st\u00f6d. Men det \u00e4r kanske ett f\u00e5f\u00e4ngt hopp. <\/p>\n","protected":false},"excerpt":{"rendered":"\u00c4ntligen, efter 50 \u00e5r, kan nu den sista koloniala surdegen i Afrika f\u00e5 sjunka ihop, om liknelsen till\u00e5ts.&hellip;\n","protected":false},"author":2,"featured_media":82713,"comment_status":"","ping_status":"","sticky":false,"template":"","format":"standard","meta":{"footnotes":""},"categories":[14],"tags":[22,23,26,27,17,21,24,25,28,29,15,16,123,2149,8049,369,18,34,31,33,32,30,19,20,51,8050,52,53,54],"class_list":{"0":"post-82712","1":"post","2":"type-post","3":"status-publish","4":"format-standard","5":"has-post-thumbnail","7":"category-varlden","8":"tag-breaking-news","9":"tag-breakingnews","10":"tag-featured-news","11":"tag-featurednews","12":"tag-headlines","13":"tag-huvudnyheter","14":"tag-latest-news","15":"tag-latestnews","16":"tag-main-news","17":"tag-mainnews","18":"tag-news","19":"tag-nyheter","20":"tag-palestina","21":"tag-plo","22":"tag-polisario","23":"tag-politik","24":"tag-rubriker","25":"tag-se","26":"tag-svenska","27":"tag-sverige","28":"tag-sweden","29":"tag-swedish","30":"tag-top-stories","31":"tag-topstories","32":"tag-varlden","33":"tag-vastsahara","34":"tag-world","35":"tag-world-news","36":"tag-worldnews"},"share_on_mastodon":{"url":"https:\/\/pubeurope.com\/@se\/115564220458171447","error":""},"_links":{"self":[{"href":"https:\/\/www.europesays.com\/se\/wp-json\/wp\/v2\/posts\/82712","targetHints":{"allow":["GET"]}}],"collection":[{"href":"https:\/\/www.europesays.com\/se\/wp-json\/wp\/v2\/posts"}],"about":[{"href":"https:\/\/www.europesays.com\/se\/wp-json\/wp\/v2\/types\/post"}],"author":[{"embeddable":true,"href":"https:\/\/www.europesays.com\/se\/wp-json\/wp\/v2\/users\/2"}],"replies":[{"embeddable":true,"href":"https:\/\/www.europesays.com\/se\/wp-json\/wp\/v2\/comments?post=82712"}],"version-history":[{"count":0,"href":"https:\/\/www.europesays.com\/se\/wp-json\/wp\/v2\/posts\/82712\/revisions"}],"wp:featuredmedia":[{"embeddable":true,"href":"https:\/\/www.europesays.com\/se\/wp-json\/wp\/v2\/media\/82713"}],"wp:attachment":[{"href":"https:\/\/www.europesays.com\/se\/wp-json\/wp\/v2\/media?parent=82712"}],"wp:term":[{"taxonomy":"category","embeddable":true,"href":"https:\/\/www.europesays.com\/se\/wp-json\/wp\/v2\/categories?post=82712"},{"taxonomy":"post_tag","embeddable":true,"href":"https:\/\/www.europesays.com\/se\/wp-json\/wp\/v2\/tags?post=82712"}],"curies":[{"name":"wp","href":"https:\/\/api.w.org\/{rel}","templated":true}]}}