{"id":82715,"date":"2025-11-17T09:03:08","date_gmt":"2025-11-17T09:03:08","guid":{"rendered":"https:\/\/www.europesays.com\/se\/82715\/"},"modified":"2025-11-17T09:03:08","modified_gmt":"2025-11-17T09:03:08","slug":"uppgifter-nyckelbacken-nara-nytt-avtal","status":"publish","type":"post","link":"https:\/\/www.europesays.com\/se\/82715\/","title":{"rendered":"Uppgifter: Nyckelbacken n\u00e4ra nytt avtal"},"content":{"rendered":"<p><strong>Calle Sj\u00e4lin ser ut att bli kvar i R\u00f6gle.<br \/>Enligt <a href=\"https:\/\/www.expressen.se\/sport\/hockey\/shl\/calle-sjalin-nara-en-forlangning-i-rogle\/\" rel=\"nofollow noopener\" target=\"_blank\">Expressen<\/a> \u00e4r parterna n\u00e4ra att enas om ett nytt avtal.<\/strong><\/p>\n<p><img loading=\"lazy\" decoding=\"async\" width=\"1024\" height=\"658\" src=\"https:\/\/www.europesays.com\/se\/wp-content\/uploads\/2025\/11\/251115SM041-1024x658.webp.webp\" alt=\"\" class=\"wp-image-326674\"  \/>Calle Sj\u00e4lin.<br \/><strong>Foto: <\/strong>Suvad Mrkonjic\/Bildbyr\u00e5n<\/p>\n<p><a href=\"https:\/\/hockeysverige.se\/klubb\/rogle-bk\/\" rel=\"nofollow noopener\" target=\"_blank\">R\u00f6gle<\/a> ser ut att s\u00e4kra upp ytterligare en viktig pusselbit p\u00e5 backsidan till n\u00e4sta s\u00e4song.<\/p>\n<p>Efter att <a href=\"https:\/\/hockeysverige.se\/shl\/filip-johansson-stannar-i-rogle-och-shl\/\" rel=\"nofollow noopener\" target=\"_blank\">Filip Johansson f\u00f6rl\u00e4ngt sitt kontrakt<\/a> med klubben under f\u00f6rra veckan rapporterar Expressen nu att R\u00f6gle och Calle Sj\u00e4lin \u00e4r n\u00e4ra att enas om ett nytt avtal.<\/p>\n<p>Uppgifterna kommer en m\u00e5nad efter att Sj\u00e4lin i en <a href=\"https:\/\/www.hd.se\/2025-10-16\/succebackens-drivkraft-vill-verkligen-ge-det-en-chans-till\/?utm_content=buffer2e2ba&amp;utm_medium=HD_Sporten&amp;utm_source=tw&amp;utm_campaign=bfr\" rel=\"nofollow noopener\" target=\"_blank\">intervju med Helsingborgs Dagblad<\/a> ber\u00e4ttat att det <a href=\"https:\/\/hockeysverige.se\/shl\/calle-sjalin-svaret-om-framtiden-vill-fortfarande-vidare\/\" rel=\"nofollow noopener\" target=\"_blank\">inte p\u00e5gick n\u00e5gra samtal mellan parterna<\/a> om en forts\u00e4ttning d\u00e5 hans kontrakt l\u00f6per ut efter s\u00e4songen. Enligt Expressen har diskussionerna nu tagit ordentlig fart och ska allts\u00e5, enligt en k\u00e4lla, vara n\u00e4ra att g\u00e5 i hamn.<\/p>\n<p>Vill tillbaka till Nordamerika<\/p>\n<p>I intervjun med Helsingborgs Dagblad ber\u00e4ttade Sj\u00e4lin att hans m\u00e5l fortfarande \u00e4r att ta sig tillbaka till Nordamerika, d\u00e4r han spenderade tv\u00e5 s\u00e4songer mellan 2022 och 2024. Ett nytt avtal med R\u00f6gle skulle p\u00e5 intet s\u00e4tt hindra 26-\u00e5ringen fr\u00e5n att kunna ta klivet tillbaka om chansen skulle dyka upp, d\u00e5 alla <a href=\"https:\/\/hockeysverige.se\/shl\/\" rel=\"nofollow noopener\" target=\"_blank\">SHL<\/a>-spelare har m\u00f6jlighet att l\u00e4mna f\u00f6r att skriva NHL-kontrakt fram till mitten av juni.<\/p>\n<p>Den h\u00e4r s\u00e4songen har Sj\u00e4lin producerat 13 po\u00e4ng (2+11) p\u00e5 20 matcher f\u00f6r tabelltv\u00e5an R\u00f6gle.<\/p>\n<p> Source: <a href=\"https:\/\/www.eliteprospects.com\/player\/266116\/calle-sjalin\" target=\"_blank\" rel=\"noopener noreferrer nofollow\">Calle Sj\u00e4lin<\/a> @ Elite Prospects<\/p>\n","protected":false},"excerpt":{"rendered":"Calle Sj\u00e4lin ser ut att bli kvar i R\u00f6gle.Enligt Expressen \u00e4r parterna n\u00e4ra att enas om ett nytt&hellip;\n","protected":false},"author":2,"featured_media":82716,"comment_status":"","ping_status":"","sticky":false,"template":"","format":"standard","meta":{"footnotes":""},"categories":[68],"tags":[34,133,134,111,110,31,33,32,30],"class_list":{"0":"post-82715","1":"post","2":"type-post","3":"status-publish","4":"format-standard","5":"has-post-thumbnail","7":"category-sport","8":"tag-se","9":"tag-second-news","10":"tag-shl","11":"tag-sport","12":"tag-sports","13":"tag-svenska","14":"tag-sverige","15":"tag-sweden","16":"tag-swedish"},"share_on_mastodon":{"url":"https:\/\/pubeurope.com\/@se\/115564236430706422","error":""},"_links":{"self":[{"href":"https:\/\/www.europesays.com\/se\/wp-json\/wp\/v2\/posts\/82715","targetHints":{"allow":["GET"]}}],"collection":[{"href":"https:\/\/www.europesays.com\/se\/wp-json\/wp\/v2\/posts"}],"about":[{"href":"https:\/\/www.europesays.com\/se\/wp-json\/wp\/v2\/types\/post"}],"author":[{"embeddable":true,"href":"https:\/\/www.europesays.com\/se\/wp-json\/wp\/v2\/users\/2"}],"replies":[{"embeddable":true,"href":"https:\/\/www.europesays.com\/se\/wp-json\/wp\/v2\/comments?post=82715"}],"version-history":[{"count":0,"href":"https:\/\/www.europesays.com\/se\/wp-json\/wp\/v2\/posts\/82715\/revisions"}],"wp:featuredmedia":[{"embeddable":true,"href":"https:\/\/www.europesays.com\/se\/wp-json\/wp\/v2\/media\/82716"}],"wp:attachment":[{"href":"https:\/\/www.europesays.com\/se\/wp-json\/wp\/v2\/media?parent=82715"}],"wp:term":[{"taxonomy":"category","embeddable":true,"href":"https:\/\/www.europesays.com\/se\/wp-json\/wp\/v2\/categories?post=82715"},{"taxonomy":"post_tag","embeddable":true,"href":"https:\/\/www.europesays.com\/se\/wp-json\/wp\/v2\/tags?post=82715"}],"curies":[{"name":"wp","href":"https:\/\/api.w.org\/{rel}","templated":true}]}}