{"id":82726,"date":"2025-11-17T09:12:42","date_gmt":"2025-11-17T09:12:42","guid":{"rendered":"https:\/\/www.europesays.com\/se\/82726\/"},"modified":"2025-11-17T09:12:42","modified_gmt":"2025-11-17T09:12:42","slug":"sky-sports-damsatsning-pa-tiktok-tas-bort-efter-tre-dagar-sexistiskt","status":"publish","type":"post","link":"https:\/\/www.europesays.com\/se\/82726\/","title":{"rendered":"Sky Sports damsatsning p\u00e5 Tiktok tas bort efter tre dagar: \u201dSexistiskt\u201d"},"content":{"rendered":"<p>Sky Sports tar bort alla inl\u00e4gg fr\u00e5n ett nyskapat konto p\u00e5 Tiktok som syftade till att n\u00e5 unga kvinnor och tjejer efter bara tre dagar, rapporterar flera medier. Kanalen kallade projektet, \u201dHalo\u201d, f\u00f6r \u201dSky Sports lillsyrra\u201d och m\u00f6ttes direkt av kritik fr\u00e5n anv\u00e4ndare som menade att inneh\u00e5llet var nedl\u00e5tande och sexistiskt. <\/p>\n<p>Klippen inneh\u00f6ll bland annat rosa hj\u00e4rtan, Labubu-dockor och Barbiedockor och refererade till matcha-te och \u201dhot girl walks\u201d. Anv\u00e4ndare noterade ocks\u00e5 att fem av de elva f\u00f6rsta klippen p\u00e5 kontot handlade om manliga idrottare. <\/p>\n<p>I ett uttalande skriver kanalen att deras ambition var att skapa inneh\u00e5ll f\u00f6r nya unga kvinnliga fans. <\/p>\n<p>\u201dDet blev inte bra\u201d, st\u00e5r det i uttalandet. <\/p>\n<p>Omni \u00e4r politiskt obundna och oberoende. Vi str\u00e4var efter att ge fler perspektiv p\u00e5 nyheterna. Har du fr\u00e5gor eller synpunkter kring v\u00e5r rapportering? <a href=\"https:\/\/omni.se\/sky-sports-damsatsning-pa-tiktok-tas-bort-efter-tre-dagar-sexistiskt\/a\/mailto:redaktion@omni.se\" class=\"ArticleActions_contactLink__W2F1M\" rel=\"nofollow noopener\" target=\"_blank\">Kontakta redaktionen<\/a><\/p>\n","protected":false},"excerpt":{"rendered":"Sky Sports tar bort alla inl\u00e4gg fr\u00e5n ett nyskapat konto p\u00e5 Tiktok som syftade till att n\u00e5 unga&hellip;\n","protected":false},"author":2,"featured_media":82727,"comment_status":"","ping_status":"","sticky":false,"template":"","format":"standard","meta":{"footnotes":""},"categories":[67],"tags":[104,732,34,31,33,32,30,3614,105],"class_list":{"0":"post-82726","1":"post","2":"type-post","3":"status-publish","4":"format-standard","5":"has-post-thumbnail","7":"category-underhallning","8":"tag-entertainment","9":"tag-media-reklam","10":"tag-se","11":"tag-svenska","12":"tag-sverige","13":"tag-sweden","14":"tag-swedish","15":"tag-tiktok","16":"tag-underhallning"},"share_on_mastodon":{"url":"https:\/\/pubeurope.com\/@se\/115564271608925038","error":""},"_links":{"self":[{"href":"https:\/\/www.europesays.com\/se\/wp-json\/wp\/v2\/posts\/82726","targetHints":{"allow":["GET"]}}],"collection":[{"href":"https:\/\/www.europesays.com\/se\/wp-json\/wp\/v2\/posts"}],"about":[{"href":"https:\/\/www.europesays.com\/se\/wp-json\/wp\/v2\/types\/post"}],"author":[{"embeddable":true,"href":"https:\/\/www.europesays.com\/se\/wp-json\/wp\/v2\/users\/2"}],"replies":[{"embeddable":true,"href":"https:\/\/www.europesays.com\/se\/wp-json\/wp\/v2\/comments?post=82726"}],"version-history":[{"count":0,"href":"https:\/\/www.europesays.com\/se\/wp-json\/wp\/v2\/posts\/82726\/revisions"}],"wp:featuredmedia":[{"embeddable":true,"href":"https:\/\/www.europesays.com\/se\/wp-json\/wp\/v2\/media\/82727"}],"wp:attachment":[{"href":"https:\/\/www.europesays.com\/se\/wp-json\/wp\/v2\/media?parent=82726"}],"wp:term":[{"taxonomy":"category","embeddable":true,"href":"https:\/\/www.europesays.com\/se\/wp-json\/wp\/v2\/categories?post=82726"},{"taxonomy":"post_tag","embeddable":true,"href":"https:\/\/www.europesays.com\/se\/wp-json\/wp\/v2\/tags?post=82726"}],"curies":[{"name":"wp","href":"https:\/\/api.w.org\/{rel}","templated":true}]}}