{"id":82733,"date":"2025-11-17T09:19:15","date_gmt":"2025-11-17T09:19:15","guid":{"rendered":"https:\/\/www.europesays.com\/se\/82733\/"},"modified":"2025-11-17T09:19:15","modified_gmt":"2025-11-17T09:19:15","slug":"kim-hellberg-pa-vag-att-gora-klart-med-middlesbrough","status":"publish","type":"post","link":"https:\/\/www.europesays.com\/se\/82733\/","title":{"rendered":"Kim Hellberg p\u00e5 v\u00e4g att g\u00f6ra klart med Middlesbrough"},"content":{"rendered":"<p>Publicerad 17 nov 2025 kl 09.14Uppdaterad kl 09.44<\/p>\n<p>Kim Hellberg \u00e4r p\u00e5 v\u00e4g att l\u00e4mna Hammarby.<\/p>\n<p>P\u00e5 m\u00e5ndagsmorgonen rapporterade <a href=\"https:\/\/www.fotbollskanalen.se\/allsvenskan\/avslojar-hellberg-valjer-pl-aktuell-klubb-nara-lamna-bajen\/\" rel=\"nofollow noopener\" target=\"_blank\">Fotbollskanalen<\/a> att succ\u00e9tr\u00e4naren \u00e4r p\u00e5 v\u00e4g till Middlesbrough.\u00a0<\/p>\n<p>Enligt Expressens k\u00e4llor v\u00e4ntas succ\u00e9tr\u00e4naren g\u00f6ra klart med klubben under m\u00e5ndagen \u2013 s\u00e5 till vida inget ov\u00e4ntat intr\u00e4ffar.\u00a0<\/p>\n<p>Parterna ska vara \u00f6verens om ett kontrakt \u2013 och d\u00e4rmed nobbas Swansea.<\/p>\n<p><img   alt=\"\"\/><\/p>\n<p>Kim Hellberg.<\/p>\n<p>Foto: CHRISTIAN \u00d6RNBERG \/ BILDBYR\u00c5N<\/p>\n<p>\u00d6ppna bild i helsk\u00e4rmArtikeln i korthet<\/p>\n<p>\u00a0Kim Hellberg v\u00e4ntas l\u00e4mna Hammarby f\u00f6r Middlesbrough efter tv\u00e5 s\u00e4songer i klubben.<br \/> Hellberg har jagats av Swansea, men nu f\u00e5r klubben fr\u00e5n Wales nobben. <br \/> Nu f\u00e5r Hammarby inleda jakten p\u00e5 en ny tr\u00e4nare. B\u00e5de Fredrik Holmberg och Kalle Karlsson \u00e4r av intresse f\u00f6r klubben.\u00a0<\/p>\n<p>Visa mer<\/p>\n<p>Kim Hellberg har varit tr\u00e4naren p\u00e5 allas l\u00e4ppar den senaste veckan. I f\u00f6rra veckan <a href=\"https:\/\/www.expressen.se\/sport\/fotboll\/allsvenskan\/kim-hellberg-i-england-for-att-traffa-swansea-\/\" rel=\"nofollow noopener\" target=\"_blank\">avsl\u00f6jade Expressen<\/a> att han var Swanseas huvudkandidat och att parterna tr\u00e4ffats.<\/p>\n<p>Hammarby-tr\u00e4naren och Swansea har diskuterat personliga villkor och flera m\u00f6ten \u00e4gde rum med klubbens CEO Tom Gorringe i London \u2013 dock utan att man skrivit p\u00e5 n\u00e5got.<\/p>\n<p>Men Hellberg har haft flera alternativ under sin turn\u00e9 p\u00e5 de brittiska \u00f6arna, och svensken har bland annat tr\u00e4ffat Championship-tv\u00e5an Middlesbrough.<\/p>\n<p>V\u00e4ntas g\u00f6ra klart i dag<\/p>\n<p>Enligt uppgifter till Expressen ser Hellberg ut att tacka nej till Swansea och i st\u00e4llet flytta till Middlesbrough. <a href=\"https:\/\/www.fotbollskanalen.se\/allsvenskan\/avslojar-hellberg-valjer-pl-aktuell-klubb-nara-lamna-bajen\/\" rel=\"nofollow noopener\" target=\"_blank\">Fotbollskanalen<\/a> rapporterade f\u00f6rst att \u201dBoro\u201d klivit om Swansea i jakten.<\/p>\n<p>Flera k\u00e4llor uppger att Kim Hellberg \u00e4r p\u00e5 plats i Middlesbrough d\u00e4r han v\u00e4ntas skriva p\u00e5 f\u00f6r klubben under m\u00e5ndagen \u2013 s\u00e5 till vida inget ov\u00e4ntat intr\u00e4ffar mellan parterna.<\/p>\n<p>Svensken \u00e4r \u00f6verens om ett fler\u00e5rskontrakt med \u201dBoro\u201d som jagar en direktplats till Premier League n\u00e4sta s\u00e4song. Ett av sk\u00e4len till att Hellberg f\u00f6redragit Middlesbrough \u00e4r att klubben st\u00e5r b\u00e4ttre rustat inf\u00f6r framtiden och att man st\u00e5r redo att satsa.<\/p>\n<p>Ingenting \u00e4r p\u00e5skrivet \u00e4nnu, men 37-\u00e5ringen v\u00e4ntas allts\u00e5 skriva p\u00e5 f\u00f6r Middlesbrough antingen i dag eller i b\u00f6rjan av denna vecka.<\/p>\n<p>Bajen beh\u00f6ver ers\u00e4tta<\/p>\n<p>Samtidigt betyder det att Hammarby ska ut p\u00e5 tr\u00e4narjakt. D\u00e4r <a href=\"https:\/\/www.expressen.se\/sport\/fotboll\/allsvenskan\/holmberg-och-karlsson-ar-bajens-huvudspar-om-hellberg-lamnar\/\" rel=\"nofollow noopener\" target=\"_blank\">avsl\u00f6jade Expressen i f\u00f6rra veckan att V\u00e4ster\u00e5s Kalle Karlsson \u00e4r huvudsp\u00e5ret <\/a>\u2013 men att man \u00e4ven diskuterat Fidde Holmberg fr\u00e5n Gais internt, d\u00e4r man h\u00e5ller hans namn h\u00f6gt.<\/p>\n<p>Enligt uppgifter till Expressen ska Karlsson ligga gott till i processen, \u00e4ven om Bajen inte gjort klart med n\u00e5gon \u00e4n och d\u00e4r man \u00e4ven v\u00e4ntas samtala med en del andra tr\u00e4nare.<\/p>\n<p>Kalle Karlssons kontrakt med VSK l\u00f6per ut i vinter och managern har \u00e4ven haft kontakt med AIK som visat konkret intresse, erfar Expressen.<\/p>\n","protected":false},"excerpt":{"rendered":"Publicerad 17 nov 2025 kl 09.14Uppdaterad kl 09.44 Kim Hellberg \u00e4r p\u00e5 v\u00e4g att l\u00e4mna Hammarby. P\u00e5 m\u00e5ndagsmorgonen&hellip;\n","protected":false},"author":2,"featured_media":82734,"comment_status":"","ping_status":"","sticky":false,"template":"","format":"standard","meta":{"footnotes":""},"categories":[68],"tags":[738,34,130,129,111,110,31,33,32,30],"class_list":{"0":"post-82733","1":"post","2":"type-post","3":"status-publish","4":"format-standard","5":"has-post-thumbnail","7":"category-sport","8":"tag-organization-hammarby-if","9":"tag-se","10":"tag-sections-allsvenskan","11":"tag-sections-fotboll","12":"tag-sport","13":"tag-sports","14":"tag-svenska","15":"tag-sverige","16":"tag-sweden","17":"tag-swedish"},"share_on_mastodon":{"url":"https:\/\/pubeurope.com\/@se\/115564299230644109","error":""},"_links":{"self":[{"href":"https:\/\/www.europesays.com\/se\/wp-json\/wp\/v2\/posts\/82733","targetHints":{"allow":["GET"]}}],"collection":[{"href":"https:\/\/www.europesays.com\/se\/wp-json\/wp\/v2\/posts"}],"about":[{"href":"https:\/\/www.europesays.com\/se\/wp-json\/wp\/v2\/types\/post"}],"author":[{"embeddable":true,"href":"https:\/\/www.europesays.com\/se\/wp-json\/wp\/v2\/users\/2"}],"replies":[{"embeddable":true,"href":"https:\/\/www.europesays.com\/se\/wp-json\/wp\/v2\/comments?post=82733"}],"version-history":[{"count":0,"href":"https:\/\/www.europesays.com\/se\/wp-json\/wp\/v2\/posts\/82733\/revisions"}],"wp:featuredmedia":[{"embeddable":true,"href":"https:\/\/www.europesays.com\/se\/wp-json\/wp\/v2\/media\/82734"}],"wp:attachment":[{"href":"https:\/\/www.europesays.com\/se\/wp-json\/wp\/v2\/media?parent=82733"}],"wp:term":[{"taxonomy":"category","embeddable":true,"href":"https:\/\/www.europesays.com\/se\/wp-json\/wp\/v2\/categories?post=82733"},{"taxonomy":"post_tag","embeddable":true,"href":"https:\/\/www.europesays.com\/se\/wp-json\/wp\/v2\/tags?post=82733"}],"curies":[{"name":"wp","href":"https:\/\/api.w.org\/{rel}","templated":true}]}}