{"id":82742,"date":"2025-11-17T09:28:11","date_gmt":"2025-11-17T09:28:11","guid":{"rendered":"https:\/\/www.europesays.com\/se\/82742\/"},"modified":"2025-11-17T09:28:11","modified_gmt":"2025-11-17T09:28:11","slug":"veckans-lag-8-borjar-nastan-bli-lojligt","status":"publish","type":"post","link":"https:\/\/www.europesays.com\/se\/82742\/","title":{"rendered":"Veckans lag #8: &#8221;B\u00f6rjar n\u00e4stan bli l\u00f6jligt&#8221;"},"content":{"rendered":"<p><strong>En ny SHL-vecka \u00e4r f\u00e4rdigspelad. D\u00e4rf\u00f6r plockar M\u00e5ns Karlsson ut s\u00e4songens \u00e5ttonde \u201dVeckans lag\u201d i\u00a0<a href=\"https:\/\/hockeysverige.se\/shl\/\" rel=\"nofollow noopener\" target=\"_blank\">SHL<\/a>.<\/strong><\/p>\n<ul class=\"wp-block-list\">\n<li><strong>\u201dN\u00f6dl\u00f6sningarnas n\u00f6dl\u00f6sning\u201d<\/strong><\/li>\n<li><strong>Levererar \u2013 efter svaga h\u00f6sten.<\/strong><\/li>\n<li><strong>\u201dS\u00e5g honom p\u00e5 plats \u2013 imponerades stort\u201d<\/strong><\/li>\n<li><strong>\u201dF\u00f6r\u00e4lskade mig i honom redan p\u00e5 f\u00f6rs\u00e4songen\u201d<\/strong><\/li>\n<li><strong>Har stj\u00e4rnv\u00e4rvningen kommit ig\u00e5ng nu?<\/strong><\/li>\n<li><strong>Han har gjort en fj\u00e4rdedel (!) av lagets m\u00e5l.<\/strong><\/li>\n<\/ul>\n<p>M\u00e5lvakt<\/p>\n<p>Strauss Mann, Skellefte\u00e5 (3)<\/p>\n<p>Det b\u00f6rjar n\u00e4stan bli l\u00f6jligt nu. <a href=\"https:\/\/hockeysverige.se\/spelare\/strauss-mann\/\" rel=\"nofollow noopener\" target=\"_blank\">Strauss Mann<\/a> har st\u00e5tt 16 matcher och h\u00e5llit nollan i sju av dem. Den g\u00e5ngna veckan h\u00f6ll han nollan i b\u00e5da matcherna, n\u00e4r <a href=\"https:\/\/hockeysverige.se\/klubb\/skelleftea-aik\/\" rel=\"nofollow noopener\" target=\"_blank\">Skellefte\u00e5<\/a> besegrade b\u00e5de <a href=\"https:\/\/hockeysverige.se\/klubb\/timra-ik\/\" rel=\"nofollow noopener\" target=\"_blank\">Timr\u00e5<\/a> och <a href=\"https:\/\/hockeysverige.se\/klubb\/djurgardens-if-hockey\/\" rel=\"nofollow noopener\" target=\"_blank\">Djurg\u00e5rden<\/a>.<\/p>\n<p>Skellefte\u00e5 har en sansl\u00f6s f\u00f6rm\u00e5ga att alltid lyckas f\u00e5 ett m\u00e5lvaktsspel i toppklass. Oavsett vem de st\u00e4ller i kassen blir det succ\u00e9, typ. Till och med nu n\u00e4r man plockar in n\u00f6dl\u00f6sningarnas n\u00f6dl\u00f6sning f\u00e5r man ligans b\u00e4ste m\u00e5lvakt. N\u00e5got som inte minst syns p\u00e5 faktumet att Mann nu kommer med i veckans lag f\u00f6r tredje g\u00e5ngen.<\/p>\n<p>Ingen annan m\u00e5lvakt har kommit med mer \u00e4n en g\u00e5ng. <\/p>\n<p> Source: <a href=\"https:\/\/www.eliteprospects.com\/player\/288166\/strauss-mann\" target=\"_blank\" rel=\"noopener noreferrer nofollow\">Strauss Mann<\/a> @ Elite Prospects<\/p>\n<p>Backar<\/p>\n<p>Robin Salo, Malm\u00f6 <\/p>\n<p>Jag har varit lite skeptisk till Robin Salos s\u00e4songsinledning, och verkligen f\u00e5tt k\u00e4nslan att det nog var Lassi Thomson som drog <a href=\"https:\/\/hockeysverige.se\/spelare\/robin-salo\/\" rel=\"nofollow noopener\" target=\"_blank\">Robin Salo<\/a> fram\u00e5t f\u00f6rra s\u00e4songen. Den h\u00e4r h\u00f6sten har Salo inte alls varit n\u00e4ra att h\u00e5lla den niv\u00e5 han l\u00e5g p\u00e5 i <a href=\"https:\/\/hockeysverige.se\/klubb\/orebro-hockey\/\" rel=\"nofollow noopener\" target=\"_blank\">\u00d6rebro<\/a> f\u00f6r n\u00e5gra \u00e5r sedan eller Malm\u00f6tr\u00f6jan ifjol.<\/p>\n<p>Men nu har Salo funnit kemi med Seth Barton. Den duon bildar ett starkt f\u00f6rsta backpar som <a href=\"https:\/\/hockeysverige.se\/klubb\/malmo-redhawks\/\" rel=\"nofollow noopener\" target=\"_blank\">Malm\u00f6<\/a> lutar sig mot v\u00e4ldigt mycket. Salo spelade tredje mest av alla spelare den g\u00e5ngna veckan. Han tackade f\u00f6r f\u00f6rtroendet genom att g\u00f6ra tre po\u00e4ng (2+1) och vara +4 n\u00e4r Malm\u00f6 tog ytterligare tv\u00e5 segrar. <\/p>\n<p>Totalt har den finske toppbacken gjort po\u00e4ng i fyra raka matcher.<\/p>\n<p> Source: <a href=\"https:\/\/www.eliteprospects.com\/player\/197821\/robin-salo\" target=\"_blank\" rel=\"noopener noreferrer nofollow\">Robin Salo<\/a> @ Elite Prospects<\/p>\n<p>Seth Barton, Malm\u00f6<\/p>\n<p>Jag s\u00e5g Malm\u00f6 p\u00e5 plats mot <a href=\"https:\/\/hockeysverige.se\/klubb\/brynas-if\/\" rel=\"nofollow noopener\" target=\"_blank\">Bryn\u00e4s<\/a> i torsdags och m\u00e5ste s\u00e4ga att jag imponerades stort av den h\u00e4r killen. Jag har inte direkt n\u00e4rstuderat Barton under h\u00f6sten, men av det jag sett har jag k\u00e4nt att han inte \u00e4r s\u00e5 mycket mer \u00e4n en breddback i den h\u00e4r ligan. Men n\u00e4r jag nu sett honom live \u00e4r jag beredd att mjukna lite i mitt omd\u00f6me f\u00f6r kanadensaren. Jag gillade verkligen vad jag s\u00e5g av kanadensaren, som bildar ligans hetaste backpar tillsammans med Salo. <\/p>\n<p>Veckan som gick gjorde Seth Barton en po\u00e4ng, men levererade ocks\u00e5 +6. Han var inne p\u00e5 sex m\u00e5l fram\u00e5t under Malm\u00f6s tv\u00e5 segermatcher, men inte ett enda m\u00e5l bak\u00e5t.<\/p>\n<p> Source: <a href=\"https:\/\/www.eliteprospects.com\/player\/299929\/seth-barton\" target=\"_blank\" rel=\"noopener noreferrer nofollow\">Seth Barton<\/a> @ Elite Prospects<\/p>\n<p>Forwards<\/p>\n<p>Oliver Okuliar, Skellefte\u00e5<\/p>\n<p>Jag f\u00f6r\u00e4lskade mig i Oliver Okuliar redan under f\u00f6rs\u00e4songen och s\u00e5g framf\u00f6r mig att han skulle vara en spelare i absolut toppklass i SHL. Jag trodde han skulle vara en spelare som l\u00e5g runt en po\u00e4ng per match. Riktigt d\u00e4r \u00e4r han inte, men han har verkligen hittat po\u00e4ngformen nu p\u00e5 slutet, med sex po\u00e4ng sina fem senaste, fem po\u00e4ng de tre senaste och fyra po\u00e4ng de tv\u00e5 senaste.<\/p>\n<p>Okuliar slog till med 2+2 n\u00e4r Skellefte\u00e5 gick totalt 9-0 under veckans tv\u00e5 matcher, och trendar just nu mot 37 po\u00e4ng (21+16). Inte po\u00e4ng per match \u2013 men ett nyf\u00f6rv\u00e4rv som snuddar p\u00e5 40 po\u00e4ng under sin debuts\u00e4song i ligan m\u00e5ste kort och gott ben\u00e4mnas som en succ\u00e9v\u00e4rvning.<\/p>\n<p>Och k\u00e4nslan \u00e4r att Okuliar bara kommer \u00f6ka sin produktionstakt h\u00e4rifr\u00e5n och fram\u00e5t. Han har hittat r\u00e4tt, nu.<\/p>\n<p> Source: <a href=\"https:\/\/www.eliteprospects.com\/player\/331879\/oliver-okuliar\" target=\"_blank\" rel=\"noopener noreferrer nofollow\">Oliver Okuliar<\/a> @ Elite Prospects<\/p>\n<p>Lukas Rousek, HV71<\/p>\n<p>Om man tycker Oliver Okuliar haft en tr\u00f6g produktionsh\u00f6st \u00e4r det ingenting mot den h\u00f6st den h\u00e4r killen haft. <a href=\"https:\/\/hockeysverige.se\/klubb\/hv71\/\" rel=\"nofollow noopener\" target=\"_blank\">HV71<\/a>:s tjeckiske, tillt\u00e4nkta, stj\u00e4rnv\u00e4rvning hade inf\u00f6r veckan bara gjort 0+5 p\u00e5 18 matcher. Ett direkt uselt facit sett till den stora roll han v\u00e4rvades f\u00f6r \u2013 men ocks\u00e5 sett till den roll han faktiskt f\u00e5tt.<\/p>\n<p>Trots den svaga h\u00f6sten matchades Rousek f\u00f6rra veckan som f\u00f6rstacenter mellan Riley Woods och Aleksi Heponiemi, och det verkar ha gjort susen. Tjecken gjorde n\u00e4mligen 1+3 p\u00e5 veckans tv\u00e5 nyckelmatcher, och f\u00f6rdubblade n\u00e4st intill sin po\u00e4ngsk\u00f6rd f\u00f6r hela s\u00e4songen. Och till sist gjorde han allts\u00e5 sitt f\u00f6rsta m\u00e5l f\u00f6r s\u00e4songen, ocks\u00e5.<\/p>\n<p>HV71 har fyra segrar p\u00e5 sina fem senaste matcher. Om man nu dessutom p\u00e5 allvar f\u00e5tt ig\u00e5ng sin tillt\u00e4nkta spetsforward, ja d\u00e5 kanske det finns hopp om att kl\u00e4ttra i tabellen.<\/p>\n<p> Source: <a href=\"https:\/\/www.eliteprospects.com\/player\/236358\/lukas-rousek\" target=\"_blank\" rel=\"noopener noreferrer nofollow\">Lukas Rousek<\/a> @ Elite Prospects<\/p>\n<p>Robin Kovacs, Link\u00f6ping (2)<\/p>\n<p>Vad skulle <a href=\"https:\/\/hockeysverige.se\/klubb\/linkoping-hc\/\" rel=\"nofollow noopener\" target=\"_blank\">Link\u00f6ping<\/a> vara utan <a href=\"https:\/\/hockeysverige.se\/spelare\/robin-kovacs\/\" rel=\"nofollow noopener\" target=\"_blank\">Robin Kovacs<\/a>? De ligger n\u00e4st sist trots att Kovacs sm\u00e4llt in elva m\u00e5l, vilket ger en andraplats i skytteligan. Och d\u00e5 ska vi komma ih\u00e5g att Link\u00f6ping som lag bara gjort 44 m\u00e5l. Han g\u00f6r allts\u00e5 var fj\u00e4rde (!) m\u00e5l som Cluben g\u00f6r i SHL. Det \u00e4r faktiskt helt galet.<\/p>\n<p>Precis som flera andra bottenlag hade Link\u00f6ping en stark vecka, med tv\u00e5 raka segrar. Och Kovacs var som vanligt den som ledde offensiven, med 2+1 i 6-1-segern mot Leksand. En riktig m\u00e5stematch enligt Link\u00f6ping sj\u00e4lva, d\u00e4r Kovacs var dominant p\u00e5 isen. En match som i slut\u00e4ndan kan visa sig vara otroligt viktig i kampen om att undvika kvalspel.<\/p>\n<p>Kovacs blir den f\u00f6rsta forwarden f\u00f6rutom Oscar Lindberg att komma med i veckans lag mer \u00e4n en g\u00e5ng.<\/p>\n<p> Source: <a href=\"https:\/\/www.eliteprospects.com\/player\/85693\/robin-kovacs\" target=\"_blank\" rel=\"noopener noreferrer nofollow\">Robin Kov\u00e1cs<\/a> @ Elite Prospects<\/p>\n","protected":false},"excerpt":{"rendered":"En ny SHL-vecka \u00e4r f\u00e4rdigspelad. D\u00e4rf\u00f6r plockar M\u00e5ns Karlsson ut s\u00e4songens \u00e5ttonde \u201dVeckans lag\u201d i\u00a0SHL. \u201dN\u00f6dl\u00f6sningarnas n\u00f6dl\u00f6sning\u201d Levererar&hellip;\n","protected":false},"author":2,"featured_media":82743,"comment_status":"","ping_status":"","sticky":false,"template":"","format":"standard","meta":{"footnotes":""},"categories":[68],"tags":[34,111,110,31,33,32,30,379],"class_list":{"0":"post-82742","1":"post","2":"type-post","3":"status-publish","4":"format-standard","5":"has-post-thumbnail","7":"category-sport","8":"tag-se","9":"tag-sport","10":"tag-sports","11":"tag-svenska","12":"tag-sverige","13":"tag-sweden","14":"tag-swedish","15":"tag-top-article"},"share_on_mastodon":{"url":"https:\/\/pubeurope.com\/@se\/115564334466926836","error":""},"_links":{"self":[{"href":"https:\/\/www.europesays.com\/se\/wp-json\/wp\/v2\/posts\/82742","targetHints":{"allow":["GET"]}}],"collection":[{"href":"https:\/\/www.europesays.com\/se\/wp-json\/wp\/v2\/posts"}],"about":[{"href":"https:\/\/www.europesays.com\/se\/wp-json\/wp\/v2\/types\/post"}],"author":[{"embeddable":true,"href":"https:\/\/www.europesays.com\/se\/wp-json\/wp\/v2\/users\/2"}],"replies":[{"embeddable":true,"href":"https:\/\/www.europesays.com\/se\/wp-json\/wp\/v2\/comments?post=82742"}],"version-history":[{"count":0,"href":"https:\/\/www.europesays.com\/se\/wp-json\/wp\/v2\/posts\/82742\/revisions"}],"wp:featuredmedia":[{"embeddable":true,"href":"https:\/\/www.europesays.com\/se\/wp-json\/wp\/v2\/media\/82743"}],"wp:attachment":[{"href":"https:\/\/www.europesays.com\/se\/wp-json\/wp\/v2\/media?parent=82742"}],"wp:term":[{"taxonomy":"category","embeddable":true,"href":"https:\/\/www.europesays.com\/se\/wp-json\/wp\/v2\/categories?post=82742"},{"taxonomy":"post_tag","embeddable":true,"href":"https:\/\/www.europesays.com\/se\/wp-json\/wp\/v2\/tags?post=82742"}],"curies":[{"name":"wp","href":"https:\/\/api.w.org\/{rel}","templated":true}]}}