{"id":8275,"date":"2025-08-19T03:57:17","date_gmt":"2025-08-19T03:57:17","guid":{"rendered":"https:\/\/www.europesays.com\/se\/8275\/"},"modified":"2025-08-19T03:57:17","modified_gmt":"2025-08-19T03:57:17","slug":"styrelseledamot-i-saab-fangad-i-dumpens-falla","status":"publish","type":"post","link":"https:\/\/www.europesays.com\/se\/8275\/","title":{"rendered":"Styrelseledamot i Saab f\u00e5ngad i Dumpens f\u00e4lla"},"content":{"rendered":"<p>Publicerad 18 aug 2025 kl 14.20Uppdaterad kl 14.50<\/p>\n<p>En facklig styrelserepresentant p\u00e5 Saab har konfronterats av Dumpen efter att ha sexchattat och st\u00e4mt tr\u00e4ff med vad han trodde var en 14-\u00e5rig flicka.<\/p>\n<p>Nyheter, reportage och analyser i Sverige och i \u00f6vriga v\u00e4rlden.<img   alt=\"\"\/><\/p>\n<p>En facktopp har konfronterats av Dumpen efter att ha sexchattat med vad han trodde vad en 14-\u00e5rig flicka. Genrebild.<\/p>\n<p>Foto: Fredrik Sandberg \/ TT NYHETSBYR\u00c5N<\/p>\n<p><img loading=\"lazy\"   alt=\"\"\/><\/p>\n<p>Saab.<\/p>\n<p>Foto: Jeppe Gustafsson\/Shutterstock \/ TT NYHETSBYR\u00c5N<\/p>\n<p>I juli tog mannen i 50-\u00e5rs\u00e5ldern kontakt p\u00e5 n\u00e4tet med en fiktiv flicka som skapats av <a href=\"https:\/\/www.expressen.se\/tagg\/organization\/dumpen\/\" class=\"\" rel=\"nofollow noopener\" target=\"_blank\">Dumpens<\/a> medarbetare.<\/p>\n<p>Han inledde en l\u00e5ng, allt mer sexuellt inriktad chatt med \u201dflickan\u201d, som skrev till honom att hon var 14 \u00e5r.\u00a0<\/p>\n<p>Han skickade bland annat flera bilder p\u00e5 sig sj\u00e4lv och AI-genererade k\u00e4rlekss\u00e5nger.<\/p>\n<p>De st\u00e4mde tr\u00e4ff p\u00e5 en j\u00e4rnv\u00e4gsstation.<\/p>\n<p>\u201dInte ofta jag g\u00e5r p\u00e5 dejt med en s\u00e5 s\u00f6t tjej\u201d, skrev han, och tillade att han l\u00e4ngtade tills hon hade fyllt 15.<\/p>\n<p>\u201dJag vill k\u00e4nna hur det k\u00e4nns att \u00e4lska med dig\u201d, skrev mannen och la till en hj\u00e4rt-emoji.<\/p>\n<p>P\u00e5 deras f\u00f6rsta dejt kunde de \u201dpussas och gosa\u201d, tyckte han.<\/p>\n<p>Satt i styrelsen\u00a0<\/p>\n<p>P\u00e5 perrongen blev han konfronterad och filmad av Dumpens ansvariga utgivare Sara Nilsson.<\/p>\n<p>\u2013 Det h\u00e4r \u00e4r en fullvuxen man p\u00e5 ansvarsposition som skrattar bort att han har sexchattat med vad han trodde var ett barn. Han b\u00f6r prata om det h\u00e4r och f\u00f6rklara hur han har t\u00e4nkt. Det \u00e4r han som har tagit kontakt med v\u00e5rt fiktiva barn, f\u00f6r att sexchatta, och det \u00e4r absolut inte okej, s\u00e4ger Sara Nilsson.\u00a0<\/p>\n<p>Mannen har sedan 2008 varit facklig styrelseledamot p\u00e5 Saab, med en \u00e5rlig oms\u00e4ttning p\u00e5 tiotals miljarder kronor. Uppdraget upph\u00f6rde i fredags.<\/p>\n<p>\u201dVi \u00e4r medvetna om h\u00e4ndelsen. Personen i fr\u00e5ga valde att sj\u00e4lv kontakta oss f\u00f6r att informera om l\u00e4get och ombads d\u00e5 att omedelbart l\u00e4mna sin plats som arbetstagarrepresentant i styrelsen vilket personen ocks\u00e5 gjorde. D\u00e4rf\u00f6r finns han nu inte l\u00e4ngre listad som arbetstagarrepresentant i styrelsen p\u00e5 v\u00e5r hemsida. Vi tar kraftfullt avst\u00e5nd fr\u00e5n alla former av kr\u00e4nkningar eller \u00f6vergrepp mot barn och jobbar mycket systematiskt och engagerat med fr\u00e5gor som r\u00f6r m\u00e4nskliga r\u00e4ttigheter s\u00e5v\u00e4l i Sverige som i andra l\u00e4nder\u201d, skriver Mattias R\u00e5dstr\u00f6m, presschef p\u00e5 Saab, i ett mejl.<\/p>\n<p>Fram till nyligen var mannen ocks\u00e5 regional ordf\u00f6rande i ett fackf\u00f6rbund.<\/p>\n<p>600 har konfronterats \u2013 omstridd metod<\/p>\n<p>Pedofilj\u00e4garsajten Dumpen \u00e4gnar sig \u00e5t att gillra f\u00e4llor f\u00f6r vuxna som vill ha sexuell kontakt med barn. Oftast \u00e4r det genom att l\u00e5tsas vara barn som Dumpen f\u00e5r kontakt med personer som har ett sexuellt intresse f\u00f6r barn. De best\u00e4mmer tr\u00e4ff, varp\u00e5 personerna konfronteras och h\u00e4ngs ut p\u00e5 Dumpens sajt.<\/p>\n<p>Hittills har \u00f6ver 600 personer konfronterats.<\/p>\n<p>Metoden \u00e4r omstridd. Kritikerna pekar p\u00e5 att flera av de konfronterade personerna tagit sina liv och att deras anh\u00f6riga kan drabbas av of\u00f6rtj\u00e4nt social skam.<\/p>\n<p>Expressen har s\u00f6kt den konfronterade mannen.<\/p>\n","protected":false},"excerpt":{"rendered":"Publicerad 18 aug 2025 kl 14.20Uppdaterad kl 14.50 En facklig styrelserepresentant p\u00e5 Saab har konfronterats av Dumpen efter&hellip;\n","protected":false},"author":2,"featured_media":8276,"comment_status":"","ping_status":"","sticky":false,"template":"","format":"standard","meta":{"footnotes":""},"categories":[5],"tags":[22,23,26,27,17,21,24,25,28,29,15,16,1241,18,34,154,31,33,32,30,19,1242,20],"class_list":{"0":"post-8275","1":"post","2":"type-post","3":"status-publish","4":"format-standard","5":"has-post-thumbnail","7":"category-rubriker","8":"tag-breaking-news","9":"tag-breakingnews","10":"tag-featured-news","11":"tag-featurednews","12":"tag-headlines","13":"tag-huvudnyheter","14":"tag-latest-news","15":"tag-latestnews","16":"tag-main-news","17":"tag-mainnews","18":"tag-news","19":"tag-nyheter","20":"tag-organization-dumpen","21":"tag-rubriker","22":"tag-se","23":"tag-sections-sverige","24":"tag-svenska","25":"tag-sverige","26":"tag-sweden","27":"tag-swedish","28":"tag-top-stories","29":"tag-topic-sexualbrott","30":"tag-topstories"},"share_on_mastodon":{"url":"","error":""},"_links":{"self":[{"href":"https:\/\/www.europesays.com\/se\/wp-json\/wp\/v2\/posts\/8275","targetHints":{"allow":["GET"]}}],"collection":[{"href":"https:\/\/www.europesays.com\/se\/wp-json\/wp\/v2\/posts"}],"about":[{"href":"https:\/\/www.europesays.com\/se\/wp-json\/wp\/v2\/types\/post"}],"author":[{"embeddable":true,"href":"https:\/\/www.europesays.com\/se\/wp-json\/wp\/v2\/users\/2"}],"replies":[{"embeddable":true,"href":"https:\/\/www.europesays.com\/se\/wp-json\/wp\/v2\/comments?post=8275"}],"version-history":[{"count":0,"href":"https:\/\/www.europesays.com\/se\/wp-json\/wp\/v2\/posts\/8275\/revisions"}],"wp:featuredmedia":[{"embeddable":true,"href":"https:\/\/www.europesays.com\/se\/wp-json\/wp\/v2\/media\/8276"}],"wp:attachment":[{"href":"https:\/\/www.europesays.com\/se\/wp-json\/wp\/v2\/media?parent=8275"}],"wp:term":[{"taxonomy":"category","embeddable":true,"href":"https:\/\/www.europesays.com\/se\/wp-json\/wp\/v2\/categories?post=8275"},{"taxonomy":"post_tag","embeddable":true,"href":"https:\/\/www.europesays.com\/se\/wp-json\/wp\/v2\/tags?post=8275"}],"curies":[{"name":"wp","href":"https:\/\/api.w.org\/{rel}","templated":true}]}}