{"id":82799,"date":"2025-11-17T10:24:09","date_gmt":"2025-11-17T10:24:09","guid":{"rendered":"https:\/\/www.europesays.com\/se\/82799\/"},"modified":"2025-11-17T10:24:09","modified_gmt":"2025-11-17T10:24:09","slug":"uppgifter-adrian-kempe-skriver-monsterkontrakt-med-la-kings-nhl","status":"publish","type":"post","link":"https:\/\/www.europesays.com\/se\/82799\/","title":{"rendered":"Uppgifter: Adrian Kempe skriver monsterkontrakt med LA Kings | NHL"},"content":{"rendered":"<p>Publicerad 17 nov 2025 kl 07.26Uppdaterad kl 09.42<\/p>\n<p>Monsterf\u00f6rl\u00e4ngningen ser ut att vara ett faktum.<\/p>\n<p>Adrian Kempe, 29, stannar i LA Kings p\u00e5 ett kontrakt v\u00e4rt 800 miljoner kronor, enligt ESPN.<\/p>\n<p><img loading=\"lazy\"   alt=\"\"\/><\/p>\n<p>Adrian Kempe blir bel\u00f6nad av LA Kings.<\/p>\n<p>Foto: USA TODAY NETWORK \/ CHARLES LECLAIRE<\/p>\n<p>\u00d6ppna bild i helsk\u00e4rm<img loading=\"lazy\"   alt=\"\"\/><\/p>\n<p>Tre Kronor-stj\u00e4rnans nya kontrakt uppges vara klart.<\/p>\n<p>Foto: JOEL MARKLUND \/ BILDBYR\u00c5N<\/p>\n<p>\u00d6ppna bild i helsk\u00e4rm<img loading=\"lazy\"   alt=\"\"\/><\/p>\n<p>Adrian Kempe.<\/p>\n<p>Foto: JOEL MARKLUND \/ BILDBYR\u00c5N<\/p>\n<p>\u00d6ppna bild i helsk\u00e4rm<\/p>\n<p>Adrian Kempe har inlett NHL-s\u00e4songen starkt \u2013 med 19 po\u00e4ng p\u00e5 19 matcher.<\/p>\n<p>Han har d\u00e4rtill varit LA Kings b\u00e4ste po\u00e4ngg\u00f6rare under de tv\u00e5 g\u00e5ngna s\u00e4songerna.<\/p>\n<p>F\u00f6r detta blir han rikligt bel\u00f6nad.<\/p>\n<p>Enligt k\u00e4llor till <a href=\"https:\/\/www.espn.com\/nhl\/story\/_\/id\/46991982\/sources-adrian-kempe-kings-agree-8-year-85m-contract\" rel=\"nofollow noopener\" target=\"_blank\">ESPN<\/a> har svensken skrivit p\u00e5 ett riktigt monsterkontrakt med Kalifornienklubben.<\/p>\n<p>800 miljoner \u2013 trots s\u00e4nkt l\u00f6neanspr\u00e5k<\/p>\n<p>Kontraktet ska enligt uppgifterna vara v\u00e4rt 10,625 miljoner dollar \u00e5rligen \u2013 och str\u00e4cka sig \u00f6ver \u00e5tta s\u00e4songer.<\/p>\n<p>Det motsvarar ett totalt v\u00e4rde p\u00e5 omkring 800 miljoner svenska kronor.<\/p>\n<p>Adrian Kempe har tillh\u00f6rt LA Kings \u00e4nda sedan han blev draftad 2014. Enligt ESPN ska svensken till och med ha s\u00e4nkt sitt l\u00f6neanspr\u00e5k n\u00e5got i f\u00f6rhandlingarna med klubben, som en signal p\u00e5 att han verkligen vill stanna.<\/p>\n<p><a href=\"https:\/\/www.expressen.se\/tagg\/organization\/los-angeles-kings\/\" class=\"\" rel=\"nofollow noopener\" target=\"_blank\">Los Angeles Kings<\/a> toppar \u201dPacific Division\u201d av \u00e5rets NHL efter 19 spelade matcher.<\/p>\n","protected":false},"excerpt":{"rendered":"Publicerad 17 nov 2025 kl 07.26Uppdaterad kl 09.42 Monsterf\u00f6rl\u00e4ngningen ser ut att vara ett faktum. Adrian Kempe, 29,&hellip;\n","protected":false},"author":2,"featured_media":82800,"comment_status":"","ping_status":"","sticky":false,"template":"","format":"standard","meta":{"footnotes":""},"categories":[68],"tags":[4987,8055,34,255,256,111,110,31,33,32,30],"class_list":{"0":"post-82799","1":"post","2":"type-post","3":"status-publish","4":"format-standard","5":"has-post-thumbnail","7":"category-sport","8":"tag-organization-los-angeles-kings","9":"tag-person-adrian-kempe","10":"tag-se","11":"tag-sections-ishockey","12":"tag-sections-nhl","13":"tag-sport","14":"tag-sports","15":"tag-svenska","16":"tag-sverige","17":"tag-sweden","18":"tag-swedish"},"share_on_mastodon":{"url":"https:\/\/pubeurope.com\/@se\/115564554707300349","error":""},"_links":{"self":[{"href":"https:\/\/www.europesays.com\/se\/wp-json\/wp\/v2\/posts\/82799","targetHints":{"allow":["GET"]}}],"collection":[{"href":"https:\/\/www.europesays.com\/se\/wp-json\/wp\/v2\/posts"}],"about":[{"href":"https:\/\/www.europesays.com\/se\/wp-json\/wp\/v2\/types\/post"}],"author":[{"embeddable":true,"href":"https:\/\/www.europesays.com\/se\/wp-json\/wp\/v2\/users\/2"}],"replies":[{"embeddable":true,"href":"https:\/\/www.europesays.com\/se\/wp-json\/wp\/v2\/comments?post=82799"}],"version-history":[{"count":0,"href":"https:\/\/www.europesays.com\/se\/wp-json\/wp\/v2\/posts\/82799\/revisions"}],"wp:featuredmedia":[{"embeddable":true,"href":"https:\/\/www.europesays.com\/se\/wp-json\/wp\/v2\/media\/82800"}],"wp:attachment":[{"href":"https:\/\/www.europesays.com\/se\/wp-json\/wp\/v2\/media?parent=82799"}],"wp:term":[{"taxonomy":"category","embeddable":true,"href":"https:\/\/www.europesays.com\/se\/wp-json\/wp\/v2\/categories?post=82799"},{"taxonomy":"post_tag","embeddable":true,"href":"https:\/\/www.europesays.com\/se\/wp-json\/wp\/v2\/tags?post=82799"}],"curies":[{"name":"wp","href":"https:\/\/api.w.org\/{rel}","templated":true}]}}