{"id":82892,"date":"2025-11-17T11:44:08","date_gmt":"2025-11-17T11:44:08","guid":{"rendered":"https:\/\/www.europesays.com\/se\/82892\/"},"modified":"2025-11-17T11:44:08","modified_gmt":"2025-11-17T11:44:08","slug":"david-selini-vantas-bli-hellbergs-assistent-i-middlesbrough-allsvenskan","status":"publish","type":"post","link":"https:\/\/www.europesays.com\/se\/82892\/","title":{"rendered":"David Selini v\u00e4ntas bli Hellbergs assistent i Middlesbrough | Allsvenskan"},"content":{"rendered":"<p>Publicerad 17 nov 2025 kl 12.00<\/p>\n<p>Kim Hellberg v\u00e4ntas ta \u00f6ver Middlesbrough inom kort, erfar Expressen.<\/p>\n<p>Enligt initierade uppgifter till Expressen har Championship-klubben f\u00f6rhandlat med Hammarby om David Selini \u2013 som v\u00e4ntas bli Hellbergs assistent i \u201dBoro\u201d.<\/p>\n<p>Duon kan presenteras den n\u00e4rmsta veckan om inget ov\u00e4ntat intr\u00e4ffar.<\/p>\n<p><img   alt=\"\"\/> <\/p>\n<p>Foto: ANDREAS L ERIKSSON \/ BILDBYR\u00c5N<\/p>\n<p>\u00d6ppna bild i helsk\u00e4rm<\/p>\n<p>Kim Hellberg kommer inom kort att skriva p\u00e5 f\u00f6r Middlesbrough i Championship. Tidigare under m\u00e5ndagen <a href=\"https:\/\/www.expressen.se\/sport\/fotboll\/allsvenskan\/kim-hellberg-pa-vag-att-gora-klart-med-middlesbrough\/\" rel=\"nofollow noopener\" target=\"_blank\">rapporterade Expressen <\/a>att svensken v\u00e4ntas skriva p\u00e5 f\u00f6r \u201dBoro\u201d i n\u00e4rtid.<\/p>\n<p>\u00c4ven Fotbollskanalen rapporterade om flytten, och enligt uppgifter till Expressen \u00e4r Hellberg \u00f6verens om ett fler\u00e5rskontrakt med Middlesbrough. D\u00e4rmed f\u00e5r Swansea nobben.<\/p>\n<p>En vital fr\u00e5ga f\u00f6r Hellberg i samtalen har varit vilka personer som ska ing\u00e5 i svenskens ledarstab. I IFK V\u00e4rnamo och Hammarby ackompanjerades Hellberg av David Selini.<\/p>\n<p>F\u00f6rhandlar om Selini<\/p>\n<p>Enligt initierade k\u00e4llor till Expressen f\u00f6rhandlar Middlesbrough med Hammarby om Selini och fr\u00e5n Hellbergs sida har det varit ett krav att han ska f\u00e5 ta med sig Selini till \u201dBoro\u201d.<\/p>\n<p>Flera k\u00e4llor som Expressen har varit i kontakt med uppger att mycket talar f\u00f6r att Hammarby och Middlesbrough kommer \u00f6verens om Selini och att han sedermera blir Hellbergs assistent i Championship-klubben.<\/p>\n<p>Att Hellberg och Selini l\u00e4mnar Hammarby inneb\u00e4r att Stockholmsklubben beh\u00f6ver ge sig ut p\u00e5 tr\u00e4narjakt \u2013 och d\u00e4r har <a href=\"https:\/\/www.expressen.se\/sport\/fotboll\/allsvenskan\/holmberg-och-karlsson-ar-bajens-huvudspar-om-hellberg-lamnar\/\" rel=\"nofollow noopener\" target=\"_blank\">Expressen<\/a> tidigare avsl\u00f6jat att Kalle Karlsson i VSK \u00e4r ett av huvudsp\u00e5ren tillsammans med Gais Fidde Holmberg som \u00e4ven han n\u00e4mnts internt.<\/p>\n","protected":false},"excerpt":{"rendered":"Publicerad 17 nov 2025 kl 12.00 Kim Hellberg v\u00e4ntas ta \u00f6ver Middlesbrough inom kort, erfar Expressen. Enligt initierade&hellip;\n","protected":false},"author":2,"featured_media":82893,"comment_status":"","ping_status":"","sticky":false,"template":"","format":"standard","meta":{"footnotes":""},"categories":[5],"tags":[22,23,26,27,17,21,24,25,28,29,15,16,18,34,130,129,31,33,32,30,19,20],"class_list":{"0":"post-82892","1":"post","2":"type-post","3":"status-publish","4":"format-standard","5":"has-post-thumbnail","7":"category-rubriker","8":"tag-breaking-news","9":"tag-breakingnews","10":"tag-featured-news","11":"tag-featurednews","12":"tag-headlines","13":"tag-huvudnyheter","14":"tag-latest-news","15":"tag-latestnews","16":"tag-main-news","17":"tag-mainnews","18":"tag-news","19":"tag-nyheter","20":"tag-rubriker","21":"tag-se","22":"tag-sections-allsvenskan","23":"tag-sections-fotboll","24":"tag-svenska","25":"tag-sverige","26":"tag-sweden","27":"tag-swedish","28":"tag-top-stories","29":"tag-topstories"},"share_on_mastodon":{"url":"https:\/\/pubeurope.com\/@se\/115564869166967780","error":""},"_links":{"self":[{"href":"https:\/\/www.europesays.com\/se\/wp-json\/wp\/v2\/posts\/82892","targetHints":{"allow":["GET"]}}],"collection":[{"href":"https:\/\/www.europesays.com\/se\/wp-json\/wp\/v2\/posts"}],"about":[{"href":"https:\/\/www.europesays.com\/se\/wp-json\/wp\/v2\/types\/post"}],"author":[{"embeddable":true,"href":"https:\/\/www.europesays.com\/se\/wp-json\/wp\/v2\/users\/2"}],"replies":[{"embeddable":true,"href":"https:\/\/www.europesays.com\/se\/wp-json\/wp\/v2\/comments?post=82892"}],"version-history":[{"count":0,"href":"https:\/\/www.europesays.com\/se\/wp-json\/wp\/v2\/posts\/82892\/revisions"}],"wp:featuredmedia":[{"embeddable":true,"href":"https:\/\/www.europesays.com\/se\/wp-json\/wp\/v2\/media\/82893"}],"wp:attachment":[{"href":"https:\/\/www.europesays.com\/se\/wp-json\/wp\/v2\/media?parent=82892"}],"wp:term":[{"taxonomy":"category","embeddable":true,"href":"https:\/\/www.europesays.com\/se\/wp-json\/wp\/v2\/categories?post=82892"},{"taxonomy":"post_tag","embeddable":true,"href":"https:\/\/www.europesays.com\/se\/wp-json\/wp\/v2\/tags?post=82892"}],"curies":[{"name":"wp","href":"https:\/\/api.w.org\/{rel}","templated":true}]}}