{"id":82904,"date":"2025-11-17T11:54:10","date_gmt":"2025-11-17T11:54:10","guid":{"rendered":"https:\/\/www.europesays.com\/se\/82904\/"},"modified":"2025-11-17T11:54:10","modified_gmt":"2025-11-17T11:54:10","slug":"orebro-nara-att-sno-stjarnbacken-fran-shl-konkurrenten-shl","status":"publish","type":"post","link":"https:\/\/www.europesays.com\/se\/82904\/","title":{"rendered":"\u00d6rebro n\u00e4ra att sno stj\u00e4rnbacken fr\u00e5n SHL-konkurrenten | SHL"},"content":{"rendered":"<p>Publicerad 17 nov 2025 kl 12.12Uppdaterad kl 12.51<\/p>\n<p>\u00d6rebro \u00e4r p\u00e5 v\u00e4g att v\u00e4rva stj\u00e4rnbacken Robin Salo, vilket <a href=\"https:\/\/www.na.se\/2025-11-17\/bomben-backstjarnan-nara-orebro-hockey\/\" rel=\"nofollow noopener\" target=\"_blank\">Nerikes Allehanda<\/a> var f\u00f6rst med att rapportera om.<\/p>\n<p>Enligt Expressens uppgifter har \u00d6rebro erbjudit ett saftigt bud som trumfar det Malm\u00f6 erbjudit.<\/p>\n<p>\u2013\u00a0Vi f\u00e5r se, s\u00e4ger Robin Salo sj\u00e4lv.<\/p>\n<p><img   alt=\"\"\/><\/p>\n<p>Robin Salo.<\/p>\n<p>Foto: ARON BROMAN \/ BILDBYR\u00c5N<\/p>\n<p>\u00d6ppna bild i helsk\u00e4rm<\/p>\n<p>B\u00e5de \u00d6rebro och Malm\u00f6 befinner sig p\u00e5 den nedre halvan av tabellen i SHL, men redan nu \u00e4r \u00d6rebro p\u00e5 v\u00e4g att f\u00f6rst\u00e4rka laget till n\u00e4sta s\u00e4song.<\/p>\n<p>Det handlar om den finl\u00e4ndske stj\u00e4rnbacken Robin Salo, 27, som gjorde succ\u00e9 i just \u00d6rebro f\u00f6r fem \u00e5r sedan.<\/p>\n<p>I l\u00f6rdags gjorde han tv\u00e5 m\u00e5l n\u00e4r Malm\u00f6 besegrade \u00d6rebro med 5\u20130 och mycket talar nu f\u00f6r att han n\u00e4sta s\u00e4song spelar i \u00d6rebro igen.<\/p>\n<p><a href=\"https:\/\/www.na.se\/2025-11-17\/bomben-backstjarnan-nara-orebro-hockey\/\" rel=\"nofollow noopener\" target=\"_blank\">Nerikes Allehanda<\/a> avsl\u00f6jade p\u00e5 m\u00e5ndagen att Salo i det n\u00e4rmaste \u00e4r klar f\u00f6r en s\u00e5dan flytt.<\/p>\n<p>Saftiga erbjudandet<\/p>\n<p>Enligt v\u00e5ra uppgifter har b\u00e5da klubbarna kommit med bud. Det som erbjudits fr\u00e5n Malm\u00f6 \u00e4r runt 240 000 euro (drygt 2,6 miljoner kronor) netto per s\u00e4song. \u00d6rebro har i sin tur lagt fram en \u00e4nnu h\u00f6gre summa, runt 280 000 euro netto per s\u00e4song, f\u00f6r att locka \u00f6ver Salo.<\/p>\n<p>Salo var kryptisk n\u00e4r han fick fr\u00e5gor om en eventuell \u00e5terkomst till N\u00e4rke efter matchen i l\u00f6rdags.<\/p>\n<p>\u2013 Det \u00e4r rykten s\u00e5 klart. Vi f\u00e5r se. Jag fokuserar p\u00e5 en match i taget s\u00e5 f\u00e5r vi se sen. Jag har ingen kommentar p\u00e5 det.<\/p>\n<p>Salo har spelat de tv\u00e5 senaste s\u00e4songerna i <a href=\"https:\/\/www.expressen.se\/tagg\/organization\/malmo-redhawks\/\" class=\"\" rel=\"nofollow noopener\" target=\"_blank\">Malm\u00f6 Redhawks<\/a> efter att ha gjort tre s\u00e4songer i Nordamerika. Han representerade Finland i hockey-VM i v\u00e5ras.<\/p>\n","protected":false},"excerpt":{"rendered":"Publicerad 17 nov 2025 kl 12.12Uppdaterad kl 12.51 \u00d6rebro \u00e4r p\u00e5 v\u00e4g att v\u00e4rva stj\u00e4rnbacken Robin Salo, vilket&hellip;\n","protected":false},"author":2,"featured_media":82905,"comment_status":"","ping_status":"","sticky":false,"template":"","format":"standard","meta":{"footnotes":""},"categories":[68],"tags":[2735,2559,1179,34,255,823,111,110,31,33,32,30],"class_list":{"0":"post-82904","1":"post","2":"type-post","3":"status-publish","4":"format-standard","5":"has-post-thumbnail","7":"category-sport","8":"tag-organization-malmo-redhawks","9":"tag-organization-orebro-hockey","10":"tag-organization-shl","11":"tag-se","12":"tag-sections-ishockey","13":"tag-sections-shl","14":"tag-sport","15":"tag-sports","16":"tag-svenska","17":"tag-sverige","18":"tag-sweden","19":"tag-swedish"},"share_on_mastodon":{"url":"https:\/\/pubeurope.com\/@se\/115564908788731513","error":""},"_links":{"self":[{"href":"https:\/\/www.europesays.com\/se\/wp-json\/wp\/v2\/posts\/82904","targetHints":{"allow":["GET"]}}],"collection":[{"href":"https:\/\/www.europesays.com\/se\/wp-json\/wp\/v2\/posts"}],"about":[{"href":"https:\/\/www.europesays.com\/se\/wp-json\/wp\/v2\/types\/post"}],"author":[{"embeddable":true,"href":"https:\/\/www.europesays.com\/se\/wp-json\/wp\/v2\/users\/2"}],"replies":[{"embeddable":true,"href":"https:\/\/www.europesays.com\/se\/wp-json\/wp\/v2\/comments?post=82904"}],"version-history":[{"count":0,"href":"https:\/\/www.europesays.com\/se\/wp-json\/wp\/v2\/posts\/82904\/revisions"}],"wp:featuredmedia":[{"embeddable":true,"href":"https:\/\/www.europesays.com\/se\/wp-json\/wp\/v2\/media\/82905"}],"wp:attachment":[{"href":"https:\/\/www.europesays.com\/se\/wp-json\/wp\/v2\/media?parent=82904"}],"wp:term":[{"taxonomy":"category","embeddable":true,"href":"https:\/\/www.europesays.com\/se\/wp-json\/wp\/v2\/categories?post=82904"},{"taxonomy":"post_tag","embeddable":true,"href":"https:\/\/www.europesays.com\/se\/wp-json\/wp\/v2\/tags?post=82904"}],"curies":[{"name":"wp","href":"https:\/\/api.w.org\/{rel}","templated":true}]}}