{"id":82914,"date":"2025-11-17T11:59:09","date_gmt":"2025-11-17T11:59:09","guid":{"rendered":"https:\/\/www.europesays.com\/se\/82914\/"},"modified":"2025-11-17T11:59:09","modified_gmt":"2025-11-17T11:59:09","slug":"svensk-strategi-mot-antimikrobiell-resistens-2026-2035","status":"publish","type":"post","link":"https:\/\/www.europesays.com\/se\/82914\/","title":{"rendered":"Svensk strategi mot antimikrobiell resistens 2026-2035"},"content":{"rendered":"<p class=\"ingress has-wordExplanation\">&#13;<br \/>\n                                &#13;<br \/>\nDenna strategi har ett 10-\u00e5rigt perspektiv f\u00f6r att ge olika akt\u00f6rer f\u00f6ruts\u00e4ttningar att arbeta l\u00e5ngsiktigt med fr\u00e5gor som kan bidra till att genomf\u00f6ra visionen \u201dEtt samh\u00e4lle d\u00e4r tillg\u00e5ngen till antimikrobiell behandling bevaras genom sektors\u00f6vergripande och sektorsspecifika insatser f\u00f6r att f\u00f6rebygga infektioner och begr\u00e4nsa resistenta mikroorganismers uppkomst, spridning och konsekvenser.\u201d.&#13;\n                            <\/p>\n","protected":false},"excerpt":{"rendered":"&#13; &#13; Denna strategi har ett 10-\u00e5rigt perspektiv f\u00f6r att ge olika akt\u00f6rer f\u00f6ruts\u00e4ttningar att arbeta l\u00e5ngsiktigt med&hellip;\n","protected":false},"author":2,"featured_media":67452,"comment_status":"","ping_status":"","sticky":false,"template":"","format":"standard","meta":{"footnotes":""},"categories":[12],"tags":[22,23,26,27,17,21,24,25,28,29,15,16,18,34,31,33,32,30,19,20],"class_list":{"0":"post-82914","1":"post","2":"type-post","3":"status-publish","4":"format-standard","5":"has-post-thumbnail","7":"category-sverige","8":"tag-breaking-news","9":"tag-breakingnews","10":"tag-featured-news","11":"tag-featurednews","12":"tag-headlines","13":"tag-huvudnyheter","14":"tag-latest-news","15":"tag-latestnews","16":"tag-main-news","17":"tag-mainnews","18":"tag-news","19":"tag-nyheter","20":"tag-rubriker","21":"tag-se","22":"tag-svenska","23":"tag-sverige","24":"tag-sweden","25":"tag-swedish","26":"tag-top-stories","27":"tag-topstories"},"share_on_mastodon":{"url":"https:\/\/pubeurope.com\/@se\/115564928324767853","error":""},"_links":{"self":[{"href":"https:\/\/www.europesays.com\/se\/wp-json\/wp\/v2\/posts\/82914","targetHints":{"allow":["GET"]}}],"collection":[{"href":"https:\/\/www.europesays.com\/se\/wp-json\/wp\/v2\/posts"}],"about":[{"href":"https:\/\/www.europesays.com\/se\/wp-json\/wp\/v2\/types\/post"}],"author":[{"embeddable":true,"href":"https:\/\/www.europesays.com\/se\/wp-json\/wp\/v2\/users\/2"}],"replies":[{"embeddable":true,"href":"https:\/\/www.europesays.com\/se\/wp-json\/wp\/v2\/comments?post=82914"}],"version-history":[{"count":0,"href":"https:\/\/www.europesays.com\/se\/wp-json\/wp\/v2\/posts\/82914\/revisions"}],"wp:featuredmedia":[{"embeddable":true,"href":"https:\/\/www.europesays.com\/se\/wp-json\/wp\/v2\/media\/67452"}],"wp:attachment":[{"href":"https:\/\/www.europesays.com\/se\/wp-json\/wp\/v2\/media?parent=82914"}],"wp:term":[{"taxonomy":"category","embeddable":true,"href":"https:\/\/www.europesays.com\/se\/wp-json\/wp\/v2\/categories?post=82914"},{"taxonomy":"post_tag","embeddable":true,"href":"https:\/\/www.europesays.com\/se\/wp-json\/wp\/v2\/tags?post=82914"}],"curies":[{"name":"wp","href":"https:\/\/api.w.org\/{rel}","templated":true}]}}