{"id":82921,"date":"2025-11-17T12:04:11","date_gmt":"2025-11-17T12:04:11","guid":{"rendered":"https:\/\/www.europesays.com\/se\/82921\/"},"modified":"2025-11-17T12:04:11","modified_gmt":"2025-11-17T12:04:11","slug":"oneplus-ace-6t-officiellt-bekraftad-som-forsta-telefon-med-snapdragon-8-gen-5","status":"publish","type":"post","link":"https:\/\/www.europesays.com\/se\/82921\/","title":{"rendered":"OnePlus Ace 6T officiellt bekr\u00e4ftad som f\u00f6rsta telefon med Snapdragon 8 Gen 5"},"content":{"rendered":"<p>\t\t<a href=\"https:\/\/www.notebookcheck.se\/fileadmin\/Notebooks\/News\/_nc5\/OnePlus-Ace-6T-news-official.jpg\" data-caption=\"Teaser f\u00f6r chipsetet Snapdragon 8 Elite (Bildk\u00e4lla: Qualcomm)\" rel=\"nofollow noopener\" target=\"_blank\"><img decoding=\"async\" src=\"https:\/\/www.europesays.com\/se\/wp-content\/uploads\/2025\/11\/csm_OnePlus-Ace-6T-news-official_d3376bc66e.jpg\" loading=\"lazy\" fetchpriority=\"high\" width=\"240\" height=\"135\" alt=\"Teaser f\u00f6r chipsetet Snapdragon 8 Elite (Bildk\u00e4lla: Qualcomm)\"\/><\/a>Teaser f\u00f6r chipsetet Snapdragon 8 Elite (Bildk\u00e4lla: Qualcomm)<\/p>\n<p>OnePlus \u00e4r inst\u00e4lld p\u00e5 att ut\u00f6ka sin prestandaorienterade smartphone-serie med Ace 6T. F\u00f6retaget har bekr\u00e4ftat att den kommer att inneh\u00e5lla den nya Snapdragon 8 Gen 5-processorn. Medan den ursprungligen lanseras i Kina kan telefonen n\u00e5 globala marknader som OnePlus 15R.<\/p>\n<p class=\"bodytext\">I oktober introducerade OnePlus tv\u00e5 nya smartphones i Kina: OnePlus <a href=\"http:\/\/www.notebookcheck.net\/OnePlus-15-launches-globally-to-surprise-pricing-but-US-release-is-on-hold-for-now.1162611.0.html\" target=\"_self\" class=\"internal-link\" rel=\"nofollow noopener\">OnePlus 15<\/a> och <a href=\"http:\/\/www.notebookcheck.net\/OnePlus-Ace-6-Affordable-Redmi-K90-competitor-already-available-globally-via-import.1147875.0.html\" target=\"_self\" class=\"internal-link\" rel=\"nofollow noopener\">Ace 6<\/a>. F\u00f6retaget har nu bekr\u00e4ftat att det kommer att lansera OnePlus Ace 6T (som tidigare ryktades som <a href=\"http:\/\/www.notebookcheck.net\/OnePlus-Ace-6-Pro-Max-tipped-to-feature-8-000mAh-battery-while-weighing-only-6g-more-than-OnePlus-13.1159066.0.html\" target=\"_self\" class=\"internal-link\" rel=\"nofollow noopener\">Ace 6 Pro Max<\/a>).<\/p>\n<p class=\"bodytext\">OnePlus President Louis Lee meddelade p\u00e5 sin officiella <a href=\"https:\/\/weibo.com\/7582893032\/QeebUAklg?pagetype=profilefeed\" target=\"_blank\" class=\"external-link-new-window\" rel=\"nofollow noopener\">Weibo<\/a> konto att Ace 6T kommer att sl\u00e4ppas i november, men inget exakt utgivningsdatum har bekr\u00e4ftats. Den viktigaste h\u00f6jdpunkten p\u00e5 smarttelefonen kommer att vara <a href=\"http:\/\/www.notebookcheck.net\/Vivo-S50-series-leak-reveals-Snapdragon-8-Gen-5-and-release-timeline.1163207.0.html\" target=\"_self\" class=\"internal-link\" rel=\"nofollow noopener\">Snapdragon 8 Gen 5<\/a> processorn. F\u00f6retaget h\u00e4vdar att det kommer att vara den f\u00f6rsta telefonen som har denna avancerade chipset. F\u00f6r n\u00e4rvarande \u00e4r lite k\u00e4nt om Snapdragon 8 Gen 5. L\u00e4ckor tyder dock p\u00e5 att den kan prestera n\u00e5got b\u00e4ttre \u00e4n <a href=\"http:\/\/www.notebookcheck.net\/Qualcomm-Snapdragon-8-Elite-Processor-Benchmarks-and-Specs.908499.0.html\" target=\"_self\" class=\"internal-link\" rel=\"nofollow noopener\">Snapdragon 8 Elite<\/a> som drev f\u00f6rra \u00e5rets flaggskeppstelefoner som <a href=\"http:\/\/www.notebookcheck.net\/OnePlus-13-gains-official-LineageOS-23-support-for-those-after-a-cleaner-Android-16-experience.1157952.0.html\" target=\"_self\" class=\"internal-link\" rel=\"nofollow noopener\">OnePlus 13<\/a>.<\/p>\n<p class=\"bodytext\">Officiella kampanjaffischer antyder att batteriet kommer att vara en viktig h\u00f6jdpunkt i Ace 6T. Tidigare l\u00e4ckor pekar p\u00e5 en stor kapacitet p\u00e5 8 000 mAh. Dessutom f\u00f6resl\u00e5r den officiella kampanjaffischen att den kommer att ha en <a href=\"http:\/\/www.notebookcheck.net\/BOE-X3-display-of-OnePlus-15-detailed-ahead-of-the-phone-s-imminent-launch.1137462.0.html\" target=\"_self\" class=\"internal-link\" rel=\"nofollow noopener\">165Hz-sk\u00e4rm<\/a>. Med ett kraftfullare chipset och st\u00f6rre batteri kommer Ace 6T sannolikt att placeras \u00f6ver standardmodellen Ace 6, som lanserades till ett startpris p\u00e5 CNY 2 599 (~ $ 366).<\/p>\n<p class=\"bodytext\">N\u00e4r det g\u00e4ller den globala lanseringen \u00e4r Ace-serien vanligtvis Kina-exklusiv, \u00e4ven om vissa modeller senare lanseras globalt under olika namn. OnePlus Ace 6T kan omm\u00e4rkas som <a href=\"http:\/\/www.notebookcheck.net\/OnePlus-15R-More-affordable-alternative-to-flagship-OnePlus-15-officially-teased.1163327.0.html\" target=\"_self\" class=\"internal-link\" rel=\"nofollow noopener\">OnePlus 15R<\/a>, som tidigare retades under OnePlus 15s globala lanseringsevenemang.<\/p>\n<p>\t<a href=\"https:\/\/www.notebookcheck.se\/fileadmin\/_processed_\/a\/1\/csm_Oneplus-ace-6t-teaser_e672a40c85.jpg\" title=\"Officiell kampanjaffisch f\u00f6r Ace 6T. (Bildk\u00e4lla: OnePlus)\" data-caption=\"Officiell kampanjaffisch f\u00f6r Ace 6T. (Bildk\u00e4lla: OnePlus)\" target=\"_blank\" rel=\"nofollow noopener\"><img decoding=\"async\" src=\"https:\/\/www.europesays.com\/se\/wp-content\/uploads\/2025\/11\/csm_Oneplus-ace-6t-teaser_79d14a2cc8.jpg\" width=\"738\" height=\"1094\" alt=\"Officiell kampanjaffisch f\u00f6r Ace 6T. (Bildk\u00e4lla: OnePlus)\" loading=\"lazy\"\/><\/a>Officiell kampanjaffisch f\u00f6r Ace 6T. (Bildk\u00e4lla: OnePlus)<a href=\"\"><img decoding=\"async\" src=\"https:\/\/www.europesays.com\/se\/wp-content\/uploads\/2025\/11\/csm_huzefa-baloch_ae429363de.jpg\" loading=\"lazy\" width=\"120\" height=\"120\" alt=\"Huzefa Baloch\"\/><\/a><a href=\"\"><img decoding=\"async\" src=\"https:\/\/www.europesays.com\/se\/wp-content\/uploads\/2025\/11\/1763336113_814_csm_ninh_duy_ee54bf9777.jpg\" loading=\"lazy\" width=\"120\" height=\"120\" alt=\"Ninh Duy\"\/><\/a>Translator: <a href=\"\" class=\"j_name\">Ninh Ngoc Duy<\/a> &#8211; Editorial Assistant  &#8211; 657702 articles published on Notebookcheck since 2008<\/p>\n<p>Huzefa Baloch,\u00a02025-11-17\u00a0(Update:\u00a02025-11-17)<\/p>\n","protected":false},"excerpt":{"rendered":"Teaser f\u00f6r chipsetet Snapdragon 8 Elite (Bildk\u00e4lla: Qualcomm) OnePlus \u00e4r inst\u00e4lld p\u00e5 att ut\u00f6ka sin prestandaorienterade smartphone-serie med&hellip;\n","protected":false},"author":2,"featured_media":82922,"comment_status":"","ping_status":"","sticky":false,"template":"","format":"standard","meta":{"footnotes":""},"categories":[66],"tags":[8097,7083,7084,7085,6802,8102,8103,8096,8101,8100,7145,8099,80,78,79,34,7396,8098,31,33,32,30,81,84,83,82],"class_list":{"0":"post-82921","1":"post","2":"type-post","3":"status-publish","4":"format-standard","5":"has-post-thumbnail","7":"category-vetenskap-och-teknik","8":"tag-ace-6t","9":"tag-barbar-dator","10":"tag-laptop","11":"tag-notebook","12":"tag-oneplus","13":"tag-oneplus-15r","14":"tag-oneplus-15r-snapdragon-8-gen-5","15":"tag-oneplus-ace-6t","16":"tag-oneplus-ny-telefon","17":"tag-oneplus-enhet","18":"tag-qualcomm","19":"tag-qualcomm-snapdragon-8-gen-5","20":"tag-science","21":"tag-science-and-technology","22":"tag-scienceandtechnology","23":"tag-se","24":"tag-snapdragon","25":"tag-snapdragon-8-gen-5","26":"tag-svenska","27":"tag-sverige","28":"tag-sweden","29":"tag-swedish","30":"tag-technology","31":"tag-teknik","32":"tag-vetenskap","33":"tag-vetenskapteknik"},"share_on_mastodon":{"url":"https:\/\/pubeurope.com\/@se\/115564948137837628","error":""},"_links":{"self":[{"href":"https:\/\/www.europesays.com\/se\/wp-json\/wp\/v2\/posts\/82921","targetHints":{"allow":["GET"]}}],"collection":[{"href":"https:\/\/www.europesays.com\/se\/wp-json\/wp\/v2\/posts"}],"about":[{"href":"https:\/\/www.europesays.com\/se\/wp-json\/wp\/v2\/types\/post"}],"author":[{"embeddable":true,"href":"https:\/\/www.europesays.com\/se\/wp-json\/wp\/v2\/users\/2"}],"replies":[{"embeddable":true,"href":"https:\/\/www.europesays.com\/se\/wp-json\/wp\/v2\/comments?post=82921"}],"version-history":[{"count":0,"href":"https:\/\/www.europesays.com\/se\/wp-json\/wp\/v2\/posts\/82921\/revisions"}],"wp:featuredmedia":[{"embeddable":true,"href":"https:\/\/www.europesays.com\/se\/wp-json\/wp\/v2\/media\/82922"}],"wp:attachment":[{"href":"https:\/\/www.europesays.com\/se\/wp-json\/wp\/v2\/media?parent=82921"}],"wp:term":[{"taxonomy":"category","embeddable":true,"href":"https:\/\/www.europesays.com\/se\/wp-json\/wp\/v2\/categories?post=82921"},{"taxonomy":"post_tag","embeddable":true,"href":"https:\/\/www.europesays.com\/se\/wp-json\/wp\/v2\/tags?post=82921"}],"curies":[{"name":"wp","href":"https:\/\/api.w.org\/{rel}","templated":true}]}}